{"id":9781,"date":"2025-12-13T00:27:09","date_gmt":"2025-12-13T04:27:09","guid":{"rendered":"https:\/\/jornalregionalms.com.br\/?p=9781"},"modified":"2025-12-13T00:27:09","modified_gmt":"2025-12-13T04:27:09","slug":"verdade-prevaleceu-diz-moraes-sobre-fim-de-sancoes-dos-eua","status":"publish","type":"post","link":"https:\/\/jornalregionalms.com.br\/?p=9781","title":{"rendered":"\u201cVerdade prevaleceu\u201d, diz Moraes sobre fim de san\u00e7\u00f5es dos EUA"},"content":{"rendered":"<\/p>\n<p><a class=\"\" href=\"https:\/\/agenciabrasil.ebc.com.br\/justica\/noticia\/2025-12\/verdade-prevaleceu-diz-moraes-sobre-fim-de-sancoes\"><br \/>\n                    <img decoding=\"async\" src=\"https:\/\/cdn.jsdelivr.net\/gh\/sergiosdlima\/assets-ebc@1.0.0\/abr\/assets\/images\/logo-agenciabrasil.svg\" alt=\"Logo Ag\u00eancia Brasil\"><br \/>\n\t\t\t\t<\/a><\/p>\n<p><strong>O ministro Alexandre de Moraes, do Supremo Tribunal Federal (STF), comentou nesta sexta-feira (12) a retirada das san\u00e7\u00f5es econ\u00f4micas da Lei Magnitsky, que foram aplicadas pelo governo dos Estados Unidos contra ele, sua esposa, a advogada Viviane Barci de Moraes, e a empresa Lex &#8211; Instituto de Estudos Jur\u00eddicos, ligada \u00e0 fam\u00edlia do ministro.<\/strong><img decoding=\"async\" src=\"https:\/\/agenciabrasil.ebc.com.br\/ebc.png?id=1671992&#038;o=rss\"><img decoding=\"async\" src=\"https:\/\/agenciabrasil.ebc.com.br\/ebc.gif?id=1671992&#038;o=rss\"><\/p>\n<p>Durante o lan\u00e7amento do canal SBT News, em S\u00e3o Paulo, o ministro disse que a \u201cverdade prevaleceu\u201d e agradeceu o empenho do presidente Luiz In\u00e1cio Lula da Silva pela atua\u00e7\u00e3o da diplomacia brasileira para convencer o governo do presidente Donald Trump a revogar as medidas. Lula tamb\u00e9m estava no evento.<\/p>\n<blockquote>\n<h3>Not\u00edcias relacionadas:<\/h3>\n<ul>\n<li><a href=\"https:\/\/agenciabrasil.ebc.com.br\/internacional\/noticia\/2025-12\/eua-retiram-alexandre-de-moraes-e-esposa-de-lista-da-lei-magnitsky\">EUA retiram Alexandre de Moraes e esposa de lista da Lei Magnitsky.<\/a><\/li>\n<li><a href=\"https:\/\/agenciabrasil.ebc.com.br\/politica\/noticia\/2025-12\/politicos-e-autoridades-celebram-queda-da-lei-magnitsky-contra-moraes\">Pol\u00edticos e autoridades celebram queda da Lei Magnitsky contra Moraes.<\/a><\/li>\n<\/ul>\n<p>&#8220;A verdade venceu hoje, presidente. Em julho, quando o Supremo se reuniu na presid\u00eancia para tratar dessas san\u00e7\u00f5es contra o Poder Judici\u00e1rio brasileiro, eu pedi ao presidente que n\u00e3o ingressasse com nenhuma a\u00e7\u00e3o, que n\u00e3o tomasse nenhuma medida, porque eu acreditava que a verdade, no momento que chegasse \u00e0s autoridades norte-americanas, prevaleceria&#8221;, afirmou.\n<\/p><\/blockquote>\n<p><strong>Moraes considerou que a retirada das san\u00e7\u00f5es contra ele representa uma vit\u00f3ria\u00a0 do Judici\u00e1rio, da soberania nacional e da democracia brasileira.<\/strong><\/p>\n<blockquote>\n<p>&#8220;O Judici\u00e1rio brasileiro n\u00e3o se vergou a amea\u00e7as, coa\u00e7\u00f5es e n\u00e3o se vergar\u00e1, e continuar\u00e1 com imparcialidade, seriedade e coragem&#8221;, garantiu.<\/p>\n<\/blockquote>\n<p>O ministro tamb\u00e9m avaliou que o pa\u00eds d\u00e1 exemplo de democracia a pa\u00edses estrangeiros. &#8220;O Brasil chega ao final do ano dando exemplo de democracia e for\u00e7a institucional a todos os pa\u00edses do mundo&#8221;, completou.<\/p>\n<h2>San\u00e7\u00f5es<\/h2>\n<p><strong>As san\u00e7\u00f5es <a href=\"https:\/\/agenciabrasil.ebc.com.br\/internacional\/noticia\/2025-07\/eua-aplicam-sancao-contra-alexandre-de-moraes-por-acao-do-8-de-janeiro\">foram aplicadas em julho deste ano<\/a> ap\u00f3s o deputado federal Eduardo Bolsonaro (PL-SP), que est\u00e1 nos Estados Unidos, atuar junto ao governo do presidente Donald Trump para retaliar Moraes pelas decis\u00f5es contra Jair Bolsonaro.<\/strong><\/p>\n<p>A Lei Magnitsky <a href=\"https:\/\/agenciabrasil.ebc.com.br\/internacional\/noticia\/2025-07\/entenda-lei-magnitsky-aplicada-pelos-eua-contra-alexandre-de-moraes\">prev\u00ea o bloqueio de contas banc\u00e1rias<\/a>, ativos e aplica\u00e7\u00f5es financeiras nos Estados Unidos, a proibi\u00e7\u00e3o de transa\u00e7\u00f5es com empresas americanas que est\u00e3o no Brasil, al\u00e9m do impedimento de entrada no pa\u00eds.<\/p>\n<p>Apesar das san\u00e7\u00f5es, a medida teve impacto reduzido. Moraes\u00a0n\u00e3o tem bens nem contas em bancos sediados naquele pa\u00eds. \u00a0O ministro tamb\u00e9m n\u00e3o tem o costume de viajar para os Estados Unidos.<\/p>\n<p>No m\u00eas passado, Eduardo Bolsonaro virou\u00a0r\u00e9u no Supremo pelo crime de coa\u00e7\u00e3o no curso do processo. O parlamentar foi denunciado pela Procuradoria-Geral da Rep\u00fablica (PGR) pela atua\u00e7\u00e3o do parlamentar junto \u00e0s autoridades norte-americanas.<\/p>\n<h2>Pesar<\/h2>\n<p>Ap\u00f3s o an\u00fancio da retirada das san\u00e7\u00f5es, Eduardo e o blogueiro Paulo Figueiredo, que tamb\u00e9m \u00e9 r\u00e9u por fomentar as san\u00e7\u00f5es, declararam que receberam a not\u00edcia\u00a0 da revoga\u00e7\u00e3o com \u201cpesar\u201d.<\/p>\n<p>&#8220;Lamentamos que a sociedade brasileira, diante da janela de oportunidade que teve em m\u00e3os, n\u00e3o tenha conseguido construir a unidade pol\u00edtica necess\u00e1ria para enfrentar seus pr\u00f3prios problemas estruturais. A falta de coes\u00e3o interna e o insuficiente apoio \u00e0s iniciativas conduzidas no exterior contribu\u00edram para o agravamento da situa\u00e7\u00e3o atual&#8221;, declararam.\u00a0<\/p>\n","protected":false},"excerpt":{"rendered":"<p>O ministro Alexandre de Moraes, do Supremo Tribunal Federal (STF), comentou nesta sexta-feira (12) a retirada das san\u00e7\u00f5es econ\u00f4micas da Lei Magnitsky, que foram aplicadas pelo governo dos Estados Unidos contra ele, sua esposa, a advogada Viviane Barci de Moraes, e a empresa Lex &#8211; Instituto de Estudos Jur\u00eddicos, ligada \u00e0 fam\u00edlia do ministro. Durante [&hellip;]<\/p>\n","protected":false},"author":28,"featured_media":9782,"comment_status":"open","ping_status":"open","sticky":false,"template":"","format":"standard","meta":{"site-sidebar-layout":"default","site-content-layout":"","ast-site-content-layout":"","site-content-style":"default","site-sidebar-style":"default","ast-global-header-display":"","ast-banner-title-visibility":"","ast-main-header-display":"","ast-hfb-above-header-display":"","ast-hfb-below-header-display":"","ast-hfb-mobile-header-display":"","site-post-title":"","ast-breadcrumbs-content":"","ast-featured-img":"","footer-sml-layout":"","theme-transparent-header-meta":"","adv-header-id-meta":"","stick-header-meta":"","header-above-stick-meta":"","header-main-stick-meta":"","header-below-stick-meta":"","astra-migrate-meta-layouts":"default","ast-page-background-enabled":"default","ast-page-background-meta":{"desktop":{"background-color":"var(--ast-global-color-4)","background-image":"","background-repeat":"repeat","background-position":"center center","background-size":"auto","background-attachment":"scroll","background-type":"","background-media":"","overlay-type":"","overlay-color":"","overlay-opacity":"","overlay-gradient":""},"tablet":{"background-color":"","background-image":"","background-repeat":"repeat","background-position":"center center","background-size":"auto","background-attachment":"scroll","background-type":"","background-media":"","overlay-type":"","overlay-color":"","overlay-opacity":"","overlay-gradient":""},"mobile":{"background-color":"","background-image":"","background-repeat":"repeat","background-position":"center center","background-size":"auto","background-attachment":"scroll","background-type":"","background-media":"","overlay-type":"","overlay-color":"","overlay-opacity":"","overlay-gradient":""}},"ast-content-background-meta":{"desktop":{"background-color":"var(--ast-global-color-5)","background-image":"","background-repeat":"repeat","background-position":"center center","background-size":"auto","background-attachment":"scroll","background-type":"","background-media":"","overlay-type":"","overlay-color":"","overlay-opacity":"","overlay-gradient":""},"tablet":{"background-color":"var(--ast-global-color-5)","background-image":"","background-repeat":"repeat","background-position":"center center","background-size":"auto","background-attachment":"scroll","background-type":"","background-media":"","overlay-type":"","overlay-color":"","overlay-opacity":"","overlay-gradient":""},"mobile":{"background-color":"var(--ast-global-color-5)","background-image":"","background-repeat":"repeat","background-position":"center center","background-size":"auto","background-attachment":"scroll","background-type":"","background-media":"","overlay-type":"","overlay-color":"","overlay-opacity":"","overlay-gradient":""}},"footnotes":""},"categories":[1],"tags":[],"class_list":["post-9781","post","type-post","status-publish","format-standard","has-post-thumbnail","hentry","category-sem-categoria"],"_links":{"self":[{"href":"https:\/\/jornalregionalms.com.br\/index.php?rest_route=\/wp\/v2\/posts\/9781","targetHints":{"allow":["GET"]}}],"collection":[{"href":"https:\/\/jornalregionalms.com.br\/index.php?rest_route=\/wp\/v2\/posts"}],"about":[{"href":"https:\/\/jornalregionalms.com.br\/index.php?rest_route=\/wp\/v2\/types\/post"}],"author":[{"embeddable":true,"href":"https:\/\/jornalregionalms.com.br\/index.php?rest_route=\/wp\/v2\/users\/28"}],"replies":[{"embeddable":true,"href":"https:\/\/jornalregionalms.com.br\/index.php?rest_route=%2Fwp%2Fv2%2Fcomments&post=9781"}],"version-history":[{"count":0,"href":"https:\/\/jornalregionalms.com.br\/index.php?rest_route=\/wp\/v2\/posts\/9781\/revisions"}],"wp:featuredmedia":[{"embeddable":true,"href":"https:\/\/jornalregionalms.com.br\/index.php?rest_route=\/wp\/v2\/media\/9782"}],"wp:attachment":[{"href":"https:\/\/jornalregionalms.com.br\/index.php?rest_route=%2Fwp%2Fv2%2Fmedia&parent=9781"}],"wp:term":[{"taxonomy":"category","embeddable":true,"href":"https:\/\/jornalregionalms.com.br\/index.php?rest_route=%2Fwp%2Fv2%2Fcategories&post=9781"},{"taxonomy":"post_tag","embeddable":true,"href":"https:\/\/jornalregionalms.com.br\/index.php?rest_route=%2Fwp%2Fv2%2Ftags&post=9781"}],"curies":[{"name":"wp","href":"https:\/\/api.w.org\/{rel}","templated":true}]}}