{"id":9733,"date":"2025-12-11T23:29:43","date_gmt":"2025-12-12T03:29:43","guid":{"rendered":"https:\/\/jornalregionalms.com.br\/?p=9733"},"modified":"2025-12-11T23:29:43","modified_gmt":"2025-12-12T03:29:43","slug":"ha-dois-dias-sem-luz-moradores-de-sao-paulo-se-adaptam-e-protestam","status":"publish","type":"post","link":"https:\/\/jornalregionalms.com.br\/?p=9733","title":{"rendered":"H\u00e1 dois dias sem luz, moradores de S\u00e3o Paulo se adaptam e protestam"},"content":{"rendered":"<\/p>\n<p><a class=\"\" href=\"https:\/\/agenciabrasil.ebc.com.br\/geral\/noticia\/2025-12\/ha-dois-dias-sem-luz-moradores-de-sao-paulo-se-adaptam-e-protestam\"><br \/>\n                    <img decoding=\"async\" src=\"https:\/\/cdn.jsdelivr.net\/gh\/sergiosdlima\/assets-ebc@1.0.0\/abr\/assets\/images\/logo-agenciabrasil.svg\" alt=\"Logo Ag\u00eancia Brasil\"><br \/>\n\t\t\t\t<\/a><\/p>\n<p><strong>As cidades da regi\u00e3o metropolitana de S\u00e3o Paulo <a href=\"https:\/\/agenciabrasil.ebc.com.br\/geral\/noticia\/2025-12\/mais-de-13-milhao-de-imoveis-continuam-sem-energia-eletrica-em-SP\">enfrentam um apag\u00e3o desde ter\u00e7a-feira<\/a>, com pouco mais de 10% dos moradores sem energia el\u00e9trica ap\u00f3s a passagem de um ciclone com ventos superiores a 100km\/h.<\/strong><img decoding=\"async\" src=\"https:\/\/agenciabrasil.ebc.com.br\/ebc.png?id=1671891&#038;o=rss\"><img decoding=\"async\" src=\"https:\/\/agenciabrasil.ebc.com.br\/ebc.gif?id=1671891&#038;o=rss\"><\/p>\n<p><strong>No come\u00e7o da noite de hoje, um grupo de moradores de um bairro \u00e0s margens da Via Anhanguera, conhecido como \u201cVila da Biquinha\u201d, na altura do km 19, na regi\u00e3o do Pico do Jaragu\u00e1, zona norte da capital paulista, interditou completamente a via no sentido capital. <\/strong>O protesto come\u00e7ou por volta das 19h.\u00a0<\/p>\n<\/p>\n<h3>Not\u00edcias relacionadas:<\/h3>\n<ul>\n<li><a href=\"https:\/\/agenciabrasil.ebc.com.br\/geral\/noticia\/2025-12\/mais-de-13-milhao-de-imoveis-continuam-sem-energia-eletrica-em-SP\">Mais de 1,3 milh\u00e3o de im\u00f3veis continuam sem energia el\u00e9trica em SP.<\/a><\/li>\n<li><a href=\"https:\/\/agenciabrasil.ebc.com.br\/geral\/noticia\/2025-12\/sao-paulo-tem-mais-de-200-voos-afetados-por-ventos\">S\u00e3o Paulo tem mais de 200 voos afetados por ventos.<\/a><\/li>\n<\/ul>\n<p>A professora de cursos profissionais Leila Lasnaux mora no outro extremo da cidade, no Jardim Orly, zona sul. <strong>Sem luz desde as 10h da quarta-feira, ela resume a situa\u00e7\u00e3o como de caos. <\/strong>A maior dificuldade de sua fam\u00edlia, de quatro pessoas, \u00e9 com a perda de alimentos.<\/p>\n<p>No Jardim Orly o problema come\u00e7ou com uma \u00e1rvore que caiu, derrubando fios, algumas ruas abaixo da de Leila. A Enel compareceu ontem ao local, mas ficou pouco tempo e n\u00e3o realizou reparos. Segundo vizinhos, a empresa informou que n\u00e3o foram feitos os reparos por falta de remo\u00e7\u00e3o da \u00e1rvore, por parte da prefeitura. A \u00e1rvore permanecia no local at\u00e9 as 18h desta quinta-feira (11).\u00a0<\/p>\n<p>N\u00e3o \u00e9 o primeiro apag\u00e3o de Leila. Em novembro do ano passado, a regi\u00e3o ficou cinco dias sem energia. &#8220;Foi um caos tamb\u00e9m, a\u00ed s\u00f3 resolveu depois que foi pra imprensa quando foi pra TV a\u00ed eles tomaram a provid\u00eancia e o nosso receio \u00e9 se vai voltar a acontecer a mesma coisa&#8221;, explicou.<\/p>\n<p>A fam\u00edlia tamb\u00e9m teve de se reorganizar. A casa tem port\u00e3o el\u00e9trico, o que dificulta as movimenta\u00e7\u00f5es com o carro, que tem passado os dias fora. Perdeu alimentos, em especial peixe e carnes, mas j\u00e1 come\u00e7a a perder tamb\u00e9m verduras. Hoje j\u00e1 precisaram almo\u00e7ar fora, levando tamb\u00e9m seus pais, que moram na mesma rua e, idosos, t\u00eam alimenta\u00e7\u00e3o restrita.<\/p>\n<blockquote>\n<p>&#8220;A gente achava que ia ser regularizado. A Enel estava dizendo no primeiro momento que em 15 horas ia consertar a energia, depois passou para 18 e isso foi protelando e no final, enfim, ainda n\u00e3o resolveu. Para o celular estar funcionando, a gente teve que adquirir um gerador, a gasolina, mas ele \u00e9 uma pot\u00eancia baixa, ent\u00e3o a gente consegue carregando os celulares, tentando dar uma carga aqui na geladeira, mas n\u00e3o \u00e9 o suficiente&#8221;, complementa Leila.<\/p>\n<\/blockquote>\n<p><strong>A alimenta\u00e7\u00e3o tamb\u00e9m \u00e9 preocupa\u00e7\u00e3o da roteirista Erica Chaves, moradora do Butant\u00e3. <\/strong>Ela est\u00e1 sem luz desde as 12h de quarta (10). &#8220;Estava chegando em casa, do mercado, e descobri a casa sem luz. Tinha feito a compra da semana, com carne, peixe, iogurtes, e agora tento alternativas para n\u00e3o perder tudo&#8221;, conta.<\/p>\n<p>Diferente da situa\u00e7\u00e3o de Leila, Erica n\u00e3o sabe onde est\u00e1 o problema. Segundo ela, n\u00e3o h\u00e1 \u00e1rvore ca\u00edda nem transformador queimado. A Enel mudou sua previs\u00e3o de reparos ao menos cinco\u00a0vezes em 24 horas. Ela estava sem condi\u00e7\u00f5es de carregar um celular, o que j\u00e1 se mostrou um problema na manh\u00e3 desta quinta.<\/p>\n<blockquote>\n<p>&#8220;Com a previs\u00e3o de retorno para as 10h, aguardamos. Eu tinha uma reuni\u00e3o \u00e0s 11h. 10h10 tive de sair de casa para buscar uma alternativa e carregar meu celular. Passei por uma base da Guarda Municipal, tamb\u00e9m sem luz. Andei quatro quarteir\u00f5es at\u00e9 encontrar um vizinho, chegando em uma casa que tinha energia, e que me permitiu carregar o suficiente para manter meu compromisso. O pior para mim foi esse descaso, esse desamparo, pois as previs\u00f5es simplesmente n\u00e3o se cumprem, e a\u00ed n\u00e3o h\u00e1 planejamento poss\u00edvel&#8221;, reclama Erica.<\/p>\n<\/blockquote>\n<p>O abastecimento por geradores tamb\u00e9m come\u00e7a a enfrentar problemas.\u00a0Moradora do bairro Raposo Tavares, a s\u00edndica profissional Regina Mantovani tamb\u00e9m assiste a mudan\u00e7a de previs\u00f5es desde o meio da tarde de quarta-feira. O condom\u00ednio em que mora e no qual \u00e9 s\u00edndica de uma das sete torres est\u00e1 com falta de energia, afetando \u00e1reas comuns e quase mil unidades. As torres funcionam com geradores a diesel, por\u00e9m houve grande dificuldade em conseguir o combust\u00edvel para mant\u00ea-los funcionando.<\/p>\n<blockquote>\n<p>&#8220;Os moradores \u00e0s vezes acabam achando que a culpa \u00e9 nossa ou que n\u00e3o estamos tomando provid\u00eancias. Hoje eu j\u00e1 fiz umas tr\u00eas viagens para comprar combust\u00edvel, para trazer aqui para o nosso gerador. Andei em tr\u00eas, quatro postos na regi\u00e3o aqui. N\u00e3o \u00e9 que est\u00e1 faltando combust\u00edvel. Como n\u00e3o tem energia, ent\u00e3o eles n\u00e3o t\u00eam como mexer a bomba para abastecer para a gente. Como nosso gal\u00e3o \u00e9 de 25 litros, ele suporta duas horas&#8221;, explica a gestora<\/p>\n<\/blockquote>\n<p>Ela diz\u00a0que tamb\u00e9m enfrenta dificuldades, pois n\u00e3o tem estabilidade na internet que usa para trabalhar de seu apartamento.<\/p>\n<p>&#8220;Cada vez que a gente liga para a Enel e faz protocolo eles d\u00e3o uma previs\u00e3o. Agora, pelo jeito, parece que \u00e9 s\u00f3 meia-noite (do dia 12) que ir\u00e3o arrumar. Se a empresa vier aqui \u00e9 preciso apenas de dois minutos, porque \u00e9 s\u00f3 ele ligar uma chave l\u00e1 em cima (no transformador). Mas tem hora que eles nem atendem mais a gente, ent\u00e3o prejudica&#8221;, conta Mantovani.<\/p>\n<p>A <strong>Ag\u00eancia Brasil <\/strong>questionou a Enel sobre a demora no atendimento nos tr\u00eas bairros, sem sucesso. At\u00e9 a conclus\u00e3o dessa reportagem n\u00e3o houve retorno por parte da concession\u00e1ria.\u00a0<\/p>\n","protected":false},"excerpt":{"rendered":"<p>As cidades da regi\u00e3o metropolitana de S\u00e3o Paulo enfrentam um apag\u00e3o desde ter\u00e7a-feira, com pouco mais de 10% dos moradores sem energia el\u00e9trica ap\u00f3s a passagem de um ciclone com ventos superiores a 100km\/h. No come\u00e7o da noite de hoje, um grupo de moradores de um bairro \u00e0s margens da Via Anhanguera, conhecido como \u201cVila [&hellip;]<\/p>\n","protected":false},"author":239,"featured_media":9734,"comment_status":"open","ping_status":"open","sticky":false,"template":"","format":"standard","meta":{"site-sidebar-layout":"default","site-content-layout":"","ast-site-content-layout":"","site-content-style":"default","site-sidebar-style":"default","ast-global-header-display":"","ast-banner-title-visibility":"","ast-main-header-display":"","ast-hfb-above-header-display":"","ast-hfb-below-header-display":"","ast-hfb-mobile-header-display":"","site-post-title":"","ast-breadcrumbs-content":"","ast-featured-img":"","footer-sml-layout":"","theme-transparent-header-meta":"","adv-header-id-meta":"","stick-header-meta":"","header-above-stick-meta":"","header-main-stick-meta":"","header-below-stick-meta":"","astra-migrate-meta-layouts":"default","ast-page-background-enabled":"default","ast-page-background-meta":{"desktop":{"background-color":"var(--ast-global-color-4)","background-image":"","background-repeat":"repeat","background-position":"center center","background-size":"auto","background-attachment":"scroll","background-type":"","background-media":"","overlay-type":"","overlay-color":"","overlay-opacity":"","overlay-gradient":""},"tablet":{"background-color":"","background-image":"","background-repeat":"repeat","background-position":"center center","background-size":"auto","background-attachment":"scroll","background-type":"","background-media":"","overlay-type":"","overlay-color":"","overlay-opacity":"","overlay-gradient":""},"mobile":{"background-color":"","background-image":"","background-repeat":"repeat","background-position":"center center","background-size":"auto","background-attachment":"scroll","background-type":"","background-media":"","overlay-type":"","overlay-color":"","overlay-opacity":"","overlay-gradient":""}},"ast-content-background-meta":{"desktop":{"background-color":"var(--ast-global-color-5)","background-image":"","background-repeat":"repeat","background-position":"center center","background-size":"auto","background-attachment":"scroll","background-type":"","background-media":"","overlay-type":"","overlay-color":"","overlay-opacity":"","overlay-gradient":""},"tablet":{"background-color":"var(--ast-global-color-5)","background-image":"","background-repeat":"repeat","background-position":"center center","background-size":"auto","background-attachment":"scroll","background-type":"","background-media":"","overlay-type":"","overlay-color":"","overlay-opacity":"","overlay-gradient":""},"mobile":{"background-color":"var(--ast-global-color-5)","background-image":"","background-repeat":"repeat","background-position":"center center","background-size":"auto","background-attachment":"scroll","background-type":"","background-media":"","overlay-type":"","overlay-color":"","overlay-opacity":"","overlay-gradient":""}},"footnotes":""},"categories":[1],"tags":[],"class_list":["post-9733","post","type-post","status-publish","format-standard","has-post-thumbnail","hentry","category-sem-categoria"],"_links":{"self":[{"href":"https:\/\/jornalregionalms.com.br\/index.php?rest_route=\/wp\/v2\/posts\/9733","targetHints":{"allow":["GET"]}}],"collection":[{"href":"https:\/\/jornalregionalms.com.br\/index.php?rest_route=\/wp\/v2\/posts"}],"about":[{"href":"https:\/\/jornalregionalms.com.br\/index.php?rest_route=\/wp\/v2\/types\/post"}],"author":[{"embeddable":true,"href":"https:\/\/jornalregionalms.com.br\/index.php?rest_route=\/wp\/v2\/users\/239"}],"replies":[{"embeddable":true,"href":"https:\/\/jornalregionalms.com.br\/index.php?rest_route=%2Fwp%2Fv2%2Fcomments&post=9733"}],"version-history":[{"count":0,"href":"https:\/\/jornalregionalms.com.br\/index.php?rest_route=\/wp\/v2\/posts\/9733\/revisions"}],"wp:featuredmedia":[{"embeddable":true,"href":"https:\/\/jornalregionalms.com.br\/index.php?rest_route=\/wp\/v2\/media\/9734"}],"wp:attachment":[{"href":"https:\/\/jornalregionalms.com.br\/index.php?rest_route=%2Fwp%2Fv2%2Fmedia&parent=9733"}],"wp:term":[{"taxonomy":"category","embeddable":true,"href":"https:\/\/jornalregionalms.com.br\/index.php?rest_route=%2Fwp%2Fv2%2Fcategories&post=9733"},{"taxonomy":"post_tag","embeddable":true,"href":"https:\/\/jornalregionalms.com.br\/index.php?rest_route=%2Fwp%2Fv2%2Ftags&post=9733"}],"curies":[{"name":"wp","href":"https:\/\/api.w.org\/{rel}","templated":true}]}}