{"id":9521,"date":"2025-12-08T21:27:09","date_gmt":"2025-12-09T01:27:09","guid":{"rendered":"https:\/\/jornalregionalms.com.br\/?p=9521"},"modified":"2025-12-08T21:27:09","modified_gmt":"2025-12-09T01:27:09","slug":"programacao-natalina-em-salvador-tem-desfiles-e-show-de-roberto-carlos","status":"publish","type":"post","link":"https:\/\/jornalregionalms.com.br\/?p=9521","title":{"rendered":"Programa\u00e7\u00e3o natalina em Salvador tem desfiles e show de Roberto Carlos"},"content":{"rendered":"<p>O per\u00edodo natalino est\u00e1 oficialmente aberto em\u00a0Salvador. O Centro Hist\u00f3rico da capital baiana vai ser o palco principal de diversas atra\u00e7\u00f5es gratuitas, como desfiles e apresenta\u00e7\u00f5es musicais, al\u00e9m da decora\u00e7\u00e3o que conta com vilas natalinas. A programa\u00e7\u00e3o segue at\u00e9 6 de janeiro de 2026.<img decoding=\"async\" src=\"https:\/\/agenciabrasil.ebc.com.br\/ebc.png?id=1671299&#038;o=rss\"><img decoding=\"async\" src=\"https:\/\/agenciabrasil.ebc.com.br\/ebc.gif?id=1671299&#038;o=rss\"><\/p>\n<p>A prefeitura de\u00a0Salvador\u00a0definiu que o tema deste ano \u00e9 \u201cNatal de Luz na Cidade que Brilha o Ano Inteiro\u201d.<\/p>\n<p>Uma das novidades \u00e9 um corredor de luz com mais de 1km que est\u00e1 localizado na Avenida Sete de Setembro.<\/p>\n<p>A Rua Chile, a primeira rua fundada no Brasil, vai ter um t\u00fanel de som e luz com quase 400 metros e mais de 25 milh\u00f5es de microl\u00e2mpadas.<\/p>\n<p>O desfile \u201cCorte Soteropolitana do Menino Jesus\u201d vai acontecer no Centro Hist\u00f3rico nos dias 13, 14, 19, 20 e 21 deste m\u00eas, com quatro carros aleg\u00f3ricos e cerca de 800 participantes.<\/p>\n<p>A tradicional \u00e1rvore de Natal de 18 metros est\u00e1 instalada na pra\u00e7a Terreiro de Jesus.<\/p>\n<p>Na Pra\u00e7a Municipal, o Palco Anuncia\u00e7\u00e3o vai receber coros e orquestras \u00e0s cinco da tarde, at\u00e9 25 de dezembro. No Palco Esperan\u00e7a, corais das escolas municipais v\u00e3o se apresentar tamb\u00e9m \u00e0s cinco da tarde, a partir desta ter\u00e7a-feira.<\/p>\n<p>Ainda no dia 25, na Arena O Canto da Cidade, na Boca do Rio, o sacerdote Frei Gilson vai realizar a Santa Missa \u00e0s sete da noite. No dia seguinte, no mesmo local, o cantor Roberto Carlos vai subir ao palco em um show gratuito.<\/p>\n<p>*Com supervis\u00e3o de Bianca Paiva<\/p>\n<p>  <span class=\"hms hms-format-m-ss\">1:27<\/span><\/p>\n","protected":false},"excerpt":{"rendered":"<p>O per\u00edodo natalino est\u00e1 oficialmente aberto em\u00a0Salvador. O Centro Hist\u00f3rico da capital baiana vai ser o palco principal de diversas atra\u00e7\u00f5es gratuitas, como desfiles e apresenta\u00e7\u00f5es musicais, al\u00e9m da decora\u00e7\u00e3o que conta com vilas natalinas. A programa\u00e7\u00e3o segue at\u00e9 6 de janeiro de 2026. A prefeitura de\u00a0Salvador\u00a0definiu que o tema deste ano \u00e9 \u201cNatal de [&hellip;]<\/p>\n","protected":false},"author":41,"featured_media":9522,"comment_status":"open","ping_status":"open","sticky":false,"template":"","format":"standard","meta":{"site-sidebar-layout":"default","site-content-layout":"","ast-site-content-layout":"","site-content-style":"default","site-sidebar-style":"default","ast-global-header-display":"","ast-banner-title-visibility":"","ast-main-header-display":"","ast-hfb-above-header-display":"","ast-hfb-below-header-display":"","ast-hfb-mobile-header-display":"","site-post-title":"","ast-breadcrumbs-content":"","ast-featured-img":"","footer-sml-layout":"","theme-transparent-header-meta":"","adv-header-id-meta":"","stick-header-meta":"","header-above-stick-meta":"","header-main-stick-meta":"","header-below-stick-meta":"","astra-migrate-meta-layouts":"default","ast-page-background-enabled":"default","ast-page-background-meta":{"desktop":{"background-color":"var(--ast-global-color-4)","background-image":"","background-repeat":"repeat","background-position":"center center","background-size":"auto","background-attachment":"scroll","background-type":"","background-media":"","overlay-type":"","overlay-color":"","overlay-opacity":"","overlay-gradient":""},"tablet":{"background-color":"","background-image":"","background-repeat":"repeat","background-position":"center center","background-size":"auto","background-attachment":"scroll","background-type":"","background-media":"","overlay-type":"","overlay-color":"","overlay-opacity":"","overlay-gradient":""},"mobile":{"background-color":"","background-image":"","background-repeat":"repeat","background-position":"center center","background-size":"auto","background-attachment":"scroll","background-type":"","background-media":"","overlay-type":"","overlay-color":"","overlay-opacity":"","overlay-gradient":""}},"ast-content-background-meta":{"desktop":{"background-color":"var(--ast-global-color-5)","background-image":"","background-repeat":"repeat","background-position":"center center","background-size":"auto","background-attachment":"scroll","background-type":"","background-media":"","overlay-type":"","overlay-color":"","overlay-opacity":"","overlay-gradient":""},"tablet":{"background-color":"var(--ast-global-color-5)","background-image":"","background-repeat":"repeat","background-position":"center center","background-size":"auto","background-attachment":"scroll","background-type":"","background-media":"","overlay-type":"","overlay-color":"","overlay-opacity":"","overlay-gradient":""},"mobile":{"background-color":"var(--ast-global-color-5)","background-image":"","background-repeat":"repeat","background-position":"center center","background-size":"auto","background-attachment":"scroll","background-type":"","background-media":"","overlay-type":"","overlay-color":"","overlay-opacity":"","overlay-gradient":""}},"footnotes":""},"categories":[1],"tags":[],"class_list":["post-9521","post","type-post","status-publish","format-standard","has-post-thumbnail","hentry","category-sem-categoria"],"_links":{"self":[{"href":"https:\/\/jornalregionalms.com.br\/index.php?rest_route=\/wp\/v2\/posts\/9521","targetHints":{"allow":["GET"]}}],"collection":[{"href":"https:\/\/jornalregionalms.com.br\/index.php?rest_route=\/wp\/v2\/posts"}],"about":[{"href":"https:\/\/jornalregionalms.com.br\/index.php?rest_route=\/wp\/v2\/types\/post"}],"author":[{"embeddable":true,"href":"https:\/\/jornalregionalms.com.br\/index.php?rest_route=\/wp\/v2\/users\/41"}],"replies":[{"embeddable":true,"href":"https:\/\/jornalregionalms.com.br\/index.php?rest_route=%2Fwp%2Fv2%2Fcomments&post=9521"}],"version-history":[{"count":0,"href":"https:\/\/jornalregionalms.com.br\/index.php?rest_route=\/wp\/v2\/posts\/9521\/revisions"}],"wp:featuredmedia":[{"embeddable":true,"href":"https:\/\/jornalregionalms.com.br\/index.php?rest_route=\/wp\/v2\/media\/9522"}],"wp:attachment":[{"href":"https:\/\/jornalregionalms.com.br\/index.php?rest_route=%2Fwp%2Fv2%2Fmedia&parent=9521"}],"wp:term":[{"taxonomy":"category","embeddable":true,"href":"https:\/\/jornalregionalms.com.br\/index.php?rest_route=%2Fwp%2Fv2%2Fcategories&post=9521"},{"taxonomy":"post_tag","embeddable":true,"href":"https:\/\/jornalregionalms.com.br\/index.php?rest_route=%2Fwp%2Fv2%2Ftags&post=9521"}],"curies":[{"name":"wp","href":"https:\/\/api.w.org\/{rel}","templated":true}]}}