{"id":9507,"date":"2025-12-08T08:29:21","date_gmt":"2025-12-08T12:29:21","guid":{"rendered":"https:\/\/jornalregionalms.com.br\/?p=9507"},"modified":"2025-12-08T08:29:21","modified_gmt":"2025-12-08T12:29:21","slug":"casarao-desaba-no-bairro-do-catete-no-rio-e-deixa-varios-feridos","status":"publish","type":"post","link":"https:\/\/jornalregionalms.com.br\/?p=9507","title":{"rendered":"Casar\u00e3o desaba no bairro do Catete, no Rio, e deixa v\u00e1rios feridos"},"content":{"rendered":"<p><strong>Um casar\u00e3o desabou no fim da madrugada desta segunda-feira (8), no bairro do Catete, na zona sul do Rio de Janeiro, deixando v\u00e1rias pessoas feridas. De acordo com o Corpo de Bombeiros, o desabamento ocorreu na Rua Tavares Bastos, esquina com a Rua Bento Lisboa.<\/strong><img decoding=\"async\" src=\"https:\/\/agenciabrasil.ebc.com.br\/ebc.png?id=1671219&#038;o=rss\"><img decoding=\"async\" src=\"https:\/\/agenciabrasil.ebc.com.br\/ebc.gif?id=1671219&#038;o=rss\"><\/p>\n<p>Uma equipe da corpora\u00e7\u00e3o j\u00e1 resgatou 16 moradores, a maioria com ferimentos leves. Os bombeiros ainda trabalham no local, pois h\u00e1 suspeita de uma pessoa sob os escombros. \u00a0<\/p>\n<p>At\u00e9 o momento, 16 pessoas foram resgatadas, a maioria com ferimentos leves. H\u00e1 suspeita de que ainda exista ao menos uma v\u00edtima sob os escombros.<\/p>\n<p><strong>Os bombeiros trabalham com o apoio de c\u00e3es e drones equipados com c\u00e2meras t\u00e9rmicas, fundamentais para auxiliar na localiza\u00e7\u00e3o.<\/strong><\/p>\n<p>A Defesa Civil do munic\u00edpio tamb\u00e9m est\u00e1 na \u00e1rea do desabamento para avaliar os danos estruturais do pr\u00e9dio e as condi\u00e7\u00f5es das edifica\u00e7\u00f5es vizinhas.<\/p>\n","protected":false},"excerpt":{"rendered":"<p>Um casar\u00e3o desabou no fim da madrugada desta segunda-feira (8), no bairro do Catete, na zona sul do Rio de Janeiro, deixando v\u00e1rias pessoas feridas. De acordo com o Corpo de Bombeiros, o desabamento ocorreu na Rua Tavares Bastos, esquina com a Rua Bento Lisboa. Uma equipe da corpora\u00e7\u00e3o j\u00e1 resgatou 16 moradores, a maioria [&hellip;]<\/p>\n","protected":false},"author":1,"featured_media":9508,"comment_status":"open","ping_status":"open","sticky":false,"template":"","format":"standard","meta":{"site-sidebar-layout":"default","site-content-layout":"","ast-site-content-layout":"","site-content-style":"default","site-sidebar-style":"default","ast-global-header-display":"","ast-banner-title-visibility":"","ast-main-header-display":"","ast-hfb-above-header-display":"","ast-hfb-below-header-display":"","ast-hfb-mobile-header-display":"","site-post-title":"","ast-breadcrumbs-content":"","ast-featured-img":"","footer-sml-layout":"","theme-transparent-header-meta":"","adv-header-id-meta":"","stick-header-meta":"","header-above-stick-meta":"","header-main-stick-meta":"","header-below-stick-meta":"","astra-migrate-meta-layouts":"default","ast-page-background-enabled":"default","ast-page-background-meta":{"desktop":{"background-color":"var(--ast-global-color-4)","background-image":"","background-repeat":"repeat","background-position":"center center","background-size":"auto","background-attachment":"scroll","background-type":"","background-media":"","overlay-type":"","overlay-color":"","overlay-opacity":"","overlay-gradient":""},"tablet":{"background-color":"","background-image":"","background-repeat":"repeat","background-position":"center center","background-size":"auto","background-attachment":"scroll","background-type":"","background-media":"","overlay-type":"","overlay-color":"","overlay-opacity":"","overlay-gradient":""},"mobile":{"background-color":"","background-image":"","background-repeat":"repeat","background-position":"center center","background-size":"auto","background-attachment":"scroll","background-type":"","background-media":"","overlay-type":"","overlay-color":"","overlay-opacity":"","overlay-gradient":""}},"ast-content-background-meta":{"desktop":{"background-color":"var(--ast-global-color-5)","background-image":"","background-repeat":"repeat","background-position":"center center","background-size":"auto","background-attachment":"scroll","background-type":"","background-media":"","overlay-type":"","overlay-color":"","overlay-opacity":"","overlay-gradient":""},"tablet":{"background-color":"var(--ast-global-color-5)","background-image":"","background-repeat":"repeat","background-position":"center center","background-size":"auto","background-attachment":"scroll","background-type":"","background-media":"","overlay-type":"","overlay-color":"","overlay-opacity":"","overlay-gradient":""},"mobile":{"background-color":"var(--ast-global-color-5)","background-image":"","background-repeat":"repeat","background-position":"center center","background-size":"auto","background-attachment":"scroll","background-type":"","background-media":"","overlay-type":"","overlay-color":"","overlay-opacity":"","overlay-gradient":""}},"footnotes":""},"categories":[1],"tags":[],"class_list":["post-9507","post","type-post","status-publish","format-standard","has-post-thumbnail","hentry","category-sem-categoria"],"_links":{"self":[{"href":"https:\/\/jornalregionalms.com.br\/index.php?rest_route=\/wp\/v2\/posts\/9507","targetHints":{"allow":["GET"]}}],"collection":[{"href":"https:\/\/jornalregionalms.com.br\/index.php?rest_route=\/wp\/v2\/posts"}],"about":[{"href":"https:\/\/jornalregionalms.com.br\/index.php?rest_route=\/wp\/v2\/types\/post"}],"author":[{"embeddable":true,"href":"https:\/\/jornalregionalms.com.br\/index.php?rest_route=\/wp\/v2\/users\/1"}],"replies":[{"embeddable":true,"href":"https:\/\/jornalregionalms.com.br\/index.php?rest_route=%2Fwp%2Fv2%2Fcomments&post=9507"}],"version-history":[{"count":0,"href":"https:\/\/jornalregionalms.com.br\/index.php?rest_route=\/wp\/v2\/posts\/9507\/revisions"}],"wp:featuredmedia":[{"embeddable":true,"href":"https:\/\/jornalregionalms.com.br\/index.php?rest_route=\/wp\/v2\/media\/9508"}],"wp:attachment":[{"href":"https:\/\/jornalregionalms.com.br\/index.php?rest_route=%2Fwp%2Fv2%2Fmedia&parent=9507"}],"wp:term":[{"taxonomy":"category","embeddable":true,"href":"https:\/\/jornalregionalms.com.br\/index.php?rest_route=%2Fwp%2Fv2%2Fcategories&post=9507"},{"taxonomy":"post_tag","embeddable":true,"href":"https:\/\/jornalregionalms.com.br\/index.php?rest_route=%2Fwp%2Fv2%2Ftags&post=9507"}],"curies":[{"name":"wp","href":"https:\/\/api.w.org\/{rel}","templated":true}]}}