{"id":9501,"date":"2025-12-08T08:29:10","date_gmt":"2025-12-08T12:29:10","guid":{"rendered":"https:\/\/jornalregionalms.com.br\/?p=9501"},"modified":"2025-12-08T08:29:10","modified_gmt":"2025-12-08T12:29:10","slug":"cnu-ocorre-sem-problemas-e-80-dos-candidatos-comparecem-a-prova","status":"publish","type":"post","link":"https:\/\/jornalregionalms.com.br\/?p=9501","title":{"rendered":"CNU ocorre sem problemas e 80% dos candidatos comparecem \u00e0 prova"},"content":{"rendered":"<\/p>\n<p><a class=\"\" href=\"https:\/\/agenciabrasil.ebc.com.br\/economia\/noticia\/2025-12\/cnu-ocorre-sem-problemas-e-80-dos-candidatos-comparecem-prova\"><br \/>\n                    <img decoding=\"async\" src=\"https:\/\/cdn.jsdelivr.net\/gh\/sergiosdlima\/assets-ebc@1.0.0\/abr\/assets\/images\/logo-agenciabrasil.svg\" alt=\"Logo Ag\u00eancia Brasil\"><br \/>\n\t\t\t\t<\/a><\/p>\n<p>A prova discursiva da segunda edi\u00e7\u00e3o do Concurso P\u00fablico Nacional Unificado (CNU 2025) foi aplicada neste domingo (7) para 42 mil candidatos em 228 munic\u00edpios. O certame\u00a0oferece 3.652 vagas para 32 \u00f3rg\u00e3os p\u00fablicos.\u00a0<img decoding=\"async\" src=\"https:\/\/agenciabrasil.ebc.com.br\/ebc.png?id=1671215&#038;o=rss\"><img decoding=\"async\" src=\"https:\/\/agenciabrasil.ebc.com.br\/ebc.gif?id=1671215&#038;o=rss\"><\/p>\n<p><strong>Do\u00a0total de inscritos, 80% compareceram \u00e0s provas, sendo de 20% a absten\u00e7\u00e3o total do CNU 2025, ou seja, 8,5 mil candidatos que passaram na primeira prova\u00a0n\u00e3o compareceram \u00e0\u00a0discursiva<\/strong>. Na primeira etapa do concurso, em setembro, a aus\u00eancia foi de 42,8%. \u00a0<\/p>\n<\/p>\n<h3>Not\u00edcias relacionadas:<\/h3>\n<ul>\n<li><a href=\"https:\/\/agenciabrasil.ebc.com.br\/geral\/noticia\/2025-11\/cnu-1-governo-convoca-39-mil-aprovados-para-vagas-em-orgaos-federais\">CNU 1: Governo convoca 3,9 mil aprovados para vagas em \u00f3rg\u00e3os federais.<\/a><\/li>\n<li><a href=\"https:\/\/agenciabrasil.ebc.com.br\/concursos\/noticia\/2025-11\/concurso-do-tcu-oferece-20-vagas-e-recebe-inscricoes-ate-3-de-dezembro\">Concurso do TCU oferece 20 vagas e recebe inscri\u00e7\u00f5es at\u00e9 3 de dezembro.<\/a><\/li>\n<\/ul>\n<p>Os resultados preliminares com o espelho da corre\u00e7\u00e3o da prova de hoje ser\u00e3o publicados no dia 23 de janeiro. Os\u00a0recursos poder\u00e3o ser apresentados entre 26 e 27 de janeiro.\u00a0<\/p>\n<p>A lista dos aprovados est\u00e1 prevista para ser publicada no dia 20 de fevereiro.\u00a0<\/p>\n<p><strong>Em entrevista coletiva, ap\u00f3s o final da prova\u00a0em Bras\u00edlia, a ministra da Gest\u00e3o e Inova\u00e7\u00e3o (MGI), Esther Dweck, comemorou o sucesso na aplica\u00e7\u00e3o do exame.<\/strong><\/p>\n<blockquote>\n<p>\u201cAs provas chegaram nos locais sem nenhuma intercorr\u00eancia. Tudo ocorreu muito tranquilamente. E a gente vai poder come\u00e7ar a corre\u00e7\u00e3o em breve. A tranquilidade \u00e9 fruto justamente de um planejamento\u201d, disse Esther.<\/p>\n<\/blockquote>\n<p><strong>As maiores absten\u00e7\u00f5es foram registradas no Acre (27%),\u00a0Amazonas (26%),\u00a0Esp\u00edrito Santo (26%), em Rond\u00f4nia (26%) e Santa Catarina (26%). Os estados com o menor n\u00edvel de absten\u00e7\u00e3o foram o Distrito Federal (15%), Piau\u00ed (17%) e Rio Grande do Sul (17%).<\/strong><\/p>\n<blockquote>\n<p>\u201cEssa previs\u00e3o [de absten\u00e7\u00e3o] est\u00e1 dentro do esperado para um concurso que tem duas provas. Foi uma absten\u00e7\u00e3o bem menor do que no CPNU 1 e bem abaixo da m\u00e9dia dos concursos em geral. Ent\u00e3o, a gente ficou muito feliz porque isso refor\u00e7a a consolida\u00e7\u00e3o de um modelo de concurso\u201d, completou a ministra.<\/p>\n<\/blockquote>\n<p><strong>Ao todo, entre 2023 e 2026, o governo federal ter\u00e1 convocado 22 mil pessoas para a administra\u00e7\u00e3o p\u00fablica, excluindo as universidades e os institutos federais, que t\u00eam a renova\u00e7\u00e3o das vagas feita\u00a0pelo Minist\u00e9rio da Educa\u00e7\u00e3o (MEC).<\/strong><\/p>\n<p>A ministra Esther Dweck reconheceu que o total de chamados durante esse terceiro mandato do presidente Luiz In\u00e1cio Lula da Silva est\u00e1 aqu\u00e9m do necess\u00e1rio uma vez que, em dez anos, cerca de 180 mil servidores deixaram o servi\u00e7o p\u00fablico.<\/p>\n<p>Mesmo assim, ela\u00a0ponderou que as 22 mil vagas preenchidas no atual governo fortalecem o setor.<\/p>\n<blockquote>\n<p>\u201cQuando o presidente Lula voltou no seu terceiro mandato, a gente observou certa incapacidade do Estado brasileiro de fazer pol\u00edticas p\u00fablicas. N\u00e3o s\u00f3 [por causa] da car\u00eancia de pessoas, mas a pr\u00f3pria car\u00eancia de instrumentos e de vontade pol\u00edtica na condu\u00e7\u00e3o de pol\u00edticas p\u00fablicas. A gente est\u00e1 retomando isso. O minist\u00e9rio foi criado com o objetivo de recuperar as capacidades do Estado brasileiro\u201d, explicou.<\/p>\n<\/blockquote>\n<p><strong>O MGI estima que, nos pr\u00f3ximos 10 anos, a Uni\u00e3o deve perder 180 mil servidores que v\u00e3o se aposentar. Esther avaliou que\u00a0o ideal, seria um Concurso P\u00fablico Nacional Unificado a cada dois anos.<\/strong><\/p>\n<p>\u201cDesde que a gente pensou [o CPNU], ele deveria ser, no m\u00ednimo, a cada dois anos. Sempre vejo o modelo do Itamaraty como ideal, que \u00e9 uma entrada de pouca gente todo ano. \u00c9 muito bom para a administra\u00e7\u00e3o p\u00fablica ter certa previsibilidade. Est\u00e1 sempre entrando gente nova, n\u00e3o ter descontinuidade\u201d, comentou.<\/p>\n<h2>Mulheres<\/h2>\n<p><strong>A maioria dos classificados para essa 2\u00aa etapa do CPNU\u00a0foi de mulheres, que representaram 57,1% do total de inscritos, sendo 42% de homens. A ministra Esther Dweck afirmou que essa diferen\u00e7a ocorreu por causa da pol\u00edtica de equipara\u00e7\u00e3o de g\u00eanero entre a 1\u00aa e 2\u00ba fase<\/strong> do concurso.<\/p>\n<p>A equipara\u00e7\u00e3o obriga que, sempre que h\u00e1 um n\u00famero maior de homens para uma determinada prova, o MGI convoque mais mulheres para igualar o n\u00famero de candidatos de ambos os g\u00eaneros.<\/p>\n<blockquote>\n<p>\u201cSe n\u00e3o houvesse equipara\u00e7\u00e3o, em vez de 57% de mulheres e 42,9% de homens, a gente teria tido 50% de homens e 49% de mulheres. Ent\u00e3o, a propor\u00e7\u00e3o seria bem diferente\u201d, comentou.<\/p>\n<\/blockquote>\n<h2>Pr\u00f3ximas prazos do CNU 2025<\/h2>\n<p>De 8 a 17 de dezembro \u2013 per\u00edodo para caracteriza\u00e7\u00e3o de defici\u00eancia e confirma\u00e7\u00e3o e verifica\u00e7\u00e3o das vagas de pessoas negras, ind\u00edgenas e quilombolas.<\/p>\n<p>8 de janeiro \u2013 resultado preliminar de avalia\u00e7\u00e3o de t\u00edtulos.<\/p>\n<p>9 a 12 de janeiro \u2013 Prazo de recurso para avalia\u00e7\u00e3o de t\u00edtulos<\/p>\n<p>15 de janeiro \u2013 resultado preliminar das bancas de avalia\u00e7\u00e3o de autodeclara\u00e7\u00e3o para pessoas negras, ind\u00edgenas e quilombolas. \u00a0<\/p>\n<p>16 a 19 de janeiro \u2013 Prazo de recurso da avalia\u00e7\u00e3o de pessoas negras, ind\u00edgenas e quilombolas e de caracteriza\u00e7\u00e3o de pessoa com defici\u00eancia.<\/p>\n<p>23 de janeiro \u2013 nota preliminar da prova discursiva e divulga\u00e7\u00e3o do espelho de corre\u00e7\u00e3o.<\/p>\n<p>26 e 27 de janeiro \u2013 Prazo para recursos da prova discursiva.<\/p>\n<p>20 de fevereiro \u2013 publica\u00e7\u00e3o da lista dos aprovados de vagas imediatas e lista de espera. In\u00edcio do processo de tr\u00eas chamadas.<\/p>\n<p>16 de mar\u00e7o \u2013 data final ap\u00f3s as tr\u00eas chamadas e in\u00edcio das convoca\u00e7\u00f5es para os cursos de forma\u00e7\u00e3o ou para posse.\u00a0<\/p>\n","protected":false},"excerpt":{"rendered":"<p>A prova discursiva da segunda edi\u00e7\u00e3o do Concurso P\u00fablico Nacional Unificado (CNU 2025) foi aplicada neste domingo (7) para 42 mil candidatos em 228 munic\u00edpios. O certame\u00a0oferece 3.652 vagas para 32 \u00f3rg\u00e3os p\u00fablicos.\u00a0 Do\u00a0total de inscritos, 80% compareceram \u00e0s provas, sendo de 20% a absten\u00e7\u00e3o total do CNU 2025, ou seja, 8,5 mil candidatos que [&hellip;]<\/p>\n","protected":false},"author":29,"featured_media":9502,"comment_status":"open","ping_status":"open","sticky":false,"template":"","format":"standard","meta":{"site-sidebar-layout":"default","site-content-layout":"","ast-site-content-layout":"","site-content-style":"default","site-sidebar-style":"default","ast-global-header-display":"","ast-banner-title-visibility":"","ast-main-header-display":"","ast-hfb-above-header-display":"","ast-hfb-below-header-display":"","ast-hfb-mobile-header-display":"","site-post-title":"","ast-breadcrumbs-content":"","ast-featured-img":"","footer-sml-layout":"","theme-transparent-header-meta":"","adv-header-id-meta":"","stick-header-meta":"","header-above-stick-meta":"","header-main-stick-meta":"","header-below-stick-meta":"","astra-migrate-meta-layouts":"default","ast-page-background-enabled":"default","ast-page-background-meta":{"desktop":{"background-color":"var(--ast-global-color-4)","background-image":"","background-repeat":"repeat","background-position":"center center","background-size":"auto","background-attachment":"scroll","background-type":"","background-media":"","overlay-type":"","overlay-color":"","overlay-opacity":"","overlay-gradient":""},"tablet":{"background-color":"","background-image":"","background-repeat":"repeat","background-position":"center center","background-size":"auto","background-attachment":"scroll","background-type":"","background-media":"","overlay-type":"","overlay-color":"","overlay-opacity":"","overlay-gradient":""},"mobile":{"background-color":"","background-image":"","background-repeat":"repeat","background-position":"center center","background-size":"auto","background-attachment":"scroll","background-type":"","background-media":"","overlay-type":"","overlay-color":"","overlay-opacity":"","overlay-gradient":""}},"ast-content-background-meta":{"desktop":{"background-color":"var(--ast-global-color-5)","background-image":"","background-repeat":"repeat","background-position":"center center","background-size":"auto","background-attachment":"scroll","background-type":"","background-media":"","overlay-type":"","overlay-color":"","overlay-opacity":"","overlay-gradient":""},"tablet":{"background-color":"var(--ast-global-color-5)","background-image":"","background-repeat":"repeat","background-position":"center center","background-size":"auto","background-attachment":"scroll","background-type":"","background-media":"","overlay-type":"","overlay-color":"","overlay-opacity":"","overlay-gradient":""},"mobile":{"background-color":"var(--ast-global-color-5)","background-image":"","background-repeat":"repeat","background-position":"center center","background-size":"auto","background-attachment":"scroll","background-type":"","background-media":"","overlay-type":"","overlay-color":"","overlay-opacity":"","overlay-gradient":""}},"footnotes":""},"categories":[126],"tags":[],"class_list":["post-9501","post","type-post","status-publish","format-standard","has-post-thumbnail","hentry","category-policial"],"_links":{"self":[{"href":"https:\/\/jornalregionalms.com.br\/index.php?rest_route=\/wp\/v2\/posts\/9501","targetHints":{"allow":["GET"]}}],"collection":[{"href":"https:\/\/jornalregionalms.com.br\/index.php?rest_route=\/wp\/v2\/posts"}],"about":[{"href":"https:\/\/jornalregionalms.com.br\/index.php?rest_route=\/wp\/v2\/types\/post"}],"author":[{"embeddable":true,"href":"https:\/\/jornalregionalms.com.br\/index.php?rest_route=\/wp\/v2\/users\/29"}],"replies":[{"embeddable":true,"href":"https:\/\/jornalregionalms.com.br\/index.php?rest_route=%2Fwp%2Fv2%2Fcomments&post=9501"}],"version-history":[{"count":0,"href":"https:\/\/jornalregionalms.com.br\/index.php?rest_route=\/wp\/v2\/posts\/9501\/revisions"}],"wp:featuredmedia":[{"embeddable":true,"href":"https:\/\/jornalregionalms.com.br\/index.php?rest_route=\/wp\/v2\/media\/9502"}],"wp:attachment":[{"href":"https:\/\/jornalregionalms.com.br\/index.php?rest_route=%2Fwp%2Fv2%2Fmedia&parent=9501"}],"wp:term":[{"taxonomy":"category","embeddable":true,"href":"https:\/\/jornalregionalms.com.br\/index.php?rest_route=%2Fwp%2Fv2%2Fcategories&post=9501"},{"taxonomy":"post_tag","embeddable":true,"href":"https:\/\/jornalregionalms.com.br\/index.php?rest_route=%2Fwp%2Fv2%2Ftags&post=9501"}],"curies":[{"name":"wp","href":"https:\/\/api.w.org\/{rel}","templated":true}]}}