{"id":9331,"date":"2025-12-04T15:35:52","date_gmt":"2025-12-04T19:35:52","guid":{"rendered":"https:\/\/jornalregionalms.com.br\/?p=9331"},"modified":"2025-12-04T15:35:52","modified_gmt":"2025-12-04T19:35:52","slug":"marina-silva-sofre-fratura-em-vertebra-lombar","status":"publish","type":"post","link":"https:\/\/jornalregionalms.com.br\/?p=9331","title":{"rendered":"Marina Silva sofre fratura em v\u00e9rtebra lombar"},"content":{"rendered":"<p><strong>A ministra do Meio Ambiente e Mudan\u00e7a do Clima, Marina Silva, foi hospitalizada na tarde desta quarta-feira (3), em Bras\u00edlia, ap\u00f3s sentir dor s\u00fabita na regi\u00e3o lombar<\/strong>, enquanto movimentava vasos de plantas no jardim de sua resid\u00eancia, informou a assessoria da pasta. Ela est\u00e1 de f\u00e9rias durante esta semana.<img decoding=\"async\" src=\"https:\/\/agenciabrasil.ebc.com.br\/ebc.png?id=1670730&#038;o=rss\"><img decoding=\"async\" src=\"https:\/\/agenciabrasil.ebc.com.br\/ebc.gif?id=1670730&#038;o=rss\"><\/p>\n<p>Ap\u00f3s ser atendida em um hospital particular da capital, e submetida a uma tomografia computadorizada, <strong>a ministra foi diagnosticada com &#8220;leve fratura na v\u00e9rtebra L4&#8221;.\u00a0<\/strong><\/p>\n<p><strong>Segundo o MMA, n\u00e3o foi necess\u00e1ria interna\u00e7\u00e3o.\u00a0<\/strong><\/p>\n<p>&#8220;Ela foi medicada para controle da dor, sente-se bem e ter\u00e1 alta ainda hoje. De acordo com orienta\u00e7\u00f5es m\u00e9dicas, a ministra precisar\u00e1 se afastar das atividades presenciais nas pr\u00f3ximas semanas, mas poder\u00e1 seguir trabalhando de forma remota durante esse per\u00edodo&#8221;, informou a assessoria do minist\u00e9rio.\u00a0<\/p>\n","protected":false},"excerpt":{"rendered":"<p>A ministra do Meio Ambiente e Mudan\u00e7a do Clima, Marina Silva, foi hospitalizada na tarde desta quarta-feira (3), em Bras\u00edlia, ap\u00f3s sentir dor s\u00fabita na regi\u00e3o lombar, enquanto movimentava vasos de plantas no jardim de sua resid\u00eancia, informou a assessoria da pasta. Ela est\u00e1 de f\u00e9rias durante esta semana. Ap\u00f3s ser atendida em um hospital [&hellip;]<\/p>\n","protected":false},"author":15,"featured_media":9332,"comment_status":"open","ping_status":"open","sticky":false,"template":"","format":"standard","meta":{"site-sidebar-layout":"default","site-content-layout":"","ast-site-content-layout":"","site-content-style":"default","site-sidebar-style":"default","ast-global-header-display":"","ast-banner-title-visibility":"","ast-main-header-display":"","ast-hfb-above-header-display":"","ast-hfb-below-header-display":"","ast-hfb-mobile-header-display":"","site-post-title":"","ast-breadcrumbs-content":"","ast-featured-img":"","footer-sml-layout":"","theme-transparent-header-meta":"","adv-header-id-meta":"","stick-header-meta":"","header-above-stick-meta":"","header-main-stick-meta":"","header-below-stick-meta":"","astra-migrate-meta-layouts":"default","ast-page-background-enabled":"default","ast-page-background-meta":{"desktop":{"background-color":"var(--ast-global-color-4)","background-image":"","background-repeat":"repeat","background-position":"center center","background-size":"auto","background-attachment":"scroll","background-type":"","background-media":"","overlay-type":"","overlay-color":"","overlay-opacity":"","overlay-gradient":""},"tablet":{"background-color":"","background-image":"","background-repeat":"repeat","background-position":"center center","background-size":"auto","background-attachment":"scroll","background-type":"","background-media":"","overlay-type":"","overlay-color":"","overlay-opacity":"","overlay-gradient":""},"mobile":{"background-color":"","background-image":"","background-repeat":"repeat","background-position":"center center","background-size":"auto","background-attachment":"scroll","background-type":"","background-media":"","overlay-type":"","overlay-color":"","overlay-opacity":"","overlay-gradient":""}},"ast-content-background-meta":{"desktop":{"background-color":"var(--ast-global-color-5)","background-image":"","background-repeat":"repeat","background-position":"center center","background-size":"auto","background-attachment":"scroll","background-type":"","background-media":"","overlay-type":"","overlay-color":"","overlay-opacity":"","overlay-gradient":""},"tablet":{"background-color":"var(--ast-global-color-5)","background-image":"","background-repeat":"repeat","background-position":"center center","background-size":"auto","background-attachment":"scroll","background-type":"","background-media":"","overlay-type":"","overlay-color":"","overlay-opacity":"","overlay-gradient":""},"mobile":{"background-color":"var(--ast-global-color-5)","background-image":"","background-repeat":"repeat","background-position":"center center","background-size":"auto","background-attachment":"scroll","background-type":"","background-media":"","overlay-type":"","overlay-color":"","overlay-opacity":"","overlay-gradient":""}},"footnotes":""},"categories":[1],"tags":[],"class_list":["post-9331","post","type-post","status-publish","format-standard","has-post-thumbnail","hentry","category-sem-categoria"],"_links":{"self":[{"href":"https:\/\/jornalregionalms.com.br\/index.php?rest_route=\/wp\/v2\/posts\/9331","targetHints":{"allow":["GET"]}}],"collection":[{"href":"https:\/\/jornalregionalms.com.br\/index.php?rest_route=\/wp\/v2\/posts"}],"about":[{"href":"https:\/\/jornalregionalms.com.br\/index.php?rest_route=\/wp\/v2\/types\/post"}],"author":[{"embeddable":true,"href":"https:\/\/jornalregionalms.com.br\/index.php?rest_route=\/wp\/v2\/users\/15"}],"replies":[{"embeddable":true,"href":"https:\/\/jornalregionalms.com.br\/index.php?rest_route=%2Fwp%2Fv2%2Fcomments&post=9331"}],"version-history":[{"count":0,"href":"https:\/\/jornalregionalms.com.br\/index.php?rest_route=\/wp\/v2\/posts\/9331\/revisions"}],"wp:featuredmedia":[{"embeddable":true,"href":"https:\/\/jornalregionalms.com.br\/index.php?rest_route=\/wp\/v2\/media\/9332"}],"wp:attachment":[{"href":"https:\/\/jornalregionalms.com.br\/index.php?rest_route=%2Fwp%2Fv2%2Fmedia&parent=9331"}],"wp:term":[{"taxonomy":"category","embeddable":true,"href":"https:\/\/jornalregionalms.com.br\/index.php?rest_route=%2Fwp%2Fv2%2Fcategories&post=9331"},{"taxonomy":"post_tag","embeddable":true,"href":"https:\/\/jornalregionalms.com.br\/index.php?rest_route=%2Fwp%2Fv2%2Ftags&post=9331"}],"curies":[{"name":"wp","href":"https:\/\/api.w.org\/{rel}","templated":true}]}}