{"id":8041,"date":"2025-11-17T20:37:04","date_gmt":"2025-11-18T00:37:04","guid":{"rendered":"https:\/\/jornalregionalms.com.br\/?p=8041"},"modified":"2025-11-17T20:37:04","modified_gmt":"2025-11-18T00:37:04","slug":"mjsp-lanca-quinta-edicao-do-guia-pratico-de-classificacao-indicativa","status":"publish","type":"post","link":"https:\/\/jornalregionalms.com.br\/?p=8041","title":{"rendered":"MJSP lan\u00e7a quinta edi\u00e7\u00e3o do Guia Pr\u00e1tico de Classifica\u00e7\u00e3o Indicativa"},"content":{"rendered":"<p>O Minist\u00e9rio da Justi\u00e7a e Seguran\u00e7a P\u00fablica (MJSP) lan\u00e7ou, nesta segunda-feira (17), a quinta edi\u00e7\u00e3o do Guia Pr\u00e1tico de Classifica\u00e7\u00e3o Indicativa. O documento tem como novidades a <strong>defini\u00e7\u00e3o de crit\u00e9rios espec\u00edficos para a faixa et\u00e1ria de 6 anos<\/strong> e a inclus\u00e3o das funcionalidades como elementos adicionais na an\u00e1lise.<img decoding=\"async\" src=\"https:\/\/agenciabrasil.ebc.com.br\/ebc.png?id=1668334&#038;o=rss\"><img decoding=\"async\" src=\"https:\/\/agenciabrasil.ebc.com.br\/ebc.gif?id=1668334&#038;o=rss\"><\/p>\n<p>Com a mudan\u00e7a, o sistema passa a avaliar os <strong>conte\u00fados interativos de aplicativos e de intelig\u00eancias artificiais<\/strong>, reconhecendo que os riscos \u00e0s crian\u00e7as podem ocorrer de forma indireta, por meio da intera\u00e7\u00e3o e do design das plataformas.<\/p>\n<p>O guia descreve ainda crit\u00e9rios, fatores atenuantes e agravantes que determinam cada faixa et\u00e1ria. A <strong>proposta adota o princ\u00edpio da autonomia progressiva<\/strong>, permitindo que o acesso aos conte\u00fados seja compat\u00edvel com as habilidades esperadas para cada faixa et\u00e1ria.<\/p>\n<h3><strong>N\u00e3o recomendado para menores de 6 anos<\/strong><\/h3>\n<p>Uma portaria editada em outubro pelo minist\u00e9rio incluiu a <strong>classifica\u00e7\u00e3o \u201cn\u00e3o recomendado para menores de 6 anos\u201d<\/strong>, reconhecendo a sensibilidade a est\u00edmulos intensos e a fase de transi\u00e7\u00e3o cognitiva durante a primeira inf\u00e2ncia.<\/p>\n<p>O <strong>Minist\u00e9rio da Justi\u00e7a esclareceu que essa pol\u00edtica p\u00fablica n\u00e3o tem car\u00e1ter de censura<\/strong>. O objetivo, segundo a pasta, \u00e9 informar e apoiar as fam\u00edlias, oferecendo instrumentos confi\u00e1veis para a escolha de conte\u00fados e para a <strong>prote\u00e7\u00e3o de crian\u00e7as e adolescentes contra exposi\u00e7\u00f5es inadequadas<\/strong>.<\/p>\n<p>  <span class=\"hms hms-format-m-ss\">1:26<\/span><\/p>\n","protected":false},"excerpt":{"rendered":"<p>O Minist\u00e9rio da Justi\u00e7a e Seguran\u00e7a P\u00fablica (MJSP) lan\u00e7ou, nesta segunda-feira (17), a quinta edi\u00e7\u00e3o do Guia Pr\u00e1tico de Classifica\u00e7\u00e3o Indicativa. O documento tem como novidades a defini\u00e7\u00e3o de crit\u00e9rios espec\u00edficos para a faixa et\u00e1ria de 6 anos e a inclus\u00e3o das funcionalidades como elementos adicionais na an\u00e1lise. Com a mudan\u00e7a, o sistema passa a [&hellip;]<\/p>\n","protected":false},"author":1,"featured_media":8042,"comment_status":"open","ping_status":"open","sticky":false,"template":"","format":"standard","meta":{"site-sidebar-layout":"default","site-content-layout":"","ast-site-content-layout":"","site-content-style":"default","site-sidebar-style":"default","ast-global-header-display":"","ast-banner-title-visibility":"","ast-main-header-display":"","ast-hfb-above-header-display":"","ast-hfb-below-header-display":"","ast-hfb-mobile-header-display":"","site-post-title":"","ast-breadcrumbs-content":"","ast-featured-img":"","footer-sml-layout":"","theme-transparent-header-meta":"","adv-header-id-meta":"","stick-header-meta":"","header-above-stick-meta":"","header-main-stick-meta":"","header-below-stick-meta":"","astra-migrate-meta-layouts":"default","ast-page-background-enabled":"default","ast-page-background-meta":{"desktop":{"background-color":"var(--ast-global-color-4)","background-image":"","background-repeat":"repeat","background-position":"center center","background-size":"auto","background-attachment":"scroll","background-type":"","background-media":"","overlay-type":"","overlay-color":"","overlay-opacity":"","overlay-gradient":""},"tablet":{"background-color":"","background-image":"","background-repeat":"repeat","background-position":"center center","background-size":"auto","background-attachment":"scroll","background-type":"","background-media":"","overlay-type":"","overlay-color":"","overlay-opacity":"","overlay-gradient":""},"mobile":{"background-color":"","background-image":"","background-repeat":"repeat","background-position":"center center","background-size":"auto","background-attachment":"scroll","background-type":"","background-media":"","overlay-type":"","overlay-color":"","overlay-opacity":"","overlay-gradient":""}},"ast-content-background-meta":{"desktop":{"background-color":"var(--ast-global-color-5)","background-image":"","background-repeat":"repeat","background-position":"center center","background-size":"auto","background-attachment":"scroll","background-type":"","background-media":"","overlay-type":"","overlay-color":"","overlay-opacity":"","overlay-gradient":""},"tablet":{"background-color":"var(--ast-global-color-5)","background-image":"","background-repeat":"repeat","background-position":"center center","background-size":"auto","background-attachment":"scroll","background-type":"","background-media":"","overlay-type":"","overlay-color":"","overlay-opacity":"","overlay-gradient":""},"mobile":{"background-color":"var(--ast-global-color-5)","background-image":"","background-repeat":"repeat","background-position":"center center","background-size":"auto","background-attachment":"scroll","background-type":"","background-media":"","overlay-type":"","overlay-color":"","overlay-opacity":"","overlay-gradient":""}},"footnotes":""},"categories":[1],"tags":[],"class_list":["post-8041","post","type-post","status-publish","format-standard","has-post-thumbnail","hentry","category-sem-categoria"],"_links":{"self":[{"href":"https:\/\/jornalregionalms.com.br\/index.php?rest_route=\/wp\/v2\/posts\/8041","targetHints":{"allow":["GET"]}}],"collection":[{"href":"https:\/\/jornalregionalms.com.br\/index.php?rest_route=\/wp\/v2\/posts"}],"about":[{"href":"https:\/\/jornalregionalms.com.br\/index.php?rest_route=\/wp\/v2\/types\/post"}],"author":[{"embeddable":true,"href":"https:\/\/jornalregionalms.com.br\/index.php?rest_route=\/wp\/v2\/users\/1"}],"replies":[{"embeddable":true,"href":"https:\/\/jornalregionalms.com.br\/index.php?rest_route=%2Fwp%2Fv2%2Fcomments&post=8041"}],"version-history":[{"count":0,"href":"https:\/\/jornalregionalms.com.br\/index.php?rest_route=\/wp\/v2\/posts\/8041\/revisions"}],"wp:featuredmedia":[{"embeddable":true,"href":"https:\/\/jornalregionalms.com.br\/index.php?rest_route=\/wp\/v2\/media\/8042"}],"wp:attachment":[{"href":"https:\/\/jornalregionalms.com.br\/index.php?rest_route=%2Fwp%2Fv2%2Fmedia&parent=8041"}],"wp:term":[{"taxonomy":"category","embeddable":true,"href":"https:\/\/jornalregionalms.com.br\/index.php?rest_route=%2Fwp%2Fv2%2Fcategories&post=8041"},{"taxonomy":"post_tag","embeddable":true,"href":"https:\/\/jornalregionalms.com.br\/index.php?rest_route=%2Fwp%2Fv2%2Ftags&post=8041"}],"curies":[{"name":"wp","href":"https:\/\/api.w.org\/{rel}","templated":true}]}}