{"id":7949,"date":"2025-11-15T14:31:34","date_gmt":"2025-11-15T18:31:34","guid":{"rendered":"https:\/\/jornalregionalms.com.br\/?p=7949"},"modified":"2025-11-15T14:31:34","modified_gmt":"2025-11-15T18:31:34","slug":"funcionaria-da-caixa-e-suspeita-de-fraudes-em-contas-de-clientes","status":"publish","type":"post","link":"https:\/\/jornalregionalms.com.br\/?p=7949","title":{"rendered":"Funcion\u00e1r\u00eda da Caixa \u00e9 suspeita de fraudes em contas de clientes"},"content":{"rendered":"<p>A Pol\u00edcia Federal realizou nesta sexta-feira (14) uma opera\u00e7\u00e3o com o objetivo de apurar a pr\u00e1tica de fraudes banc\u00e1rias contra a Caixa Econ\u00f4mica Federal (CEF), em Campos dos Goytacazes, no norte fluminense, envolvendo uma servidora da institui\u00e7\u00e3o que alterava cadastro de clientes, com preju\u00edzo de R$ 500 mil a correntistas da ag\u00eancia.<img decoding=\"async\" src=\"https:\/\/agenciabrasil.ebc.com.br\/ebc.png?id=1667952&#038;o=rss\"><img decoding=\"async\" src=\"https:\/\/agenciabrasil.ebc.com.br\/ebc.gif?id=1667952&#038;o=rss\"><\/p>\n<p><strong>Na a\u00e7\u00e3o, policiais federais cumpriram dois mandados de busca e apreens\u00e3o em Parque Tamandar\u00e9 e Centro, bairros localizados no munic\u00edpio de Campos dos Goytacazes.<\/strong> Al\u00e9m das determina\u00e7\u00f5es judiciais expedidas pela 2\u00aa Vara Federal de Niter\u00f3i, regi\u00e3o metropolitana do Rio, foram impostas \u00e0 suspeita medidas cautelares diversas da pris\u00e3o.<\/p>\n<p>De acordo com as investiga\u00e7\u00f5es, as fraudes eram praticadas por uma servidora da Caixa que atuava de forma individual em um esquema que envolvia a altera\u00e7\u00e3o irregular de dados cadastrais de clientes da institui\u00e7\u00e3o financeira, a reemiss\u00e3o indevida de cart\u00f5es banc\u00e1rios e a realiza\u00e7\u00e3o de saques presenciais em terminais de autoatendimento, al\u00e9m de contrata\u00e7\u00f5es suspeitas de cart\u00f5es de cr\u00e9dito.<\/p>\n<p><strong>A apura\u00e7\u00e3o teve in\u00edcio ap\u00f3s relat\u00f3rios internos da Caixa identificarem movimenta\u00e7\u00f5es at\u00edpicas, como manipula\u00e7\u00e3o sistem\u00e1tica de informa\u00e7\u00f5es em contas de clientes, diversos cart\u00f5es reemitidos para um mesmo endere\u00e7o e saques efetuados em diferentes ag\u00eancias da cidade.<\/strong> At\u00e9 o momento, foram identificados 52 clientes com cadastros alterados de forma irregular e um preju\u00edzo estimado em cerca de R$ 500 mil.<\/p>\n<p>Durante a a\u00e7\u00e3o, foram apreendidos dois aparelhos celulares, dois notebooks e sete cart\u00f5es banc\u00e1rios em nome de terceiros, al\u00e9m de diversos documentos.<\/p>\n<p><strong>A investigada poder\u00e1 responder pela pr\u00e1tica dos crimes de inser\u00e7\u00e3o de dados falsos em sistema de informa\u00e7\u00e3o, peculato e furto qualificado.<\/strong><\/p>\n<p>Em nota, a Caixa informou que abriu procedimento administrativo para apura\u00e7\u00e3o dos fatos. O banco n\u00e3o divulga informa\u00e7\u00f5es sobre eventuais den\u00fancias e procedimentos correcionais de empregado, considerando o sigilo dos dados pessoais dos envolvidos.<\/p>\n<blockquote>\n<p>&#8220;O banco atua conjuntamente com os \u00f3rg\u00e3os de seguran\u00e7a p\u00fablica nas investiga\u00e7\u00f5es e opera\u00e7\u00f5es que \u202fauxiliam no combate a fraudes e golpes, monitorando initerruptamente seus produtos, servi\u00e7os e transa\u00e7\u00f5es banc\u00e1rias para identificar e investigar casos suspeitos&#8221;.<\/p>\n<\/blockquote>\n<p>\u00a0<\/p>\n<p><strong><em>Mat\u00e9ria atualizada \u00e0s 13h51 para acr\u00e9scimo de informa\u00e7\u00f5es.<\/em><\/strong><\/p>\n","protected":false},"excerpt":{"rendered":"<p>A Pol\u00edcia Federal realizou nesta sexta-feira (14) uma opera\u00e7\u00e3o com o objetivo de apurar a pr\u00e1tica de fraudes banc\u00e1rias contra a Caixa Econ\u00f4mica Federal (CEF), em Campos dos Goytacazes, no norte fluminense, envolvendo uma servidora da institui\u00e7\u00e3o que alterava cadastro de clientes, com preju\u00edzo de R$ 500 mil a correntistas da ag\u00eancia. Na a\u00e7\u00e3o, policiais [&hellip;]<\/p>\n","protected":false},"author":32,"featured_media":7950,"comment_status":"open","ping_status":"open","sticky":false,"template":"","format":"standard","meta":{"site-sidebar-layout":"default","site-content-layout":"","ast-site-content-layout":"","site-content-style":"default","site-sidebar-style":"default","ast-global-header-display":"","ast-banner-title-visibility":"","ast-main-header-display":"","ast-hfb-above-header-display":"","ast-hfb-below-header-display":"","ast-hfb-mobile-header-display":"","site-post-title":"","ast-breadcrumbs-content":"","ast-featured-img":"","footer-sml-layout":"","theme-transparent-header-meta":"","adv-header-id-meta":"","stick-header-meta":"","header-above-stick-meta":"","header-main-stick-meta":"","header-below-stick-meta":"","astra-migrate-meta-layouts":"default","ast-page-background-enabled":"default","ast-page-background-meta":{"desktop":{"background-color":"var(--ast-global-color-4)","background-image":"","background-repeat":"repeat","background-position":"center center","background-size":"auto","background-attachment":"scroll","background-type":"","background-media":"","overlay-type":"","overlay-color":"","overlay-opacity":"","overlay-gradient":""},"tablet":{"background-color":"","background-image":"","background-repeat":"repeat","background-position":"center center","background-size":"auto","background-attachment":"scroll","background-type":"","background-media":"","overlay-type":"","overlay-color":"","overlay-opacity":"","overlay-gradient":""},"mobile":{"background-color":"","background-image":"","background-repeat":"repeat","background-position":"center center","background-size":"auto","background-attachment":"scroll","background-type":"","background-media":"","overlay-type":"","overlay-color":"","overlay-opacity":"","overlay-gradient":""}},"ast-content-background-meta":{"desktop":{"background-color":"var(--ast-global-color-5)","background-image":"","background-repeat":"repeat","background-position":"center center","background-size":"auto","background-attachment":"scroll","background-type":"","background-media":"","overlay-type":"","overlay-color":"","overlay-opacity":"","overlay-gradient":""},"tablet":{"background-color":"var(--ast-global-color-5)","background-image":"","background-repeat":"repeat","background-position":"center center","background-size":"auto","background-attachment":"scroll","background-type":"","background-media":"","overlay-type":"","overlay-color":"","overlay-opacity":"","overlay-gradient":""},"mobile":{"background-color":"var(--ast-global-color-5)","background-image":"","background-repeat":"repeat","background-position":"center center","background-size":"auto","background-attachment":"scroll","background-type":"","background-media":"","overlay-type":"","overlay-color":"","overlay-opacity":"","overlay-gradient":""}},"footnotes":""},"categories":[1],"tags":[],"class_list":["post-7949","post","type-post","status-publish","format-standard","has-post-thumbnail","hentry","category-sem-categoria"],"_links":{"self":[{"href":"https:\/\/jornalregionalms.com.br\/index.php?rest_route=\/wp\/v2\/posts\/7949","targetHints":{"allow":["GET"]}}],"collection":[{"href":"https:\/\/jornalregionalms.com.br\/index.php?rest_route=\/wp\/v2\/posts"}],"about":[{"href":"https:\/\/jornalregionalms.com.br\/index.php?rest_route=\/wp\/v2\/types\/post"}],"author":[{"embeddable":true,"href":"https:\/\/jornalregionalms.com.br\/index.php?rest_route=\/wp\/v2\/users\/32"}],"replies":[{"embeddable":true,"href":"https:\/\/jornalregionalms.com.br\/index.php?rest_route=%2Fwp%2Fv2%2Fcomments&post=7949"}],"version-history":[{"count":0,"href":"https:\/\/jornalregionalms.com.br\/index.php?rest_route=\/wp\/v2\/posts\/7949\/revisions"}],"wp:featuredmedia":[{"embeddable":true,"href":"https:\/\/jornalregionalms.com.br\/index.php?rest_route=\/wp\/v2\/media\/7950"}],"wp:attachment":[{"href":"https:\/\/jornalregionalms.com.br\/index.php?rest_route=%2Fwp%2Fv2%2Fmedia&parent=7949"}],"wp:term":[{"taxonomy":"category","embeddable":true,"href":"https:\/\/jornalregionalms.com.br\/index.php?rest_route=%2Fwp%2Fv2%2Fcategories&post=7949"},{"taxonomy":"post_tag","embeddable":true,"href":"https:\/\/jornalregionalms.com.br\/index.php?rest_route=%2Fwp%2Fv2%2Ftags&post=7949"}],"curies":[{"name":"wp","href":"https:\/\/api.w.org\/{rel}","templated":true}]}}