{"id":7807,"date":"2025-11-13T12:34:38","date_gmt":"2025-11-13T16:34:38","guid":{"rendered":"https:\/\/jornalregionalms.com.br\/?p=7807"},"modified":"2025-11-13T12:34:38","modified_gmt":"2025-11-13T16:34:38","slug":"fies-2025-mec-convoca-lista-de-espera-de-vagas-remanescentes","status":"publish","type":"post","link":"https:\/\/jornalregionalms.com.br\/?p=7807","title":{"rendered":"Fies 2025: MEC convoca lista de espera de vagas remanescentes"},"content":{"rendered":"<\/p>\n<p><a class=\"\" href=\"https:\/\/agenciabrasil.ebc.com.br\/educacao\/noticia\/2025-11\/fies-2025-mec-convoca-lista-de-espera-de-vagas-remanescentes\"><br \/>\n                    <img decoding=\"async\" src=\"https:\/\/cdn.jsdelivr.net\/gh\/sergiosdlima\/assets-ebc@1.0.0\/abr\/assets\/images\/logo-agenciabrasil.svg\" alt=\"Logo Ag\u00eancia Brasil\"><br \/>\n\t\t\t\t<\/a><\/p>\n<p>O Minist\u00e9rio da Educa\u00e7\u00e3o (MEC) come\u00e7a a convocar nesta quinta-feira (13) os candidatos da lista de espera das vagas remanescentes do Fundo de Financiamento Estudantil (Fies), referente ao segundo semestre de 2025. <strong>O per\u00edodo de convoca\u00e7\u00e3o vai at\u00e9 as 23h59 do dia\u00a028 de novembro (hor\u00e1rio de Bras\u00edlia).<\/strong><img decoding=\"async\" src=\"https:\/\/agenciabrasil.ebc.com.br\/ebc.png?id=1667613&#038;o=rss\"><img decoding=\"async\" src=\"https:\/\/agenciabrasil.ebc.com.br\/ebc.gif?id=1667613&#038;o=rss\"><\/p>\n<p>O Fies \u00e9 o programa federal que concede financiamento a estudantes de baixa renda de cursos de gradua\u00e7\u00e3o, em institui\u00e7\u00f5es de educa\u00e7\u00e3o superior privadas.<\/p>\n<\/p>\n<h3>Not\u00edcias relacionadas:<\/h3>\n<ul>\n<li><a href=\"https:\/\/agenciabrasil.ebc.com.br\/educacao\/noticia\/2025-11\/inep-divulga-lista-de-espera-para-vagas-remanescentes-do-fies-2025\">Inep divulga lista de espera para vagas remanescentes do Fies 2025.<\/a><\/li>\n<li><a href=\"https:\/\/agenciabrasil.ebc.com.br\/educacao\/noticia\/2025-09\/fies2025-mec-define-regras-para-oferta-de-vagas-remanescentes\">Fies\/2025: MEC define regras para oferta de vagas remanescentes .<\/a><\/li>\n<\/ul>\n<p><strong>Os candidatos da lista de espera\u00a0dever\u00e3o acompanhar o resultado de eventual pr\u00e9-sele\u00e7\u00e3o por meio do<em> site<\/em>\u00a0<a href=\"https:\/\/fiesselecaoaluno.mec.gov.br\/usuario-login\" target=\"_blank\">Fies Sele\u00e7\u00e3o<\/a>. Para acess\u00e1-lo, o estudante deve fazer o login \u00fanico pela plataforma Gov.br<\/strong><\/p>\n<p>Os candidatos inscritos dever\u00e3o obrigatoriamente ter condi\u00e7\u00f5es de atingir a frequ\u00eancia m\u00ednima exigida para o semestre letivo referente ao segundo semestre de 2025 no curso\/turno\/local de oferta\/IES para o qual se inscreverem.<\/p>\n<p><a href=\"https:\/\/agenciabrasil.ebc.com.br\/cop30\" target=\"_blank\">Acompanhe a cobertura completa da EBC na COP30\u00a0<\/a><\/p>\n<h2>Documenta\u00e7\u00e3o comprobat\u00f3ria<\/h2>\n<p><strong>O estudante pr\u00e9-selecionado a uma das vagas remanescentes do processo seletivo do Fies dever\u00e1 comprovar as informa\u00e7\u00f5es declaradas no momento da inscri\u00e7\u00e3o \u00e0 Comiss\u00e3o Permanente de Supervis\u00e3o e Acompanhamento (CPSA) da institui\u00e7\u00e3o de ensino superior em que foi pr\u00e9-selecionado.<\/strong><\/p>\n<p>O prazo para este procedimento \u00e9 de dois dias \u00fateis, contados a partir do dia da pr\u00e9-sele\u00e7\u00e3o.<\/p>\n<p><strong>De acordo com o edital que cont\u00e9m as <a href=\"http:\/\/portalfies.mec.gov.br\/arquivos\/edital_n_21_09102025.pdf\" target=\"_blank\">regras do Processo Seletivo<\/a> n\u00ba 21\/2025, a entrega dos documentos comprobat\u00f3rios pode ser feita\u00a0por meio f\u00edsico ou digital, nos hor\u00e1rios definidos pela institui\u00e7\u00e3o.<\/strong><\/p>\n<h2>Pr\u00f3ximos passos<\/h2>\n<p>Se a documenta\u00e7\u00e3o for aprovada, o pr\u00f3ximo passo \u00e9 a valida\u00e7\u00e3o das informa\u00e7\u00f5es em um agente financeiro em at\u00e9 dez dias, contados a partir do terceiro dia ap\u00f3s a valida\u00e7\u00e3o da inscri\u00e7\u00e3o pela comiss\u00e3o da faculdade.<\/p>\n<p><strong>Somente ap\u00f3s a aprova\u00e7\u00e3o do banco poder\u00e1 ser formalizada a contrata\u00e7\u00e3o do financiamento.<\/strong><\/p>\n<p>Se o candidato pr\u00e9-selecionado n\u00e3o apresentar todos os documentos ou n\u00e3o seguir as etapas exigidas dentro do prazo estabelecido, ele perde a vaga. Essa vaga perdida \u00e9 imediatamente transferida para o pr\u00f3ximo candidato classificado na lista de espera.<\/p>\n<h2>Complementa\u00e7\u00e3o<\/h2>\n<p>O candidato que se inscreveu para vagas destinadas \u00e0s pessoas com defici\u00eancia (PCD) dever\u00e1 comprovar sua situa\u00e7\u00e3o com laudo m\u00e9dico atestando a esp\u00e9cie e o grau de defici\u00eancia, com expressa refer\u00eancia ao c\u00f3digo correspondente da Classifica\u00e7\u00e3o Internacional de Doen\u00e7a (CID).<\/p>\n<p>Caso a comiss\u00e3o da faculdade privada identifique erros ou inconsist\u00eancias referentes \u00e0s informa\u00e7\u00f5es prestadas, a institui\u00e7\u00e3o de ensino superior poder\u00e1 exigir a apresenta\u00e7\u00e3o de documenta\u00e7\u00e3o complementar.<\/p>\n<h2>Fies Social<\/h2>\n<p><strong>Metade das vagas \u00e9 reservada ao Fies Social, ocupada por candidatos com renda familiar <em>per capita<\/em> de at\u00e9 meio sal\u00e1rio m\u00ednimo (R$ 759\u00a0em 2025), inscritos no Cadastro \u00danico para Programas Sociais do governo federal (Cad\u00danico).<\/strong><\/p>\n<p>Esse candidato pr\u00e9-selecionado \u00e0 vaga do Fies Social est\u00e1 dispensado da comprova\u00e7\u00e3o de renda familiar. No entanto, ele deve comparecer \u00e0 comiss\u00e3o da faculdade privada para validar as demais informa\u00e7\u00f5es.<\/p>\n","protected":false},"excerpt":{"rendered":"<p>O Minist\u00e9rio da Educa\u00e7\u00e3o (MEC) come\u00e7a a convocar nesta quinta-feira (13) os candidatos da lista de espera das vagas remanescentes do Fundo de Financiamento Estudantil (Fies), referente ao segundo semestre de 2025. O per\u00edodo de convoca\u00e7\u00e3o vai at\u00e9 as 23h59 do dia\u00a028 de novembro (hor\u00e1rio de Bras\u00edlia). O Fies \u00e9 o programa federal que concede [&hellip;]<\/p>\n","protected":false},"author":6,"featured_media":7808,"comment_status":"open","ping_status":"open","sticky":false,"template":"","format":"standard","meta":{"site-sidebar-layout":"default","site-content-layout":"","ast-site-content-layout":"","site-content-style":"default","site-sidebar-style":"default","ast-global-header-display":"","ast-banner-title-visibility":"","ast-main-header-display":"","ast-hfb-above-header-display":"","ast-hfb-below-header-display":"","ast-hfb-mobile-header-display":"","site-post-title":"","ast-breadcrumbs-content":"","ast-featured-img":"","footer-sml-layout":"","theme-transparent-header-meta":"","adv-header-id-meta":"","stick-header-meta":"","header-above-stick-meta":"","header-main-stick-meta":"","header-below-stick-meta":"","astra-migrate-meta-layouts":"default","ast-page-background-enabled":"default","ast-page-background-meta":{"desktop":{"background-color":"var(--ast-global-color-4)","background-image":"","background-repeat":"repeat","background-position":"center center","background-size":"auto","background-attachment":"scroll","background-type":"","background-media":"","overlay-type":"","overlay-color":"","overlay-opacity":"","overlay-gradient":""},"tablet":{"background-color":"","background-image":"","background-repeat":"repeat","background-position":"center center","background-size":"auto","background-attachment":"scroll","background-type":"","background-media":"","overlay-type":"","overlay-color":"","overlay-opacity":"","overlay-gradient":""},"mobile":{"background-color":"","background-image":"","background-repeat":"repeat","background-position":"center center","background-size":"auto","background-attachment":"scroll","background-type":"","background-media":"","overlay-type":"","overlay-color":"","overlay-opacity":"","overlay-gradient":""}},"ast-content-background-meta":{"desktop":{"background-color":"var(--ast-global-color-5)","background-image":"","background-repeat":"repeat","background-position":"center center","background-size":"auto","background-attachment":"scroll","background-type":"","background-media":"","overlay-type":"","overlay-color":"","overlay-opacity":"","overlay-gradient":""},"tablet":{"background-color":"var(--ast-global-color-5)","background-image":"","background-repeat":"repeat","background-position":"center center","background-size":"auto","background-attachment":"scroll","background-type":"","background-media":"","overlay-type":"","overlay-color":"","overlay-opacity":"","overlay-gradient":""},"mobile":{"background-color":"var(--ast-global-color-5)","background-image":"","background-repeat":"repeat","background-position":"center center","background-size":"auto","background-attachment":"scroll","background-type":"","background-media":"","overlay-type":"","overlay-color":"","overlay-opacity":"","overlay-gradient":""}},"footnotes":""},"categories":[123],"tags":[],"class_list":["post-7807","post","type-post","status-publish","format-standard","has-post-thumbnail","hentry","category-politica"],"_links":{"self":[{"href":"https:\/\/jornalregionalms.com.br\/index.php?rest_route=\/wp\/v2\/posts\/7807","targetHints":{"allow":["GET"]}}],"collection":[{"href":"https:\/\/jornalregionalms.com.br\/index.php?rest_route=\/wp\/v2\/posts"}],"about":[{"href":"https:\/\/jornalregionalms.com.br\/index.php?rest_route=\/wp\/v2\/types\/post"}],"author":[{"embeddable":true,"href":"https:\/\/jornalregionalms.com.br\/index.php?rest_route=\/wp\/v2\/users\/6"}],"replies":[{"embeddable":true,"href":"https:\/\/jornalregionalms.com.br\/index.php?rest_route=%2Fwp%2Fv2%2Fcomments&post=7807"}],"version-history":[{"count":0,"href":"https:\/\/jornalregionalms.com.br\/index.php?rest_route=\/wp\/v2\/posts\/7807\/revisions"}],"wp:featuredmedia":[{"embeddable":true,"href":"https:\/\/jornalregionalms.com.br\/index.php?rest_route=\/wp\/v2\/media\/7808"}],"wp:attachment":[{"href":"https:\/\/jornalregionalms.com.br\/index.php?rest_route=%2Fwp%2Fv2%2Fmedia&parent=7807"}],"wp:term":[{"taxonomy":"category","embeddable":true,"href":"https:\/\/jornalregionalms.com.br\/index.php?rest_route=%2Fwp%2Fv2%2Fcategories&post=7807"},{"taxonomy":"post_tag","embeddable":true,"href":"https:\/\/jornalregionalms.com.br\/index.php?rest_route=%2Fwp%2Fv2%2Ftags&post=7807"}],"curies":[{"name":"wp","href":"https:\/\/api.w.org\/{rel}","templated":true}]}}