{"id":7723,"date":"2025-11-12T00:28:53","date_gmt":"2025-11-12T04:28:53","guid":{"rendered":"https:\/\/jornalregionalms.com.br\/?p=7723"},"modified":"2025-11-12T00:28:53","modified_gmt":"2025-11-12T04:28:53","slug":"governo-autoriza-nomeacao-de-855-aprovados-na-1a-edicao-do-cnu","status":"publish","type":"post","link":"https:\/\/jornalregionalms.com.br\/?p=7723","title":{"rendered":"Governo autoriza nomea\u00e7\u00e3o de 855 aprovados na 1\u00aa edi\u00e7\u00e3o do CNU"},"content":{"rendered":"<\/p>\n<p><a class=\"\" href=\"https:\/\/agenciabrasil.ebc.com.br\/geral\/noticia\/2025-11\/governo-autoriza-nomeacao-de-855-aprovados-na-1a-edicao-do-cnu\"><br \/>\n                    <img decoding=\"async\" src=\"https:\/\/cdn.jsdelivr.net\/gh\/sergiosdlima\/assets-ebc@1.0.0\/abr\/assets\/images\/logo-agenciabrasil.svg\" alt=\"Logo Ag\u00eancia Brasil\"><br \/>\n\t\t\t\t<\/a><\/p>\n<p>O Minist\u00e9rio da Gest\u00e3o e da Inova\u00e7\u00e3o em Servi\u00e7os P\u00fablicos (MGI) autorizou, nesta ter\u00e7a-feira (11), a nomea\u00e7\u00e3o de 855 candidatos aprovados na primeira edi\u00e7\u00e3o do Concurso P\u00fablico Nacional Unificado (CPNU), de 2024.<img decoding=\"async\" src=\"https:\/\/agenciabrasil.ebc.com.br\/ebc.png?id=1667263&#038;o=rss\"><img decoding=\"async\" src=\"https:\/\/agenciabrasil.ebc.com.br\/ebc.gif?id=1667263&#038;o=rss\"><\/p>\n<p><strong>As nomea\u00e7\u00f5es s\u00e3o para o cargo de auditor-fiscal do trabalho, n\u00edvel superior, para o quadro de pessoal da Secretaria de Inspe\u00e7\u00e3o do Trabalho do Minist\u00e9rio do Trabalho e Emprego (MTE).<\/strong><\/p>\n<\/p>\n<h3>Not\u00edcias relacionadas:<\/h3>\n<ul>\n<li><a href=\"https:\/\/agenciabrasil.ebc.com.br\/educacao\/noticia\/2025-11\/candidatos-podem-manifestar-interesse-em-lista-de-espera-do-cnu-1\">Candidatos podem manifestar interesse em lista de espera do CNU 1.<\/a><\/li>\n<li><a href=\"https:\/\/agenciabrasil.ebc.com.br\/concursos\/noticia\/2025-11\/concurso-do-tcu-oferece-20-vagas-e-recebe-inscricoes-ate-3-de-dezembro\">Concurso do TCU oferece 20 vagas e recebe inscri\u00e7\u00f5es at\u00e9 3 de dezembro.<\/a><\/li>\n<li><a href=\"https:\/\/agenciabrasil.ebc.com.br\/geral\/noticia\/2025-10\/cnu-2025-confira-numero-minimo-de-acertos-para-avancar-para-2a-fase\">CNU 2025: confira n\u00famero m\u00ednimo de acertos para avan\u00e7ar para 2\u00aa fase.<\/a><\/li>\n<\/ul>\n<p>A autoriza\u00e7\u00e3o est\u00e1 publicada no <em>Di\u00e1rio Oficial da Uni\u00e3o<\/em>, na <a href=\"https:\/\/www.in.gov.br\/web\/dou\/-\/portaria-\/mgi-n-9.969-de-10-de-novembro-de-2025-668054090\" target=\"_blank\">Portaria 9.969\/2025<\/a>, assinada pela ministra da Gest\u00e3o e da Inova\u00e7\u00e3o em Servi\u00e7os P\u00fablicos, Esther Dweck.<\/p>\n<h2>Pr\u00f3ximos passos<\/h2>\n<p>Com a publica\u00e7\u00e3o da portaria, os pr\u00f3ximos passos s\u00e3o a nomea\u00e7\u00e3o pelo Minist\u00e9rio do Trabalho e Emprego e a posse dos novos auditores.<\/p>\n<p>A pasta dever\u00e1 verificar os documentos e a obedi\u00eancia dos requisitos pelos aprovados, de forma a garantir a nomea\u00e7\u00e3o somente daqueles que cumprirem todas as exig\u00eancias.<\/p>\n<p><strong>As nomea\u00e7\u00f5es dependem da exist\u00eancia de vagas na data da posse e da comprova\u00e7\u00e3o de adequa\u00e7\u00e3o or\u00e7ament\u00e1ria e financeira, em conformidade com a Lei Or\u00e7ament\u00e1ria Anual e a Lei de Diretrizes Or\u00e7ament\u00e1rias.<\/strong><\/p>\n<p>A medida assegura que o refor\u00e7o no quadro de pessoal seja compat\u00edvel com a sustentabilidade, ou \u201csa\u00fade fiscal&#8221; do Estado, o que significa que o governo federal s\u00f3 pode nomear novos servidores se tiver or\u00e7amento para pagar os sal\u00e1rios.<\/p>\n<p>Os 855 auditores-fiscais do trabalho v\u00e3o atuar para garantir o cumprimento da legisla\u00e7\u00e3o trabalhista, a prote\u00e7\u00e3o dos direitos dos trabalhadores e a promo\u00e7\u00e3o de condi\u00e7\u00f5es dignas de trabalho em todo o pa\u00eds.<\/p>\n<p>As inspe\u00e7\u00f5es do Minist\u00e9rio do Trabalho e Emprego envolvem a\u00e7\u00f5es de combate ao trabalho escravo, ao trabalho infantil e \u00e0s irregularidades trabalhistas, al\u00e9m de fortalecer a pol\u00edtica de seguran\u00e7a e sa\u00fade no trabalho.<\/p>\n<h2>Nomea\u00e7\u00f5es<\/h2>\n<p><strong>O governo federal, por meio do Minist\u00e9rio da Gest\u00e3o e da Inova\u00e7\u00e3o em Servi\u00e7os P\u00fablicos, <a href=\"https:\/\/agenciabrasil.ebc.com.br\/geral\/noticia\/2025-09\/governo-autoriza-nomeacao-de-aprovados-na-primeira-edicao-do-cnu\" target=\"_blank\">j\u00e1 fez autoriza\u00e7\u00f5es diversas<\/a>\u00a0de aprovados na primeira edi\u00e7\u00e3o do chamado Enem dos Concursos.<\/strong><\/p>\n<p>Entre as autoriza\u00e7\u00f5es de nomea\u00e7\u00f5es h\u00e1 vagas para os cargos de analistas em tecnologia da informa\u00e7\u00e3o, analistas de infraestrutura, analista t\u00e9cnico de pol\u00edticas sociais (ATPS), analista de planejamento, gest\u00e3o e infraestrutura em informa\u00e7\u00f5es geogr\u00e1ficas e estat\u00edsticas.<\/p>\n<h2>CNU 1<\/h2>\n<p><strong>A primeira edi\u00e7\u00e3o do Concurso P\u00fablico Nacional Unificado (CPNU) ofertou 6.640 vagas, em 21 \u00f3rg\u00e3os p\u00fablicos federais.<\/strong>\u200b\u200b As vagas foram divididas em oito blocos tem\u00e1ticos, com oportunidades para candidatos de n\u00edvel m\u00e9dio e superior.<\/p>\n<p>A inova\u00e7\u00e3o deste modelo de processo seletivo foi que uma \u00fanica inscri\u00e7\u00e3o valeu para o candidato concorrer a mais de um cargo, desde que dentro do mesmo eixo tem\u00e1tico.\u00a0<\/p>\n<p>Os candidatos puderam classificar as vagas de interesse por ordem de prefer\u00eancia no momento da inscri\u00e7\u00e3o, com defini\u00e7\u00e3o de prioridade em uma poss\u00edvel chamada.<\/p>\n<p>As provas foram aplicadas simultaneamente em 228 cidades de todo o Brasil, em agosto de 2024.\u00a0<\/p>\n","protected":false},"excerpt":{"rendered":"<p>O Minist\u00e9rio da Gest\u00e3o e da Inova\u00e7\u00e3o em Servi\u00e7os P\u00fablicos (MGI) autorizou, nesta ter\u00e7a-feira (11), a nomea\u00e7\u00e3o de 855 candidatos aprovados na primeira edi\u00e7\u00e3o do Concurso P\u00fablico Nacional Unificado (CPNU), de 2024. As nomea\u00e7\u00f5es s\u00e3o para o cargo de auditor-fiscal do trabalho, n\u00edvel superior, para o quadro de pessoal da Secretaria de Inspe\u00e7\u00e3o do Trabalho [&hellip;]<\/p>\n","protected":false},"author":6,"featured_media":7724,"comment_status":"open","ping_status":"open","sticky":false,"template":"","format":"standard","meta":{"site-sidebar-layout":"default","site-content-layout":"","ast-site-content-layout":"","site-content-style":"default","site-sidebar-style":"default","ast-global-header-display":"","ast-banner-title-visibility":"","ast-main-header-display":"","ast-hfb-above-header-display":"","ast-hfb-below-header-display":"","ast-hfb-mobile-header-display":"","site-post-title":"","ast-breadcrumbs-content":"","ast-featured-img":"","footer-sml-layout":"","theme-transparent-header-meta":"","adv-header-id-meta":"","stick-header-meta":"","header-above-stick-meta":"","header-main-stick-meta":"","header-below-stick-meta":"","astra-migrate-meta-layouts":"default","ast-page-background-enabled":"default","ast-page-background-meta":{"desktop":{"background-color":"var(--ast-global-color-4)","background-image":"","background-repeat":"repeat","background-position":"center center","background-size":"auto","background-attachment":"scroll","background-type":"","background-media":"","overlay-type":"","overlay-color":"","overlay-opacity":"","overlay-gradient":""},"tablet":{"background-color":"","background-image":"","background-repeat":"repeat","background-position":"center center","background-size":"auto","background-attachment":"scroll","background-type":"","background-media":"","overlay-type":"","overlay-color":"","overlay-opacity":"","overlay-gradient":""},"mobile":{"background-color":"","background-image":"","background-repeat":"repeat","background-position":"center center","background-size":"auto","background-attachment":"scroll","background-type":"","background-media":"","overlay-type":"","overlay-color":"","overlay-opacity":"","overlay-gradient":""}},"ast-content-background-meta":{"desktop":{"background-color":"var(--ast-global-color-5)","background-image":"","background-repeat":"repeat","background-position":"center center","background-size":"auto","background-attachment":"scroll","background-type":"","background-media":"","overlay-type":"","overlay-color":"","overlay-opacity":"","overlay-gradient":""},"tablet":{"background-color":"var(--ast-global-color-5)","background-image":"","background-repeat":"repeat","background-position":"center center","background-size":"auto","background-attachment":"scroll","background-type":"","background-media":"","overlay-type":"","overlay-color":"","overlay-opacity":"","overlay-gradient":""},"mobile":{"background-color":"var(--ast-global-color-5)","background-image":"","background-repeat":"repeat","background-position":"center center","background-size":"auto","background-attachment":"scroll","background-type":"","background-media":"","overlay-type":"","overlay-color":"","overlay-opacity":"","overlay-gradient":""}},"footnotes":""},"categories":[1],"tags":[],"class_list":["post-7723","post","type-post","status-publish","format-standard","has-post-thumbnail","hentry","category-sem-categoria"],"_links":{"self":[{"href":"https:\/\/jornalregionalms.com.br\/index.php?rest_route=\/wp\/v2\/posts\/7723","targetHints":{"allow":["GET"]}}],"collection":[{"href":"https:\/\/jornalregionalms.com.br\/index.php?rest_route=\/wp\/v2\/posts"}],"about":[{"href":"https:\/\/jornalregionalms.com.br\/index.php?rest_route=\/wp\/v2\/types\/post"}],"author":[{"embeddable":true,"href":"https:\/\/jornalregionalms.com.br\/index.php?rest_route=\/wp\/v2\/users\/6"}],"replies":[{"embeddable":true,"href":"https:\/\/jornalregionalms.com.br\/index.php?rest_route=%2Fwp%2Fv2%2Fcomments&post=7723"}],"version-history":[{"count":0,"href":"https:\/\/jornalregionalms.com.br\/index.php?rest_route=\/wp\/v2\/posts\/7723\/revisions"}],"wp:featuredmedia":[{"embeddable":true,"href":"https:\/\/jornalregionalms.com.br\/index.php?rest_route=\/wp\/v2\/media\/7724"}],"wp:attachment":[{"href":"https:\/\/jornalregionalms.com.br\/index.php?rest_route=%2Fwp%2Fv2%2Fmedia&parent=7723"}],"wp:term":[{"taxonomy":"category","embeddable":true,"href":"https:\/\/jornalregionalms.com.br\/index.php?rest_route=%2Fwp%2Fv2%2Fcategories&post=7723"},{"taxonomy":"post_tag","embeddable":true,"href":"https:\/\/jornalregionalms.com.br\/index.php?rest_route=%2Fwp%2Fv2%2Ftags&post=7723"}],"curies":[{"name":"wp","href":"https:\/\/api.w.org\/{rel}","templated":true}]}}