{"id":7663,"date":"2025-11-11T12:28:34","date_gmt":"2025-11-11T16:28:34","guid":{"rendered":"https:\/\/jornalregionalms.com.br\/?p=7663"},"modified":"2025-11-11T12:28:34","modified_gmt":"2025-11-11T16:28:34","slug":"inpc-recua-para-003-em-outubro-e-acumula-449-em-12-meses","status":"publish","type":"post","link":"https:\/\/jornalregionalms.com.br\/?p=7663","title":{"rendered":"INPC recua para 0,03% em outubro e acumula 4,49% em 12 meses"},"content":{"rendered":"<\/p>\n<p><a class=\"\" href=\"https:\/\/agenciabrasil.ebc.com.br\/economia\/noticia\/2025-11\/inpc-recua-para-003-em-outubro-e-acumula-449-em-12-meses\"><br \/>\n                    <img decoding=\"async\" src=\"https:\/\/cdn.jsdelivr.net\/gh\/sergiosdlima\/assets-ebc@1.0.0\/abr\/assets\/images\/logo-agenciabrasil.svg\" alt=\"Logo Ag\u00eancia Brasil\"><br \/>\n\t\t\t\t<\/a><\/p>\n<p>A infla\u00e7\u00e3o apurada pelo \u00cdndice Nacional de Pre\u00e7os ao Consumidor (INPC) fechou outubro em 0,03%, mostrando redu\u00e7\u00e3o em rela\u00e7\u00e3o ao 0,52% de setembro. <strong>Com o resultado, o acumulado de 12 meses fica em 4,49%. Nos 12 meses encerrados em setembro, o \u00edndice chegava a 5,1%.\u00a0<\/strong><img decoding=\"async\" src=\"https:\/\/agenciabrasil.ebc.com.br\/ebc.png?id=1667108&#038;o=rss\"><img decoding=\"async\" src=\"https:\/\/agenciabrasil.ebc.com.br\/ebc.gif?id=1667108&#038;o=rss\"><\/p>\n<p>Os dados foram divulgados nesta ter\u00e7a-feira (11) pelo Instituto Brasileiro de Geografia e Estat\u00edstica (IBGE).<\/p>\n<\/p>\n<h3>Not\u00edcias relacionadas:<\/h3>\n<ul>\n<li><a href=\"https:\/\/agenciabrasil.ebc.com.br\/economia\/noticia\/2025-11\/estimativas-do-mercado-para-inflacao-e-pib-permanecem-estaveis\">Estimativas do mercado para infla\u00e7\u00e3o e PIB permanecem est\u00e1veis.<\/a><\/li>\n<li><a href=\"https:\/\/agenciabrasil.ebc.com.br\/economia\/noticia\/2025-11\/mercado-financeiro-reduz-previsao-da-inflacao-para-455-no-brasil\">Mercado financeiro reduz previs\u00e3o da infla\u00e7\u00e3o para 4,55% no Brasil.<\/a><\/li>\n<\/ul>\n<p>Em outubro, os produtos aliment\u00edcios pesquisados pelo IBGE tiveram varia\u00e7\u00e3o nula (0%). J\u00e1 os n\u00e3o aliment\u00edcios subiram 0,04%.<\/p>\n<p><a href=\"https:\/\/www.whatsapp.com\/channel\/0029VaoRTgrInlqYLSk59B2M\" target=\"_blank\">>> Siga o canal da <strong>Ag\u00eancia Brasil<\/strong> no WhatsApp<\/a><\/p>\n<h2>Conta de luz ajuda<\/h2>\n<p>O grupo de produtos e servi\u00e7os que mais puxou o INPC para baixo foi a habita\u00e7\u00e3o (-0,32%), que representou impacto de menos 0,06 ponto percentual.<\/p>\n<p>A explica\u00e7\u00e3o est\u00e1 na migra\u00e7\u00e3o da <a href=\"https:\/\/agenciabrasil.ebc.com.br\/economia\/noticia\/2025-09\/aneel-reduz-bandeira-para-vermelha-1-na-conta-de-luz-em-outubro\" target=\"_blank\">bandeira tarif\u00e1ria vermelha <\/a>patamar 2 para 1. No 2, h\u00e1 cobran\u00e7a adicional de R$ 7,87 na conta de luz a cada 100 Kwh consumidos. J\u00e1 no n\u00edvel 1, vigente em outubro, o extra \u00e9 de R$ 4,46.\u00a0<\/p>\n<p>A cobran\u00e7a extra \u00e9 determinada pela Aneel para custear usinas termel\u00e9tricas em tempos de baixa nos reservat\u00f3rios das hidrel\u00e9tricas. O adicional \u00e9 necess\u00e1rio, pois a energia gerada pelas termel\u00e9tricas \u00e9 mais cara que a hidrel\u00e9trica.<\/p>\n<h2>Sal\u00e1rios<\/h2>\n<p>O INPC \u00e9 muito utilizado como indexador para c\u00e1lculo de reajuste anual de sal\u00e1rios de diversas categorias.<\/p>\n<p>O sal\u00e1rio m\u00ednimo, por exemplo, al\u00e9m de outras m\u00e9tricas, leva o INPC anual de novembro para chegar ao valor no ano seguinte. O seguro-desemprego, o benef\u00edcio e o teto do INSS s\u00e3o reajustados com base no resultado de dezembro.<\/p>\n<p><strong><a href=\"https:\/\/agenciabrasil.ebc.com.br\/economia\/noticia\/2024-06\/entenda-como-funciona-o-calculo-das-taxas-de-inflacao\" target=\"_blank\">>>Entenda como funciona o c\u00e1lculo das taxas de infla\u00e7\u00e3o<\/a><\/strong><\/p>\n<h2>INPC x IPCA<\/h2>\n<p>O IBGE divulgou tamb\u00e9m nesta ter\u00e7a-feira o \u00cdndice Nacional de Pre\u00e7os ao Consumidor Amplo (IPCA), conhecido como infla\u00e7\u00e3o oficial, que <a href=\"https:\/\/agenciabrasil.ebc.com.br\/economia\/noticia\/2025-11\/inflacao-oficial-de-outubro-fica-em-009-menor-para-o-mes-desde-1998\" target=\"_blank\">ficou em 0,09% em setembro e 4,68% em 12 meses<\/a>.\u00a0<\/p>\n<p><strong>A diferen\u00e7a entre os dois \u00edndices \u00e9 que o INPC apura a infla\u00e7\u00e3o para as fam\u00edlias com renda de um at\u00e9 cinco sal\u00e1rios m\u00ednimos e o IPCA para lares com renda de um at\u00e9 40 sal\u00e1rios m\u00ednimos. Atualmente o m\u00ednimo \u00e9 de R$ 1.518.<\/strong><\/p>\n<p>O IBGE confere pesos diferentes aos grupos de pre\u00e7os pesquisados. No INPC, por exemplo, os alimentos representam quase 25% do \u00edndice, mais do que no IPCA, cerca de 21%, pois as fam\u00edlias de menor renda gastam proporcionalmente mais com comida. Na \u00f3tica inversa, o pre\u00e7o de passagem de avi\u00e3o pesa menos no INPC do que no IPCA.<\/p>\n<p>De acordo com o IBGE, a apura\u00e7\u00e3o do INPC \u201ctem por objetivo a corre\u00e7\u00e3o do poder de compra dos sal\u00e1rios, atrav\u00e9s da mensura\u00e7\u00e3o das varia\u00e7\u00f5es de pre\u00e7os da cesta de consumo da popula\u00e7\u00e3o assalariada com mais baixo rendimento\u201d.<\/p>\n<p>A coleta de pre\u00e7os \u00e9 feita em dez regi\u00f5es metropolitanas: Bel\u00e9m, Fortaleza, Recife, Salvador, Belo Horizonte, Vit\u00f3ria, Rio de Janeiro, S\u00e3o Paulo, Curitiba e Porto Alegre. A coleta tamb\u00e9m \u00e9 feita em Bras\u00edlia, Goi\u00e2nia, Campo Grande, Rio Branco, S\u00e3o Lu\u00eds e Aracaju.<\/p>\n","protected":false},"excerpt":{"rendered":"<p>A infla\u00e7\u00e3o apurada pelo \u00cdndice Nacional de Pre\u00e7os ao Consumidor (INPC) fechou outubro em 0,03%, mostrando redu\u00e7\u00e3o em rela\u00e7\u00e3o ao 0,52% de setembro. Com o resultado, o acumulado de 12 meses fica em 4,49%. Nos 12 meses encerrados em setembro, o \u00edndice chegava a 5,1%.\u00a0 Os dados foram divulgados nesta ter\u00e7a-feira (11) pelo Instituto Brasileiro [&hellip;]<\/p>\n","protected":false},"author":25,"featured_media":7664,"comment_status":"open","ping_status":"open","sticky":false,"template":"","format":"standard","meta":{"site-sidebar-layout":"default","site-content-layout":"","ast-site-content-layout":"","site-content-style":"default","site-sidebar-style":"default","ast-global-header-display":"","ast-banner-title-visibility":"","ast-main-header-display":"","ast-hfb-above-header-display":"","ast-hfb-below-header-display":"","ast-hfb-mobile-header-display":"","site-post-title":"","ast-breadcrumbs-content":"","ast-featured-img":"","footer-sml-layout":"","theme-transparent-header-meta":"","adv-header-id-meta":"","stick-header-meta":"","header-above-stick-meta":"","header-main-stick-meta":"","header-below-stick-meta":"","astra-migrate-meta-layouts":"default","ast-page-background-enabled":"default","ast-page-background-meta":{"desktop":{"background-color":"var(--ast-global-color-4)","background-image":"","background-repeat":"repeat","background-position":"center center","background-size":"auto","background-attachment":"scroll","background-type":"","background-media":"","overlay-type":"","overlay-color":"","overlay-opacity":"","overlay-gradient":""},"tablet":{"background-color":"","background-image":"","background-repeat":"repeat","background-position":"center center","background-size":"auto","background-attachment":"scroll","background-type":"","background-media":"","overlay-type":"","overlay-color":"","overlay-opacity":"","overlay-gradient":""},"mobile":{"background-color":"","background-image":"","background-repeat":"repeat","background-position":"center center","background-size":"auto","background-attachment":"scroll","background-type":"","background-media":"","overlay-type":"","overlay-color":"","overlay-opacity":"","overlay-gradient":""}},"ast-content-background-meta":{"desktop":{"background-color":"var(--ast-global-color-5)","background-image":"","background-repeat":"repeat","background-position":"center center","background-size":"auto","background-attachment":"scroll","background-type":"","background-media":"","overlay-type":"","overlay-color":"","overlay-opacity":"","overlay-gradient":""},"tablet":{"background-color":"var(--ast-global-color-5)","background-image":"","background-repeat":"repeat","background-position":"center center","background-size":"auto","background-attachment":"scroll","background-type":"","background-media":"","overlay-type":"","overlay-color":"","overlay-opacity":"","overlay-gradient":""},"mobile":{"background-color":"var(--ast-global-color-5)","background-image":"","background-repeat":"repeat","background-position":"center center","background-size":"auto","background-attachment":"scroll","background-type":"","background-media":"","overlay-type":"","overlay-color":"","overlay-opacity":"","overlay-gradient":""}},"footnotes":""},"categories":[126],"tags":[],"class_list":["post-7663","post","type-post","status-publish","format-standard","has-post-thumbnail","hentry","category-policial"],"_links":{"self":[{"href":"https:\/\/jornalregionalms.com.br\/index.php?rest_route=\/wp\/v2\/posts\/7663","targetHints":{"allow":["GET"]}}],"collection":[{"href":"https:\/\/jornalregionalms.com.br\/index.php?rest_route=\/wp\/v2\/posts"}],"about":[{"href":"https:\/\/jornalregionalms.com.br\/index.php?rest_route=\/wp\/v2\/types\/post"}],"author":[{"embeddable":true,"href":"https:\/\/jornalregionalms.com.br\/index.php?rest_route=\/wp\/v2\/users\/25"}],"replies":[{"embeddable":true,"href":"https:\/\/jornalregionalms.com.br\/index.php?rest_route=%2Fwp%2Fv2%2Fcomments&post=7663"}],"version-history":[{"count":0,"href":"https:\/\/jornalregionalms.com.br\/index.php?rest_route=\/wp\/v2\/posts\/7663\/revisions"}],"wp:featuredmedia":[{"embeddable":true,"href":"https:\/\/jornalregionalms.com.br\/index.php?rest_route=\/wp\/v2\/media\/7664"}],"wp:attachment":[{"href":"https:\/\/jornalregionalms.com.br\/index.php?rest_route=%2Fwp%2Fv2%2Fmedia&parent=7663"}],"wp:term":[{"taxonomy":"category","embeddable":true,"href":"https:\/\/jornalregionalms.com.br\/index.php?rest_route=%2Fwp%2Fv2%2Fcategories&post=7663"},{"taxonomy":"post_tag","embeddable":true,"href":"https:\/\/jornalregionalms.com.br\/index.php?rest_route=%2Fwp%2Fv2%2Ftags&post=7663"}],"curies":[{"name":"wp","href":"https:\/\/api.w.org\/{rel}","templated":true}]}}