{"id":7653,"date":"2025-11-11T00:29:04","date_gmt":"2025-11-11T04:29:04","guid":{"rendered":"https:\/\/jornalregionalms.com.br\/?p=7653"},"modified":"2025-11-11T00:29:04","modified_gmt":"2025-11-11T04:29:04","slug":"pf-manifesta-preocupacao-com-mudancas-do-relator-em-pl-antifaccao","status":"publish","type":"post","link":"https:\/\/jornalregionalms.com.br\/?p=7653","title":{"rendered":"PF manifesta &#8220;preocupa\u00e7\u00e3o&#8221; com mudan\u00e7as do relator em PL Antifac\u00e7\u00e3o"},"content":{"rendered":"<\/p>\n<p><a class=\"\" href=\"https:\/\/agenciabrasil.ebc.com.br\/geral\/noticia\/2025-11\/pf-manifesta-preocupacao-com-mudancas-do-relator-em-pl-antifaccao\"><br \/>\n                    <img decoding=\"async\" src=\"https:\/\/cdn.jsdelivr.net\/gh\/sergiosdlima\/assets-ebc@1.0.0\/abr\/assets\/images\/logo-agenciabrasil.svg\" alt=\"Logo Ag\u00eancia Brasil\"><br \/>\n\t\t\t\t<\/a><\/p>\n<p>A <strong>Pol\u00edcia Federal divulgou nota nesta segunda-feira (10) em que manifestou &#8220;preocupa\u00e7\u00e3o&#8221; com as\u00a0mudan\u00e7as feitas pelo\u00a0deputado Guilherme Derrite (PP-SP) no\u00a0projeto de lei (PL) Antifac\u00e7\u00e3o<\/strong>, que foi encaminhado pelo governo federal e est\u00e1 em tramita\u00e7\u00e3o no Congresso Nacional. Derrite \u00e9 o relator da proposta na C\u00e2mara dos Deputados.\u00a0<img decoding=\"async\" src=\"https:\/\/agenciabrasil.ebc.com.br\/ebc.png?id=1667058&#038;o=rss\"><img decoding=\"async\" src=\"https:\/\/agenciabrasil.ebc.com.br\/ebc.gif?id=1667058&#038;o=rss\"><\/p>\n<p>Na nota p\u00fablica, a <strong>PF diz que as altera\u00e7\u00f5es amea\u00e7am e trazem um &#8220;risco real de enfraquecimento no combate ao crime organizado&#8221;.\u00a0<\/strong><\/p>\n<blockquote>\n<h3>Not\u00edcias relacionadas:<\/h3>\n<ul>\n<li><a href=\"https:\/\/agenciabrasil.ebc.com.br\/politica\/noticia\/2025-11\/relator-submete-atuacao-da-pf-contra-faccoes-pedido-de-governador\">Relator submete atua\u00e7\u00e3o da PF contra fac\u00e7\u00f5es a pedido de governador.<\/a><\/li>\n<li><a href=\"https:\/\/agenciabrasil.ebc.com.br\/justica\/noticia\/2025-11\/substitutivo-de-derrite-limita-combate-faccoes-diz-mario-sarrubbo\">Substitutivo de Derrite limita combate a fac\u00e7\u00f5es, diz M\u00e1rio Sarrubbo.<\/a><\/li>\n<li><a href=\"https:\/\/agenciabrasil.ebc.com.br\/politica\/noticia\/2025-11\/projeto-de-lei-antifaccao-conheca-os-principais-pontos-da-proposta\">Projeto de Lei Antifac\u00e7\u00e3o: conhe\u00e7a os principais pontos da proposta .<\/a><\/li>\n<\/ul>\n<p>&#8220;A proposta original, encaminhada pelo Governo do Brasil, tem como objetivo endurecer o combate ao crime e fortalecer as institui\u00e7\u00f5es respons\u00e1veis pelo enfrentamento \u00e0s organiza\u00e7\u00f5es criminosas. Entretanto, o texto em discuss\u00e3o no Parlamento amea\u00e7a esse prop\u00f3sito ao introduzir modifica\u00e7\u00f5es estruturais que comprometem o interesse p\u00fablico&#8221;, diz o comunicado.\u00a0\n<\/p><\/blockquote>\n<p><strong>&#8220;A Pol\u00edcia Federal acompanha com preocupa\u00e7\u00e3o as altera\u00e7\u00f5es produzidas pelo relat\u00f3rio sobre o Projeto de Lei Antifac\u00e7\u00e3o&#8221;, acrescenta.\u00a0<\/strong><\/p>\n<p>Em parecer, o deputado Guilherme Derrite <a href=\"https:\/\/agenciabrasil.ebc.com.br\/politica\/noticia\/2025-11\/relator-submete-atuacao-da-pf-contra-faccoes-pedido-de-governador\" target=\"_blank\">condiciona as investiga\u00e7\u00f5es conjuntas da Pol\u00edcia Federal com for\u00e7as estaduais sobre crimes relacionados a fac\u00e7\u00f5es criminosas a um pedido formal do governador<\/a>.<\/p>\n<p>Para a PF, a exig\u00eancia poder\u00e1 restringir o alcance das opera\u00e7\u00f5es.\u00a0<\/p>\n<blockquote>\n<p>&#8220;Essa altera\u00e7\u00e3o, somada \u00e0 supress\u00e3o de compet\u00eancias da Pol\u00edcia Federal, compromete o alcance e os resultados das investiga\u00e7\u00f5es, representando um verdadeiro retrocesso no enfrentamento aos crimes praticados por organiza\u00e7\u00f5es criminosas, como corrup\u00e7\u00e3o, tr\u00e1fico de drogas, desvios de recursos p\u00fablicos, tr\u00e1fico de pessoas, entre outros&#8221;, diz.\u00a0<\/p>\n<\/blockquote>\n<p>A pol\u00edcia cita que, em agosto, foi realizada a maior opera\u00e7\u00e3o contra o crime organizado no pa\u00eds. Na ocasi\u00e3o, a\u00a0a\u00e7\u00e3o policial, deflagrada em S\u00e3o Paulo, revelou que o\u00a0<a href=\"https:\/\/agenciabrasil.ebc.com.br\/geral\/noticia\/2025-09\/pcc-usa-postos-e-moteis-para-lavagem-de-dinheiro-aponta-operacao\" target=\"_blank\">Primeiro Comando da Capital (PCC)\u00a0usava postos de combust\u00edveis, mot\u00e9is e empresas de fachada para lavagem de dinheiro<\/a> em um esquema bilion\u00e1rio.\u00a0<\/p>\n<blockquote>\n<p>&#8220;Pelas regras propostas no relat\u00f3rio em discuss\u00e3o, opera\u00e7\u00f5es como essa estariam sob amea\u00e7a de n\u00e3o ocorrerem ou de terem seus efeitos severamente limitados&#8221;, afirma.\u00a0<\/p>\n<\/blockquote>\n<p>O <strong>projeto est\u00e1 na pauta de vota\u00e7\u00e3o desta ter\u00e7a-feira (11) da C\u00e2mara.\u00a0<\/strong><\/p>\n","protected":false},"excerpt":{"rendered":"<p>A Pol\u00edcia Federal divulgou nota nesta segunda-feira (10) em que manifestou &#8220;preocupa\u00e7\u00e3o&#8221; com as\u00a0mudan\u00e7as feitas pelo\u00a0deputado Guilherme Derrite (PP-SP) no\u00a0projeto de lei (PL) Antifac\u00e7\u00e3o, que foi encaminhado pelo governo federal e est\u00e1 em tramita\u00e7\u00e3o no Congresso Nacional. Derrite \u00e9 o relator da proposta na C\u00e2mara dos Deputados.\u00a0 Na nota p\u00fablica, a PF diz que as [&hellip;]<\/p>\n","protected":false},"author":15,"featured_media":7654,"comment_status":"open","ping_status":"open","sticky":false,"template":"","format":"standard","meta":{"site-sidebar-layout":"default","site-content-layout":"","ast-site-content-layout":"","site-content-style":"default","site-sidebar-style":"default","ast-global-header-display":"","ast-banner-title-visibility":"","ast-main-header-display":"","ast-hfb-above-header-display":"","ast-hfb-below-header-display":"","ast-hfb-mobile-header-display":"","site-post-title":"","ast-breadcrumbs-content":"","ast-featured-img":"","footer-sml-layout":"","theme-transparent-header-meta":"","adv-header-id-meta":"","stick-header-meta":"","header-above-stick-meta":"","header-main-stick-meta":"","header-below-stick-meta":"","astra-migrate-meta-layouts":"default","ast-page-background-enabled":"default","ast-page-background-meta":{"desktop":{"background-color":"var(--ast-global-color-4)","background-image":"","background-repeat":"repeat","background-position":"center center","background-size":"auto","background-attachment":"scroll","background-type":"","background-media":"","overlay-type":"","overlay-color":"","overlay-opacity":"","overlay-gradient":""},"tablet":{"background-color":"","background-image":"","background-repeat":"repeat","background-position":"center center","background-size":"auto","background-attachment":"scroll","background-type":"","background-media":"","overlay-type":"","overlay-color":"","overlay-opacity":"","overlay-gradient":""},"mobile":{"background-color":"","background-image":"","background-repeat":"repeat","background-position":"center center","background-size":"auto","background-attachment":"scroll","background-type":"","background-media":"","overlay-type":"","overlay-color":"","overlay-opacity":"","overlay-gradient":""}},"ast-content-background-meta":{"desktop":{"background-color":"var(--ast-global-color-5)","background-image":"","background-repeat":"repeat","background-position":"center center","background-size":"auto","background-attachment":"scroll","background-type":"","background-media":"","overlay-type":"","overlay-color":"","overlay-opacity":"","overlay-gradient":""},"tablet":{"background-color":"var(--ast-global-color-5)","background-image":"","background-repeat":"repeat","background-position":"center center","background-size":"auto","background-attachment":"scroll","background-type":"","background-media":"","overlay-type":"","overlay-color":"","overlay-opacity":"","overlay-gradient":""},"mobile":{"background-color":"var(--ast-global-color-5)","background-image":"","background-repeat":"repeat","background-position":"center center","background-size":"auto","background-attachment":"scroll","background-type":"","background-media":"","overlay-type":"","overlay-color":"","overlay-opacity":"","overlay-gradient":""}},"footnotes":""},"categories":[1],"tags":[],"class_list":["post-7653","post","type-post","status-publish","format-standard","has-post-thumbnail","hentry","category-sem-categoria"],"_links":{"self":[{"href":"https:\/\/jornalregionalms.com.br\/index.php?rest_route=\/wp\/v2\/posts\/7653","targetHints":{"allow":["GET"]}}],"collection":[{"href":"https:\/\/jornalregionalms.com.br\/index.php?rest_route=\/wp\/v2\/posts"}],"about":[{"href":"https:\/\/jornalregionalms.com.br\/index.php?rest_route=\/wp\/v2\/types\/post"}],"author":[{"embeddable":true,"href":"https:\/\/jornalregionalms.com.br\/index.php?rest_route=\/wp\/v2\/users\/15"}],"replies":[{"embeddable":true,"href":"https:\/\/jornalregionalms.com.br\/index.php?rest_route=%2Fwp%2Fv2%2Fcomments&post=7653"}],"version-history":[{"count":0,"href":"https:\/\/jornalregionalms.com.br\/index.php?rest_route=\/wp\/v2\/posts\/7653\/revisions"}],"wp:featuredmedia":[{"embeddable":true,"href":"https:\/\/jornalregionalms.com.br\/index.php?rest_route=\/wp\/v2\/media\/7654"}],"wp:attachment":[{"href":"https:\/\/jornalregionalms.com.br\/index.php?rest_route=%2Fwp%2Fv2%2Fmedia&parent=7653"}],"wp:term":[{"taxonomy":"category","embeddable":true,"href":"https:\/\/jornalregionalms.com.br\/index.php?rest_route=%2Fwp%2Fv2%2Fcategories&post=7653"},{"taxonomy":"post_tag","embeddable":true,"href":"https:\/\/jornalregionalms.com.br\/index.php?rest_route=%2Fwp%2Fv2%2Ftags&post=7653"}],"curies":[{"name":"wp","href":"https:\/\/api.w.org\/{rel}","templated":true}]}}