{"id":7649,"date":"2025-11-11T00:29:01","date_gmt":"2025-11-11T04:29:01","guid":{"rendered":"https:\/\/jornalregionalms.com.br\/?p=7649"},"modified":"2025-11-11T00:29:01","modified_gmt":"2025-11-11T04:29:01","slug":"previsao-do-tempo-semana-tera-chuvas-na-maior-parte-do-brasil","status":"publish","type":"post","link":"https:\/\/jornalregionalms.com.br\/?p=7649","title":{"rendered":"Previs\u00e3o do tempo: semana ter\u00e1 chuvas na maior parte do Brasil"},"content":{"rendered":"<p>Segundo o Instituto Nacional de Meteorologia, nesta semana, a regi\u00e3o Norte deve ter chuva em grande parte dos estados e, no Amazonas, o acumulado pode chegar a 150 mil\u00edmetros. A chuva deve se concentrar principalmente na faixa oeste da regi\u00e3o e a umidade relativa do ar deve ficar acima de 50%, com exce\u00e7\u00e3o do Amap\u00e1, norte e leste do Par\u00e1.<img decoding=\"async\" src=\"https:\/\/agenciabrasil.ebc.com.br\/ebc.png?id=1667042&#038;o=rss\"><img decoding=\"async\" src=\"https:\/\/agenciabrasil.ebc.com.br\/ebc.gif?id=1667042&#038;o=rss\"><\/p>\n<p>Para o Nordeste, a previs\u00e3o \u00e9 de tempo seco ao longo da semana, exceto no sul e leste da Bahia, onde os acumulados de chuva podem variar de 200 a 300 mil\u00edmetros em cinco dias. Os \u00edndices de umidade relativa do ar devem ficar bem baixos, especialmente entre Cear\u00e1, Piau\u00ed e Pernambuco, com n\u00edveis abaixo de 20%.<\/p>\n<p>No Centro-Oeste a previs\u00e3o \u00e9 de grande volume de chuva em Mato Grosso do Sul, com acumulados entre 100 e 200 mil\u00edmetros. Tamb\u00e9m h\u00e1 possibilidade de precipita\u00e7\u00e3o em Mato Grosso e em Goi\u00e1s. A umidade relativa do ar deve ficar acima ou por volta de 50% e come\u00e7a a cair a partir de quinta-feira com a aus\u00eancia de chuva e o aumento das temperaturas.<\/p>\n<p>Na regi\u00e3o Sudeste, h\u00e1 indica\u00e7\u00e3o de chuva nos estados de S\u00e3o Paulo e noroeste de Minas Gerais na madrugada de segunda para ter\u00e7a-feira. E pode voltar a chover na sexta-feira em S\u00e3o Paulo, com volumes de 20 a 50 mil\u00edmetros. A umidade relativa do ar fica mais baixa em Minas Gerais, com valores entre 30 e 40%.<\/p>\n<p>No Sul do pa\u00eds, a previs\u00e3o \u00e9 de que as chuvas retornem a partir de quarta-feira, com acumulados que podem ultrapassar 100 mil\u00edmetros no oeste dos estados do Paran\u00e1 e de Santa Catarina. A umidade relativa do ar sobe para 70% na segunda metade da semana, com a volta das chuvas intensas.<\/p>\n<p>  <span class=\"hms hms-format-m-ss\">2:25<\/span><\/p>\n","protected":false},"excerpt":{"rendered":"<p>Segundo o Instituto Nacional de Meteorologia, nesta semana, a regi\u00e3o Norte deve ter chuva em grande parte dos estados e, no Amazonas, o acumulado pode chegar a 150 mil\u00edmetros. A chuva deve se concentrar principalmente na faixa oeste da regi\u00e3o e a umidade relativa do ar deve ficar acima de 50%, com exce\u00e7\u00e3o do Amap\u00e1, [&hellip;]<\/p>\n","protected":false},"author":105,"featured_media":7650,"comment_status":"open","ping_status":"open","sticky":false,"template":"","format":"standard","meta":{"site-sidebar-layout":"default","site-content-layout":"","ast-site-content-layout":"","site-content-style":"default","site-sidebar-style":"default","ast-global-header-display":"","ast-banner-title-visibility":"","ast-main-header-display":"","ast-hfb-above-header-display":"","ast-hfb-below-header-display":"","ast-hfb-mobile-header-display":"","site-post-title":"","ast-breadcrumbs-content":"","ast-featured-img":"","footer-sml-layout":"","theme-transparent-header-meta":"","adv-header-id-meta":"","stick-header-meta":"","header-above-stick-meta":"","header-main-stick-meta":"","header-below-stick-meta":"","astra-migrate-meta-layouts":"default","ast-page-background-enabled":"default","ast-page-background-meta":{"desktop":{"background-color":"var(--ast-global-color-4)","background-image":"","background-repeat":"repeat","background-position":"center center","background-size":"auto","background-attachment":"scroll","background-type":"","background-media":"","overlay-type":"","overlay-color":"","overlay-opacity":"","overlay-gradient":""},"tablet":{"background-color":"","background-image":"","background-repeat":"repeat","background-position":"center center","background-size":"auto","background-attachment":"scroll","background-type":"","background-media":"","overlay-type":"","overlay-color":"","overlay-opacity":"","overlay-gradient":""},"mobile":{"background-color":"","background-image":"","background-repeat":"repeat","background-position":"center center","background-size":"auto","background-attachment":"scroll","background-type":"","background-media":"","overlay-type":"","overlay-color":"","overlay-opacity":"","overlay-gradient":""}},"ast-content-background-meta":{"desktop":{"background-color":"var(--ast-global-color-5)","background-image":"","background-repeat":"repeat","background-position":"center center","background-size":"auto","background-attachment":"scroll","background-type":"","background-media":"","overlay-type":"","overlay-color":"","overlay-opacity":"","overlay-gradient":""},"tablet":{"background-color":"var(--ast-global-color-5)","background-image":"","background-repeat":"repeat","background-position":"center center","background-size":"auto","background-attachment":"scroll","background-type":"","background-media":"","overlay-type":"","overlay-color":"","overlay-opacity":"","overlay-gradient":""},"mobile":{"background-color":"var(--ast-global-color-5)","background-image":"","background-repeat":"repeat","background-position":"center center","background-size":"auto","background-attachment":"scroll","background-type":"","background-media":"","overlay-type":"","overlay-color":"","overlay-opacity":"","overlay-gradient":""}},"footnotes":""},"categories":[1],"tags":[],"class_list":["post-7649","post","type-post","status-publish","format-standard","has-post-thumbnail","hentry","category-sem-categoria"],"_links":{"self":[{"href":"https:\/\/jornalregionalms.com.br\/index.php?rest_route=\/wp\/v2\/posts\/7649","targetHints":{"allow":["GET"]}}],"collection":[{"href":"https:\/\/jornalregionalms.com.br\/index.php?rest_route=\/wp\/v2\/posts"}],"about":[{"href":"https:\/\/jornalregionalms.com.br\/index.php?rest_route=\/wp\/v2\/types\/post"}],"author":[{"embeddable":true,"href":"https:\/\/jornalregionalms.com.br\/index.php?rest_route=\/wp\/v2\/users\/105"}],"replies":[{"embeddable":true,"href":"https:\/\/jornalregionalms.com.br\/index.php?rest_route=%2Fwp%2Fv2%2Fcomments&post=7649"}],"version-history":[{"count":0,"href":"https:\/\/jornalregionalms.com.br\/index.php?rest_route=\/wp\/v2\/posts\/7649\/revisions"}],"wp:featuredmedia":[{"embeddable":true,"href":"https:\/\/jornalregionalms.com.br\/index.php?rest_route=\/wp\/v2\/media\/7650"}],"wp:attachment":[{"href":"https:\/\/jornalregionalms.com.br\/index.php?rest_route=%2Fwp%2Fv2%2Fmedia&parent=7649"}],"wp:term":[{"taxonomy":"category","embeddable":true,"href":"https:\/\/jornalregionalms.com.br\/index.php?rest_route=%2Fwp%2Fv2%2Fcategories&post=7649"},{"taxonomy":"post_tag","embeddable":true,"href":"https:\/\/jornalregionalms.com.br\/index.php?rest_route=%2Fwp%2Fv2%2Ftags&post=7649"}],"curies":[{"name":"wp","href":"https:\/\/api.w.org\/{rel}","templated":true}]}}