{"id":7647,"date":"2025-11-11T00:28:57","date_gmt":"2025-11-11T04:28:57","guid":{"rendered":"https:\/\/jornalregionalms.com.br\/?p=7647"},"modified":"2025-11-11T00:28:57","modified_gmt":"2025-11-11T04:28:57","slug":"fiocruz-vai-ampliar-producao-de-kits-diagnosticos-para-o-sus","status":"publish","type":"post","link":"https:\/\/jornalregionalms.com.br\/?p=7647","title":{"rendered":"Fiocruz vai ampliar produ\u00e7\u00e3o de kits diagn\u00f3sticos para o SUS"},"content":{"rendered":"<\/p>\n<p><a class=\"\" href=\"https:\/\/agenciabrasil.ebc.com.br\/saude\/noticia\/2025-11\/fiocruz-vai-ampliar-producao-de-kits-diagnosticos-para-o-sus\"><br \/>\n                    <img decoding=\"async\" src=\"https:\/\/cdn.jsdelivr.net\/gh\/sergiosdlima\/assets-ebc@1.0.0\/abr\/assets\/images\/logo-agenciabrasil.svg\" alt=\"Logo Ag\u00eancia Brasil\"><br \/>\n\t\t\t\t<\/a><\/p>\n<p>A Funda\u00e7\u00e3o Oswaldo Cruz (Fiocruz) vai ampliar sua\u00a0capacidade de produ\u00e7\u00e3o de insumos e kits diagn\u00f3sticos para o Sistema \u00danico de Sa\u00fade com uma nova planta produtiva, que teve sua cess\u00e3o\u00a0\u00e0 institui\u00e7\u00e3o formalizada nesta segunda-feira (10).<img decoding=\"async\" src=\"https:\/\/agenciabrasil.ebc.com.br\/ebc.png?id=1666953&#038;o=rss\"><img decoding=\"async\" src=\"https:\/\/agenciabrasil.ebc.com.br\/ebc.gif?id=1666953&#038;o=rss\"><\/p>\n<p>A f\u00e1brica pertence \u00e0 empresa francesa bioM\u00e8rieux e fica em Jacarepagu\u00e1, na Zona Sudoeste do Rio de Janeiro, e <strong>ser\u00e1 cedida \u00e0 Fiocruz por um per\u00edodo inicial de dez anos.<\/strong><\/p>\n<\/p>\n<h3>Not\u00edcias relacionadas:<\/h3>\n<ul>\n<li><a href=\"https:\/\/agenciabrasil.ebc.com.br\/meio-ambiente\/noticia\/2025-11\/ebc-e-cocfiocruz-se-unem-em-podcast-sobre-saude-do-planeta\">EBC e COC\/Fiocruz se unem em podcast sobre a sa\u00fade do planeta.<\/a><\/li>\n<li><a href=\"https:\/\/agenciabrasil.ebc.com.br\/saude\/noticia\/2025-10\/fiocruz-e-ufmg-firmam-parceria-para-expandir-centro-de-vacinas\">Fiocruz e UFMG firmam parceria para expandir centro de vacinas .<\/a><\/li>\n<li><a href=\"https:\/\/agenciabrasil.ebc.com.br\/saude\/noticia\/2025-10\/pesquisas-brasileiras-avancam-no-diagnostico-de-alzheimer\">Pesquisas brasileiras avan\u00e7am no diagn\u00f3stico de Alzheimer .<\/a><\/li>\n<\/ul>\n<p>A Fiocruz e a bioM\u00e9rieux, l\u00edder mundial na produ\u00e7\u00e3o de diagn\u00f3sticos, tamb\u00e9m assinaram em junho um memorando de entendimento para a coopera\u00e7\u00e3o em pesquisa, desenvolvimento e inova\u00e7\u00e3o tecnol\u00f3gica.<\/p>\n<p>A cess\u00e3o da planta foi proposta pela bioM\u00e9rieux, porque a empresa francesa decidiu encerrar as atividades da f\u00e1brica\u00a0na redefini\u00e7\u00e3o de seu modelo de neg\u00f3cio no pa\u00eds. No entanto, <strong>como a empresa francesa \u00e9 fornecedora da sa\u00fade p\u00fablica brasileira\u00a0desde a d\u00e9cada de 70\u00a0e j\u00e1 tem outros acordos com a Fiocruz, decidiu ceder sua unidade industrial \u00e0 funda\u00e7\u00e3o, ao inv\u00e9s de fech\u00e1-la.<\/strong><\/p>\n<p><a href=\"https:\/\/www.whatsapp.com\/channel\/0029VaoRTgrInlqYLSk59B2M\" target=\"_blank\">>> Siga o canal da <strong>Ag\u00eancia Brasil <\/strong>no WhatsApp<\/a><\/p>\n<p><strong>A opera\u00e7\u00e3o da Fiocruz no local est\u00e1 programada para come\u00e7ar em mar\u00e7o de 2026, com a produ\u00e7\u00e3o da linha de testes r\u00e1pidos. <\/strong><\/p>\n<p>O novo campus ficar\u00e1 ligado ao Instituto de Tecnologia em Imunobiol\u00f3gicos (Bio-Manguinhos\/Fiocruz), unidade da Fiocruz respons\u00e1vel pela pesquisa, desenvolvimento e produ\u00e7\u00e3o de vacinas, kits para diagn\u00f3stico, biof\u00e1rmacos e terapias avan\u00e7adas destinados prioritariamente ao SUS.<\/p>\n<p><strong>Na f\u00e1brica, ser\u00e1 poss\u00edvel realizar desde o corte at\u00e9 o processamento final e montagem dos testes, incluindo as \u00e1reas dedicadas ao controle de qualidade, testes de estabilidade e a produ\u00e7\u00e3o de pain\u00e9is para a avalia\u00e7\u00e3o externa.<\/strong><\/p>\n<p>Com isso, a Fiocruz espera reduzir o tempo de produ\u00e7\u00e3o e tamb\u00e9m fortalecer a autonomia nacional em diagn\u00f3sticos, bem como\u00a0a resposta do Brasil em caso de emerg\u00eancias sanit\u00e1rias, como explica o presidente da funda\u00e7\u00e3o, Mario Moreira.<\/p>\n<p>\u201cEsse \u00e9 um passo estrat\u00e9gico para ampliar a capacidade nacional de produ\u00e7\u00e3o e inova\u00e7\u00e3o em diagn\u00f3sticos, gerando benef\u00edcios \u00e0 popula\u00e7\u00e3o ofertando ferramentas diagn\u00f3sticas precisas, tempestivas, sustent\u00e1veis, acompanhando o avan\u00e7o tecnol\u00f3gico em favor do enfrentamento de emerg\u00eancias sanit\u00e1rias\u201d.<\/p>\n","protected":false},"excerpt":{"rendered":"<p>A Funda\u00e7\u00e3o Oswaldo Cruz (Fiocruz) vai ampliar sua\u00a0capacidade de produ\u00e7\u00e3o de insumos e kits diagn\u00f3sticos para o Sistema \u00danico de Sa\u00fade com uma nova planta produtiva, que teve sua cess\u00e3o\u00a0\u00e0 institui\u00e7\u00e3o formalizada nesta segunda-feira (10). A f\u00e1brica pertence \u00e0 empresa francesa bioM\u00e8rieux e fica em Jacarepagu\u00e1, na Zona Sudoeste do Rio de Janeiro, e ser\u00e1 [&hellip;]<\/p>\n","protected":false},"author":67,"featured_media":7648,"comment_status":"open","ping_status":"open","sticky":false,"template":"","format":"standard","meta":{"site-sidebar-layout":"default","site-content-layout":"","ast-site-content-layout":"","site-content-style":"default","site-sidebar-style":"default","ast-global-header-display":"","ast-banner-title-visibility":"","ast-main-header-display":"","ast-hfb-above-header-display":"","ast-hfb-below-header-display":"","ast-hfb-mobile-header-display":"","site-post-title":"","ast-breadcrumbs-content":"","ast-featured-img":"","footer-sml-layout":"","theme-transparent-header-meta":"","adv-header-id-meta":"","stick-header-meta":"","header-above-stick-meta":"","header-main-stick-meta":"","header-below-stick-meta":"","astra-migrate-meta-layouts":"default","ast-page-background-enabled":"default","ast-page-background-meta":{"desktop":{"background-color":"var(--ast-global-color-4)","background-image":"","background-repeat":"repeat","background-position":"center center","background-size":"auto","background-attachment":"scroll","background-type":"","background-media":"","overlay-type":"","overlay-color":"","overlay-opacity":"","overlay-gradient":""},"tablet":{"background-color":"","background-image":"","background-repeat":"repeat","background-position":"center center","background-size":"auto","background-attachment":"scroll","background-type":"","background-media":"","overlay-type":"","overlay-color":"","overlay-opacity":"","overlay-gradient":""},"mobile":{"background-color":"","background-image":"","background-repeat":"repeat","background-position":"center center","background-size":"auto","background-attachment":"scroll","background-type":"","background-media":"","overlay-type":"","overlay-color":"","overlay-opacity":"","overlay-gradient":""}},"ast-content-background-meta":{"desktop":{"background-color":"var(--ast-global-color-5)","background-image":"","background-repeat":"repeat","background-position":"center center","background-size":"auto","background-attachment":"scroll","background-type":"","background-media":"","overlay-type":"","overlay-color":"","overlay-opacity":"","overlay-gradient":""},"tablet":{"background-color":"var(--ast-global-color-5)","background-image":"","background-repeat":"repeat","background-position":"center center","background-size":"auto","background-attachment":"scroll","background-type":"","background-media":"","overlay-type":"","overlay-color":"","overlay-opacity":"","overlay-gradient":""},"mobile":{"background-color":"var(--ast-global-color-5)","background-image":"","background-repeat":"repeat","background-position":"center center","background-size":"auto","background-attachment":"scroll","background-type":"","background-media":"","overlay-type":"","overlay-color":"","overlay-opacity":"","overlay-gradient":""}},"footnotes":""},"categories":[1],"tags":[],"class_list":["post-7647","post","type-post","status-publish","format-standard","has-post-thumbnail","hentry","category-sem-categoria"],"_links":{"self":[{"href":"https:\/\/jornalregionalms.com.br\/index.php?rest_route=\/wp\/v2\/posts\/7647","targetHints":{"allow":["GET"]}}],"collection":[{"href":"https:\/\/jornalregionalms.com.br\/index.php?rest_route=\/wp\/v2\/posts"}],"about":[{"href":"https:\/\/jornalregionalms.com.br\/index.php?rest_route=\/wp\/v2\/types\/post"}],"author":[{"embeddable":true,"href":"https:\/\/jornalregionalms.com.br\/index.php?rest_route=\/wp\/v2\/users\/67"}],"replies":[{"embeddable":true,"href":"https:\/\/jornalregionalms.com.br\/index.php?rest_route=%2Fwp%2Fv2%2Fcomments&post=7647"}],"version-history":[{"count":0,"href":"https:\/\/jornalregionalms.com.br\/index.php?rest_route=\/wp\/v2\/posts\/7647\/revisions"}],"wp:featuredmedia":[{"embeddable":true,"href":"https:\/\/jornalregionalms.com.br\/index.php?rest_route=\/wp\/v2\/media\/7648"}],"wp:attachment":[{"href":"https:\/\/jornalregionalms.com.br\/index.php?rest_route=%2Fwp%2Fv2%2Fmedia&parent=7647"}],"wp:term":[{"taxonomy":"category","embeddable":true,"href":"https:\/\/jornalregionalms.com.br\/index.php?rest_route=%2Fwp%2Fv2%2Fcategories&post=7647"},{"taxonomy":"post_tag","embeddable":true,"href":"https:\/\/jornalregionalms.com.br\/index.php?rest_route=%2Fwp%2Fv2%2Ftags&post=7647"}],"curies":[{"name":"wp","href":"https:\/\/api.w.org\/{rel}","templated":true}]}}