{"id":7645,"date":"2025-11-11T00:28:58","date_gmt":"2025-11-11T04:28:58","guid":{"rendered":"https:\/\/jornalregionalms.com.br\/?p=7645"},"modified":"2025-11-11T00:28:58","modified_gmt":"2025-11-11T04:28:58","slug":"medicos-e-psicologos-do-sus-atendem-vitimas-do-tornado-no-parana","status":"publish","type":"post","link":"https:\/\/jornalregionalms.com.br\/?p=7645","title":{"rendered":"M\u00e9dicos e psic\u00f3logos do SUS atendem v\u00edtimas do tornado no Paran\u00e1"},"content":{"rendered":"<\/p>\n<p><a class=\"\" href=\"https:\/\/agenciabrasil.ebc.com.br\/saude\/noticia\/2025-11\/medicos-e-psicologos-do-sus-atendem-vitimas-do-tornado-no-parana\"><br \/>\n                    <img decoding=\"async\" src=\"https:\/\/cdn.jsdelivr.net\/gh\/sergiosdlima\/assets-ebc@1.0.0\/abr\/assets\/images\/logo-agenciabrasil.svg\" alt=\"Logo Ag\u00eancia Brasil\"><br \/>\n\t\t\t\t<\/a><\/p>\n<p><strong>Profissionais de medicina e psicologia da For\u00e7a Nacional do Sistema \u00danico de Sa\u00fade j\u00e1 atenderam mais de 800 pessoas na cidade de Rio Bonito do Igua\u00e7u (PR)<\/strong>, a mais atingida pelo tornado da \u00faltima sexta (7). O munic\u00edpio teve <strong>seis mortes, pelo menos 775 feridos e 39 pessoas desabrigadas<\/strong>.<img decoding=\"async\" src=\"https:\/\/agenciabrasil.ebc.com.br\/ebc.png?id=1667061&#038;o=rss\"><img decoding=\"async\" src=\"https:\/\/agenciabrasil.ebc.com.br\/ebc.gif?id=1667061&#038;o=rss\"><\/p>\n<p>Segundo o Minist\u00e9rio da Sa\u00fade, as equipes\u00a0permanecer\u00e3o\u00a0no territ\u00f3rio por tempo indeterminado at\u00e9 que haja estabiliza\u00e7\u00e3o da situa\u00e7\u00e3o. Os profissionais apoiam a reorganiza\u00e7\u00e3o da estrutura de assist\u00eancia de sa\u00fade e refor\u00e7am o servi\u00e7o nas unidades. Eles atuam tanto na aten\u00e7\u00e3o prim\u00e1ria, na urg\u00eancia e emerg\u00eancia, e tamb\u00e9m em abrigos.<\/p>\n<p><strong>Das sete unidades de sa\u00fade do munic\u00edpio, duas permanecem com funcionamento parcial<\/strong>. O atendimento de urg\u00eancia e emerg\u00eancia foi centralizado no munic\u00edpio de Laranjeiras do Sul.<\/p>\n<h2>Sa\u00fade mental<\/h2>\n<\/p>\n<h3>Not\u00edcias relacionadas:<\/h3>\n<ul>\n<li><a href=\"https:\/\/agenciabrasil.ebc.com.br\/meio-ambiente\/noticia\/2025-11\/tornados-simultaneos-no-sul-surpreenderam-meteorologistas\">Tornados simult\u00e2neos no Sul surpreenderam meteorologistas.<\/a><\/li>\n<li><a href=\"https:\/\/agenciabrasil.ebc.com.br\/geral\/noticia\/2025-11\/familias-atingidas-por-tempestade-no-parana-vao-receber-ate-r-50-mil\">Fam\u00edlias atingidas por tempestade no Paran\u00e1 v\u00e3o receber at\u00e9 R$ 50 mil.<\/a><\/li>\n<li><a href=\"https:\/\/agenciabrasil.ebc.com.br\/geral\/noticia\/2025-11\/jovem-de-21-anos-morre-no-rio-grande-do-sul-devido-tempestades\">Jovem de 21 anos morre no Rio Grande do Sul devido a tempestades .<\/a><\/li>\n<\/ul>\n<p>O atendimento de sa\u00fade mental \u00e9 outro foco fundamental do trabalho, segundo\u00a0o coordenador da For\u00e7a Nacional do SUS, Rodrigo Stabelli, diante de 80% da cidade devastada, conforme foi divulgado pelo Minist\u00e9rio da Sa\u00fade.\u00a0<\/p>\n<p>Ele afirma que o impacto da situa\u00e7\u00e3o faz com que diferentes grupos et\u00e1rios sofram psicologicamente, como \u00e9 o caso das crian\u00e7as e idosos.\u00a0<\/p>\n<p>Stabelli diz que as a\u00e7\u00f5es incluem acolhimento emocional de profissionais da linha de frente, acompanhamento de fam\u00edlias afetadas e rodas de conversa em abrigos, escolas e igrejas.\u00a0<\/p>\n<p>Ao todo, <strong>55 munic\u00edpios do Paran\u00e1 foram impactados por tempestades, com mais de 31 mil pessoas afetadas<\/strong>. A estrat\u00e9gia da For\u00e7a Nacional do SUS envolve o envio de psic\u00f3logos, psiquiatras, farmac\u00eauticos e gestores t\u00e9cnicos.<\/p>\n<p>No abrigo de Laranjeiras do Sul, onde est\u00e3o alojadas 34 pessoas, a equipe multiprofissional garante escuta qualificada e encaminhamentos de maior complexidade, em conjunto com a assist\u00eancia social.<\/p>\n","protected":false},"excerpt":{"rendered":"<p>Profissionais de medicina e psicologia da For\u00e7a Nacional do Sistema \u00danico de Sa\u00fade j\u00e1 atenderam mais de 800 pessoas na cidade de Rio Bonito do Igua\u00e7u (PR), a mais atingida pelo tornado da \u00faltima sexta (7). O munic\u00edpio teve seis mortes, pelo menos 775 feridos e 39 pessoas desabrigadas. Segundo o Minist\u00e9rio da Sa\u00fade, as [&hellip;]<\/p>\n","protected":false},"author":74,"featured_media":7646,"comment_status":"open","ping_status":"open","sticky":false,"template":"","format":"standard","meta":{"site-sidebar-layout":"default","site-content-layout":"","ast-site-content-layout":"","site-content-style":"default","site-sidebar-style":"default","ast-global-header-display":"","ast-banner-title-visibility":"","ast-main-header-display":"","ast-hfb-above-header-display":"","ast-hfb-below-header-display":"","ast-hfb-mobile-header-display":"","site-post-title":"","ast-breadcrumbs-content":"","ast-featured-img":"","footer-sml-layout":"","theme-transparent-header-meta":"","adv-header-id-meta":"","stick-header-meta":"","header-above-stick-meta":"","header-main-stick-meta":"","header-below-stick-meta":"","astra-migrate-meta-layouts":"default","ast-page-background-enabled":"default","ast-page-background-meta":{"desktop":{"background-color":"var(--ast-global-color-4)","background-image":"","background-repeat":"repeat","background-position":"center center","background-size":"auto","background-attachment":"scroll","background-type":"","background-media":"","overlay-type":"","overlay-color":"","overlay-opacity":"","overlay-gradient":""},"tablet":{"background-color":"","background-image":"","background-repeat":"repeat","background-position":"center center","background-size":"auto","background-attachment":"scroll","background-type":"","background-media":"","overlay-type":"","overlay-color":"","overlay-opacity":"","overlay-gradient":""},"mobile":{"background-color":"","background-image":"","background-repeat":"repeat","background-position":"center center","background-size":"auto","background-attachment":"scroll","background-type":"","background-media":"","overlay-type":"","overlay-color":"","overlay-opacity":"","overlay-gradient":""}},"ast-content-background-meta":{"desktop":{"background-color":"var(--ast-global-color-5)","background-image":"","background-repeat":"repeat","background-position":"center center","background-size":"auto","background-attachment":"scroll","background-type":"","background-media":"","overlay-type":"","overlay-color":"","overlay-opacity":"","overlay-gradient":""},"tablet":{"background-color":"var(--ast-global-color-5)","background-image":"","background-repeat":"repeat","background-position":"center center","background-size":"auto","background-attachment":"scroll","background-type":"","background-media":"","overlay-type":"","overlay-color":"","overlay-opacity":"","overlay-gradient":""},"mobile":{"background-color":"var(--ast-global-color-5)","background-image":"","background-repeat":"repeat","background-position":"center center","background-size":"auto","background-attachment":"scroll","background-type":"","background-media":"","overlay-type":"","overlay-color":"","overlay-opacity":"","overlay-gradient":""}},"footnotes":""},"categories":[1],"tags":[],"class_list":["post-7645","post","type-post","status-publish","format-standard","has-post-thumbnail","hentry","category-sem-categoria"],"_links":{"self":[{"href":"https:\/\/jornalregionalms.com.br\/index.php?rest_route=\/wp\/v2\/posts\/7645","targetHints":{"allow":["GET"]}}],"collection":[{"href":"https:\/\/jornalregionalms.com.br\/index.php?rest_route=\/wp\/v2\/posts"}],"about":[{"href":"https:\/\/jornalregionalms.com.br\/index.php?rest_route=\/wp\/v2\/types\/post"}],"author":[{"embeddable":true,"href":"https:\/\/jornalregionalms.com.br\/index.php?rest_route=\/wp\/v2\/users\/74"}],"replies":[{"embeddable":true,"href":"https:\/\/jornalregionalms.com.br\/index.php?rest_route=%2Fwp%2Fv2%2Fcomments&post=7645"}],"version-history":[{"count":0,"href":"https:\/\/jornalregionalms.com.br\/index.php?rest_route=\/wp\/v2\/posts\/7645\/revisions"}],"wp:featuredmedia":[{"embeddable":true,"href":"https:\/\/jornalregionalms.com.br\/index.php?rest_route=\/wp\/v2\/media\/7646"}],"wp:attachment":[{"href":"https:\/\/jornalregionalms.com.br\/index.php?rest_route=%2Fwp%2Fv2%2Fmedia&parent=7645"}],"wp:term":[{"taxonomy":"category","embeddable":true,"href":"https:\/\/jornalregionalms.com.br\/index.php?rest_route=%2Fwp%2Fv2%2Fcategories&post=7645"},{"taxonomy":"post_tag","embeddable":true,"href":"https:\/\/jornalregionalms.com.br\/index.php?rest_route=%2Fwp%2Fv2%2Ftags&post=7645"}],"curies":[{"name":"wp","href":"https:\/\/api.w.org\/{rel}","templated":true}]}}