{"id":7533,"date":"2025-11-08T21:37:39","date_gmt":"2025-11-09T01:37:39","guid":{"rendered":"https:\/\/jornalregionalms.com.br\/?p=7533"},"modified":"2025-11-08T21:37:39","modified_gmt":"2025-11-09T01:37:39","slug":"1a-negra-imortal-escritora-ana-maria-goncalves-toma-posse-na-abl","status":"publish","type":"post","link":"https:\/\/jornalregionalms.com.br\/?p=7533","title":{"rendered":"1\u00aa negra imortal: escritora Ana Maria Gon\u00e7alves toma posse na ABL"},"content":{"rendered":"<p><strong>A atualidade da obra de Ana Maria Gon\u00e7alves, que aborda temas hist\u00f3ricos e raciais em seus livros<\/strong>, foi destacada nesta sexta-feira (7) durante a posse da escritora na Academia Brasileira de Letras. <strong>Ela \u00e9 a primeira autora negra eleita como imortal<\/strong> na institui\u00e7\u00e3o, e ocupar\u00e1 a cadeira de n\u00famero 33,\u00a0antes do gram\u00e1tico Evanildo Bechara.<img decoding=\"async\" src=\"https:\/\/agenciabrasil.ebc.com.br\/ebc.png?id=1666711&#038;o=rss\"><img decoding=\"async\" src=\"https:\/\/agenciabrasil.ebc.com.br\/ebc.gif?id=1666711&#038;o=rss\"><\/p>\n<p>Ana Maria Gon\u00e7alves \u00e9 reconhecida especialmente pelo livro Um Defeito de Cor.\u00a0A obra narra, em 952 p\u00e1ginas, <strong>a hist\u00f3ria de Kehinde, uma mulher africana que atravessa o S\u00e9culo 19<\/strong>\u00a0buscando reencontrar o filho. Al\u00e9m de escritora, Ana Maria Gon\u00e7alves \u00e9 roteirista, dramaturga e professora. A nova acad\u00eamica refor\u00e7ou o significado de sua presen\u00e7a para a renova\u00e7\u00e3o da ABL.<\/p>\n<div class=\"dnd-widget-wrapper context-medio_4colunas type-image atom-align-left\">\n<div class=\"dnd-atom-rendered\"><!-- scald=443633:medio_4colunas {\"additionalClasses\":\"\"} --><br \/>\n            <img decoding=\"async\" src=\"https:\/\/agenciabrasil.ebc.com.br\/sites\/default\/files\/thumbnails\/image\/loading_v2.gif\" data-echo=\"https:\/\/imagens.ebc.com.br\/DJwmALei0UkAPbVvJYJA4UUdMNo=\/365x0\/smart\/https:\/\/agenciabrasil.ebc.com.br\/sites\/default\/files\/thumbnails\/image\/2025\/11\/08\/whatsapp_image_2025-11-08_at_00.37.11.jpg?itok=9mbjhJsc\" alt=\"S\u00e3o Paulo 08\/11\/2025 Ana Maria Gon\u00e7alves toma posse na ABL e se torna primeira mulher negra a ocupar cadeira na institui\u00e7\u00e3o. Foto: ABL\/ Dani Paiva.\" title=\"ABL\/ Dani Paiva.\"><br \/>\n        <noscript><img decoding=\"async\" src=\"https:\/\/imagens.ebc.com.br\/DJwmALei0UkAPbVvJYJA4UUdMNo=\/365x0\/smart\/https:\/\/agenciabrasil.ebc.com.br\/sites\/default\/files\/thumbnails\/image\/2025\/11\/08\/whatsapp_image_2025-11-08_at_00.37.11.jpg?itok=9mbjhJsc\" alt=\"S\u00e3o Paulo 08\/11\/2025 Ana Maria Gon\u00e7alves toma posse na ABL e se torna primeira mulher negra a ocupar cadeira na institui\u00e7\u00e3o. Foto: ABL\/ Dani Paiva.\" title=\"ABL\/ Dani Paiva.\"><\/noscript><br \/>\n    <!-- END scald=443633 --><\/div>\n<div class=\"dnd-caption-wrapper\">\n<div class=\"meta\"><!--copyright=443633-->Ana Maria Gon\u00e7alves toma posse na ABL\u00a0Foto: ABL\/ Dani Paiva.<!--END copyright=443633--><\/div>\n<\/div>\n<\/div>\n<blockquote>\n<p>&#8220;C\u00e1 estou\u00a0eu hoje, 128 anos depois de sua funda\u00e7\u00e3o, como <strong>a primeira escritora negra eleita para a Academia Brasileira de Letras<\/strong>, falando pretogu\u00eas\u00a0e escrevendo a partir de no\u00e7\u00f5es de oralitura\u00a0e escreviv\u00eancia. <strong>E assumo para mim como uma uma das miss\u00f5es\u00a0promover a diversidade nessa casa<\/strong> e fazer avan\u00e7ar as coisas nas quais nela eu sempre critiquei, como a falta de diversidade na composi\u00e7\u00e3o de seus membros, uma abertura maior para o p\u00fablico e o maior empenho na divulga\u00e7\u00e3o e na promo\u00e7\u00e3o da literatura brasileira.&#8221;<\/p>\n<\/blockquote>\n<p>O discurso de abertura da cerim\u00f4nia foi feito pela imortal Lilia Schwarcz. A historiadora e antrop\u00f3loga destacou a posse e a obra de Ana Maria no contexto de viol\u00eancia contra as pessoas negras.<\/p>\n<blockquote>\n<p>&#8220;<strong>Nunca o livro de Ana foi t\u00e3o atual como nos dias de hoje, com as chacinas nos complexos do Alem\u00e3o e da Penha<\/strong>.\u00a0\u00a0Kehinde\u00a0\u00e9 uma m\u00e3e que viu um\u00a0filho morrer e outro desaparecer. Simbolicamente, ela \u00e9 mais uma das muitas m\u00e3es brasileiras enlutadas que seguem lutando.&#8221;<\/p>\n<\/blockquote>\n<p>A escritora Concei\u00e7\u00e3o Evaristo tamb\u00e9m enfatizou a import\u00e2ncia da luta racial, especialmente na literatura.<\/p>\n<blockquote>\n<p>&#8220;Eu acho que, mais uma vez, a hist\u00f3ria brasileira vem manchada de sangue, n\u00e9? E o que que a literatura pode fazer nisso? Quer dizer, olhando na primeira m\u00e3o, na hora do desespero, a literatura n\u00e3o pode fazer nada.\u00a0<strong>Depois quando voc\u00ea pensa, eu acho que a literatura \u00e9 o lugar mesmo de voc\u00ea tentar resolver essa realidade, n\u00e9?<\/strong> Imaginar uma outra realidade, imaginar um outro destino para o Brasil&#8221;<\/p>\n<\/blockquote>\n<p>J\u00e1 a escritora Eliana Alves Cruz falou sobre a relev\u00e2ncia do momento e a aproxima\u00e7\u00e3o da academia com a popula\u00e7\u00e3o.<\/p>\n<blockquote>\n<p>&#8220;\u00c9 um momento m\u00e1gico, n\u00e9? \u00c9 um momento esperado, aguardado. Um tanto atrasado, eu acho, porque muita gente esperou para ter algu\u00e9m aqui. <strong>Eu espero que seja o come\u00e7o de uma renova\u00e7\u00e3o para a ABL<\/strong>, de uma aproxima\u00e7\u00e3o com o povo.&#8221;<\/p>\n<\/blockquote>\n<p>O evento foi marcado pela presen\u00e7a de escritores e artistas, al\u00e9m de representantes da cultura negra brasileira.<\/p>\n<p>  <span class=\"hms hms-format-m-ss\">3:03<\/span><\/p>\n","protected":false},"excerpt":{"rendered":"<p>A atualidade da obra de Ana Maria Gon\u00e7alves, que aborda temas hist\u00f3ricos e raciais em seus livros, foi destacada nesta sexta-feira (7) durante a posse da escritora na Academia Brasileira de Letras. Ela \u00e9 a primeira autora negra eleita como imortal na institui\u00e7\u00e3o, e ocupar\u00e1 a cadeira de n\u00famero 33,\u00a0antes do gram\u00e1tico Evanildo Bechara. Ana [&hellip;]<\/p>\n","protected":false},"author":24,"featured_media":7534,"comment_status":"open","ping_status":"open","sticky":false,"template":"","format":"standard","meta":{"site-sidebar-layout":"default","site-content-layout":"","ast-site-content-layout":"","site-content-style":"default","site-sidebar-style":"default","ast-global-header-display":"","ast-banner-title-visibility":"","ast-main-header-display":"","ast-hfb-above-header-display":"","ast-hfb-below-header-display":"","ast-hfb-mobile-header-display":"","site-post-title":"","ast-breadcrumbs-content":"","ast-featured-img":"","footer-sml-layout":"","theme-transparent-header-meta":"","adv-header-id-meta":"","stick-header-meta":"","header-above-stick-meta":"","header-main-stick-meta":"","header-below-stick-meta":"","astra-migrate-meta-layouts":"default","ast-page-background-enabled":"default","ast-page-background-meta":{"desktop":{"background-color":"var(--ast-global-color-4)","background-image":"","background-repeat":"repeat","background-position":"center center","background-size":"auto","background-attachment":"scroll","background-type":"","background-media":"","overlay-type":"","overlay-color":"","overlay-opacity":"","overlay-gradient":""},"tablet":{"background-color":"","background-image":"","background-repeat":"repeat","background-position":"center center","background-size":"auto","background-attachment":"scroll","background-type":"","background-media":"","overlay-type":"","overlay-color":"","overlay-opacity":"","overlay-gradient":""},"mobile":{"background-color":"","background-image":"","background-repeat":"repeat","background-position":"center center","background-size":"auto","background-attachment":"scroll","background-type":"","background-media":"","overlay-type":"","overlay-color":"","overlay-opacity":"","overlay-gradient":""}},"ast-content-background-meta":{"desktop":{"background-color":"var(--ast-global-color-5)","background-image":"","background-repeat":"repeat","background-position":"center center","background-size":"auto","background-attachment":"scroll","background-type":"","background-media":"","overlay-type":"","overlay-color":"","overlay-opacity":"","overlay-gradient":""},"tablet":{"background-color":"var(--ast-global-color-5)","background-image":"","background-repeat":"repeat","background-position":"center center","background-size":"auto","background-attachment":"scroll","background-type":"","background-media":"","overlay-type":"","overlay-color":"","overlay-opacity":"","overlay-gradient":""},"mobile":{"background-color":"var(--ast-global-color-5)","background-image":"","background-repeat":"repeat","background-position":"center center","background-size":"auto","background-attachment":"scroll","background-type":"","background-media":"","overlay-type":"","overlay-color":"","overlay-opacity":"","overlay-gradient":""}},"footnotes":""},"categories":[1],"tags":[],"class_list":["post-7533","post","type-post","status-publish","format-standard","has-post-thumbnail","hentry","category-sem-categoria"],"_links":{"self":[{"href":"https:\/\/jornalregionalms.com.br\/index.php?rest_route=\/wp\/v2\/posts\/7533","targetHints":{"allow":["GET"]}}],"collection":[{"href":"https:\/\/jornalregionalms.com.br\/index.php?rest_route=\/wp\/v2\/posts"}],"about":[{"href":"https:\/\/jornalregionalms.com.br\/index.php?rest_route=\/wp\/v2\/types\/post"}],"author":[{"embeddable":true,"href":"https:\/\/jornalregionalms.com.br\/index.php?rest_route=\/wp\/v2\/users\/24"}],"replies":[{"embeddable":true,"href":"https:\/\/jornalregionalms.com.br\/index.php?rest_route=%2Fwp%2Fv2%2Fcomments&post=7533"}],"version-history":[{"count":0,"href":"https:\/\/jornalregionalms.com.br\/index.php?rest_route=\/wp\/v2\/posts\/7533\/revisions"}],"wp:featuredmedia":[{"embeddable":true,"href":"https:\/\/jornalregionalms.com.br\/index.php?rest_route=\/wp\/v2\/media\/7534"}],"wp:attachment":[{"href":"https:\/\/jornalregionalms.com.br\/index.php?rest_route=%2Fwp%2Fv2%2Fmedia&parent=7533"}],"wp:term":[{"taxonomy":"category","embeddable":true,"href":"https:\/\/jornalregionalms.com.br\/index.php?rest_route=%2Fwp%2Fv2%2Fcategories&post=7533"},{"taxonomy":"post_tag","embeddable":true,"href":"https:\/\/jornalregionalms.com.br\/index.php?rest_route=%2Fwp%2Fv2%2Ftags&post=7533"}],"curies":[{"name":"wp","href":"https:\/\/api.w.org\/{rel}","templated":true}]}}