{"id":7481,"date":"2025-11-07T20:34:58","date_gmt":"2025-11-08T00:34:58","guid":{"rendered":"https:\/\/jornalregionalms.com.br\/?p=7481"},"modified":"2025-11-07T20:34:58","modified_gmt":"2025-11-08T00:34:58","slug":"igualar-faccoes-a-terrorismo-prejudica-inqueritos-diz-relator-de-cpi","status":"publish","type":"post","link":"https:\/\/jornalregionalms.com.br\/?p=7481","title":{"rendered":"Igualar fac\u00e7\u00f5es a terrorismo prejudica inqu\u00e9ritos, diz relator de CPI"},"content":{"rendered":"<\/p>\n<p><a class=\"\" href=\"https:\/\/agenciabrasil.ebc.com.br\/politica\/noticia\/2025-11\/igualar-faccoes-terrorismo-prejudica-inqueritos-diz-relator-de-cpi\"><br \/>\n                    <img decoding=\"async\" src=\"https:\/\/cdn.jsdelivr.net\/gh\/sergiosdlima\/assets-ebc@1.0.0\/abr\/assets\/images\/logo-agenciabrasil.svg\" alt=\"Logo Ag\u00eancia Brasil\"><br \/>\n\t\t\t\t<\/a><\/p>\n<p>Relator da Comiss\u00e3o Parlamentar de Inqu\u00e9rito (CPI) do Crime Organizado, o senador Alessandro Vieira (MDB-SE) argumenta que &#8220;simplesmente\u201d equiparar as fac\u00e7\u00f5es ao terrorismo pode prejudicar as investiga\u00e7\u00f5es em curso, uma vez que o combate ao terrorismo \u00e9 responsabilidade federal. \u00a0<img decoding=\"async\" src=\"https:\/\/agenciabrasil.ebc.com.br\/ebc.png?id=1666653&#038;o=rss\"><img decoding=\"async\" src=\"https:\/\/agenciabrasil.ebc.com.br\/ebc.gif?id=1666653&#038;o=rss\"><\/p>\n<p>Em conversa com a <strong>Ag\u00eancia Brasil<\/strong> nesta sexta-feira (7), o senador falou sobre a expectativa com a CPI, sobre o papel das For\u00e7as Armadas no combate ao crime e avaliou que talvez seja necess\u00e1rio abrir exce\u00e7\u00f5es no teto de gastos para financiar a seguran\u00e7a p\u00fablica.<\/p>\n<blockquote>\n<h3>Not\u00edcias relacionadas:<\/h3>\n<ul>\n<li><a href=\"https:\/\/agenciabrasil.ebc.com.br\/politica\/noticia\/2025-11\/problemas-com-descontos-era-recorrente-diz-ministro-de-bolsonaro\">Problemas com descontos eram recorrentes, diz ministro de Bolsonaro.<\/a><\/li>\n<li><a href=\"https:\/\/agenciabrasil.ebc.com.br\/politica\/noticia\/2025-11\/randolfe-governo-quer-integrar-policiais-e-penas-duras-contra-faccoes\">Randolfe: governo quer integrar pol\u00edcias e penas duras contra fac\u00e7\u00f5es.<\/a><\/li>\n<li><a href=\"https:\/\/agenciabrasil.ebc.com.br\/politica\/noticia\/2025-11\/vice-presidente-da-cpmi-do-inss-acusa-deputado-maranhense-de-ameaca\">Vice-presidente da CPMI do INSS acusa deputado maranhense de amea\u00e7a.<\/a><\/li>\n<\/ul>\n<p>\u201cA mera transforma\u00e7\u00e3o de fac\u00e7\u00e3o criminosa violenta em terrorismo vai fazer com que os processos criminais dessas a\u00e7\u00f5es migrem da Justi\u00e7a estadual para federal e isso significa matar as investiga\u00e7\u00f5es, jogar fora um conhecimento acumulado por profissionais qualificados por anos no combate ao crime grave\u201d, destacou Vieira, que \u00e9 delegado da Pol\u00edcia Civil h\u00e1 20 anos e est\u00e1 licenciado para exercer o mandato.\n<\/p><\/blockquote>\n<p><strong>Vieira acrescentou, por outro lado, que \u00e9 poss\u00edvel equiparar fac\u00e7\u00f5es com terrorismo em rela\u00e7\u00e3o ao tamanho e cumprimento das penas, mas \u201ccom os cuidados t\u00e9cnicos\u201d para \u201cn\u00e3o jogar fora todo um trabalho feito\u201d.<\/strong><\/p>\n<p>O senador defendeu que as For\u00e7as Armadas devem ter\u00a0papel no controle das fronteiras e questionou\u00a0a efici\u00eancia de opera\u00e7\u00f5es de garantia da lei e da ordem feitas por militares. \u00a0<\/p>\n<p>\u201c\u00c9 mais um exemplo de provid\u00eancias que n\u00e3o funcionam, n\u00e3o geram resultados e s\u00f3 servem para efeitos midi\u00e1ticos. N\u00f3s tivemos v\u00e1rias oportunidades de interven\u00e7\u00e3o das For\u00e7as Armadas em territ\u00f3rio urbano e os resultados foram m\u00ednimos e absolutamente tempor\u00e1rios\u201d, destacou o senador Alessandro.<\/p>\n<p><a href=\"https:\/\/www.whatsapp.com\/channel\/0029VaoRTgrInlqYLSk59B2M\" target=\"_blank\">>> Siga o canal da <strong>Ag\u00eancia Brasil <\/strong>no WhatsApp<\/a><\/p>\n<p><strong>O parlamentar sergipano disse ainda n\u00e3o concordar com a convoca\u00e7\u00e3o de l\u00edderes de fac\u00e7\u00f5es pela CPI, como pedem alguns requerimentos. Segundo ele, isso poderia ajudar o pr\u00f3prio crime. \u00a0<\/strong><\/p>\n<p>Ainda segundo o relator da CPI instalada nesta semana, as opera\u00e7\u00f5es Carbono Oculto \u2013 que teve como alvo a lavagem de dinheiro do crime via postos de combust\u00edveis \u2013 e a Conten\u00e7\u00e3o \u2013 que resultou no assassinato de 121 pessoas no Rio de Janeiro\u00a0 &#8211; s\u00e3o complementares, tendo cada uma um papel no combate ao crime.<\/p>\n<div class=\"dnd-widget-wrapper context-cheio_8colunas type-image\">\n<div class=\"dnd-atom-rendered\"><!-- scald=442296:cheio_8colunas --><br \/>\n            <img decoding=\"async\" src=\"https:\/\/agenciabrasil.ebc.com.br\/sites\/default\/files\/thumbnails\/image\/loading_v2.gif\" data-echo=\"https:\/\/imagens.ebc.com.br\/yyQcuLFd0Td4iFMzqq9kUagR-Sg=\/754x0\/smart\/https:\/\/agenciabrasil.ebc.com.br\/sites\/default\/files\/thumbnails\/image\/2025\/10\/29\/toms9678.jpg?itok=sSgnrqkR\" alt=\"Rio de Janeiro (RJ), 29\/10\/2025 - Dezenas de corpos s\u00e3o trazidos por moradores para a Pra\u00e7a S\u00e3o Lucas, na Penha, zona norte do Rio de Janeiro. Opera\u00e7\u00e3o Conten\u00e7\u00e3o.\nFoto: Tomaz Silva \/Ag\u00eancia Brasil\" title=\"Tomaz Silva\/Ag\u00eancia Brasil\"><br \/>\n        <noscript><img decoding=\"async\" src=\"https:\/\/imagens.ebc.com.br\/yyQcuLFd0Td4iFMzqq9kUagR-Sg=\/754x0\/smart\/https:\/\/agenciabrasil.ebc.com.br\/sites\/default\/files\/thumbnails\/image\/2025\/10\/29\/toms9678.jpg?itok=sSgnrqkR\" alt=\"Rio de Janeiro (RJ), 29\/10\/2025 - Dezenas de corpos s\u00e3o trazidos por moradores para a Pra\u00e7a S\u00e3o Lucas, na Penha, zona norte do Rio de Janeiro. Opera\u00e7\u00e3o Conten\u00e7\u00e3o.\nFoto: Tomaz Silva \/Ag\u00eancia Brasil\" title=\"Tomaz Silva\/Ag\u00eancia Brasil\"><\/noscript><br \/>\n    <!-- END scald=442296 --><\/div>\n<div class=\"dnd-caption-wrapper\">\n<h6 class=\"meta\"><!--copyright=442296-->Rio de Janeiro (RJ), 29\/10\/2025 &#8211; Dezenas de corpos s\u00e3o trazidos por moradores para a Pra\u00e7a S\u00e3o Lucas ap\u00f3s a\u00a0Opera\u00e7\u00e3o Conten\u00e7\u00e3o &#8211; <strong>Tomaz Silva\/Ag\u00eancia Brasil<\/strong><!--END copyright=442296--><\/h6>\n<\/div>\n<\/div>\n<h2>Confira a entrevista completa:<\/h2>\n<p><strong>Ag\u00eancia Brasil:<\/strong>\u00a0Qual \u00e9 o principal &#8211; ou os principais &#8211; erros da pol\u00edtica de seguran\u00e7a p\u00fablica no Brasil para combater o crime organizado e como\u00a0a CPI pode ajudar?<\/p>\n<p><strong>Senador Alessandro:<\/strong>\u00a0A CPI vai viabilizar um diagn\u00f3stico completo. Com esse diagn\u00f3stico, daremos o encaminhamento de quais s\u00e3o as solu\u00e7\u00f5es que funcionam e aquelas que nunca funcionaram, embora sejam repetidas de tempos em tempos.<\/p>\n<blockquote>\n<p>Mas o que a gente pode apontar com muita clareza \u00e9 a quest\u00e3o da insufici\u00eancia do financiamento, a aus\u00eancia de planejamento e a aus\u00eancia de continuidade na pol\u00edtica de seguran\u00e7a.<\/p>\n<\/blockquote>\n<p>Porque a pol\u00edtica de seguran\u00e7a, ela leva um tempo para poder gerar resultado consistente. Ela custa muito dinheiro, ela exige uma vontade pol\u00edtica firme no sentido de combater o crime. Esses s\u00e3o os pontos principais.<\/p>\n<p>A quest\u00e3o da falta de integra\u00e7\u00e3o entre as for\u00e7as tamb\u00e9m \u00e9 um ponto relevante, mas esses que eu citei antes me parecem mais importantes. Ouvindo os profissionais e ouvindo os especialistas, a gente, muito provavelmente, vai chegar a essas conclus\u00f5es.<\/p>\n<p><strong>Ag\u00eancia Brasil:<\/strong>\u00a0Como encontrar dinheiro para seguran\u00e7a p\u00fablica com as\u00a0atuais regras fiscais que limitam os gastos da Uni\u00e3o e dos estados?<\/p>\n<p><strong>Senador Alessandro:<\/strong>\u00a0Da mesma forma como a gente acha espa\u00e7o para todo gasto que a pol\u00edtica considera importante. Um pa\u00eds que gasta R$ 5 bilh\u00f5es para financiar a sua elei\u00e7\u00e3o, ele tem dinheiro, seguramente tem dinheiro para financiar a defesa da vida, do patrim\u00f4nio, da seguran\u00e7a do cidad\u00e3o. \u00c9 uma quest\u00e3o de defini\u00e7\u00e3o pol\u00edtica.<\/p>\n<p>Com a CPI, esperamos conseguir juntar um volume de dados e de for\u00e7a pol\u00edtica que viabilize, finalmente, a constru\u00e7\u00e3o de um plano nacional de seguran\u00e7a pactuado entre estados, munic\u00edpios e Uni\u00e3o, suficientemente financiado e est\u00e1vel para que ele tenha uma continuidade e gere os resultados que o Brasil precisa.<\/p>\n<p><strong>Ag\u00eancia Brasil:\u00a0<\/strong>O recurso poderia ficar por fora da meta fiscal do teto de gastos?<\/p>\n<p><strong>Senador Alessandro:\u00a0<\/strong>O formato vai ser definido. A primeira resposta n\u00e3o \u00e9 essa. A primeira pergunta \u00e9 qual \u00e9 o volume necess\u00e1rio. O que a gente precisa fazer para gerar uma mudan\u00e7a significativa? A partir da\u00ed, viabilizar os espa\u00e7os fiscais, seja com redirecionamento de recursos, que \u00e9 sempre o ideal, seja com afastamento de algum limite espec\u00edfico de regra fiscal, desde que seja de forma pontual e t\u00e9cnica. J\u00e1 fizemos isso dezenas de vezes.<\/p>\n<p><strong>Ag\u00eancia Brasil:<\/strong>\u00a0Qual sua avalia\u00e7\u00e3o sobre o debate de se rotular, ou n\u00e3o, essas fac\u00e7\u00f5es e mil\u00edcias como terroristas?<\/p>\n<p><strong>Senador Alessandro:\u00a0<\/strong>Tecnicamente falando, e n\u00e3o h\u00e1 diverg\u00eancia nisso, n\u00e3o s\u00e3o organiza\u00e7\u00f5es terroristas, porque o terrorismo pressup\u00f5e um componente religioso, ideol\u00f3gico ou pol\u00edtico. Essas fac\u00e7\u00f5es t\u00eam como objetivo o lucro, o dinheiro.<\/p>\n<blockquote>\n<p>Mas \u00e9 poss\u00edvel sim voc\u00ea avan\u00e7ar em alguma proposta de equipara\u00e7\u00e3o para fins de pena, cumprimento de pena, mas com os cuidados t\u00e9cnicos necess\u00e1rios para n\u00e3o jogar fora todo um trabalho feito.<\/p>\n<\/blockquote>\n<p>Porque a mera transforma\u00e7\u00e3o de fac\u00e7\u00e3o criminosa violenta em terrorismo vai fazer com que os processos criminais dessas a\u00e7\u00f5es migrem na Justi\u00e7a estadual para federal e isso significa matar as investiga\u00e7\u00f5es, jogar fora um conhecimento acumulado por profissionais qualificados por anos no combate ao crime grave.<\/p>\n<p>Nada feito na correria \u00e9 solu\u00e7\u00e3o. Existem bons caminhos e bons projetos que j\u00e1 est\u00e3o no Senado e na C\u00e2mara. A gente vai tentar ajudar os colegas a fazerem essa peneira. Criar uma l\u00f3gica processual, n\u00e3o d\u00e1 para ser uma colcha de retalhos, e dentro de uma l\u00f3gica que tem consenso.<\/p>\n<p>Podemos agravar muito as penas desse tipo de criminoso, mais ainda das suas lideran\u00e7as, endurecer o cumprimento de pena.<\/p>\n<p><strong>Ag\u00eancia Brasil:<\/strong>\u00a0No <a href=\"https:\/\/legis.senado.leg.br\/atividade\/comissoes\/comissao\/2793\/mna\/planos-de-trabalho\" target=\"_blank\">plano de trabalho<\/a>, o senhor cita a contribui\u00e7\u00e3o das For\u00e7as Armadas para atuarem nas fronteiras e rotas utilizadas pelo tr\u00e1fico. Qual o papel dos militares no combate ao crime?\u00a0\u00a0<\/p>\n<p><strong>Senador Alessandro:\u00a0\u00a0<\/strong>Precisamos, primeiro, ouvir os profissionais das For\u00e7as Armadas. O Ministro da Defesa j\u00e1 foi convidado, mas o desenho constitucional brasileiro e aquilo que efetivamente funciona aponta para a necessidade da atua\u00e7\u00e3o das For\u00e7as Armadas na regi\u00e3o de fronteira.<\/p>\n<p>As For\u00e7as Armadas, s\u00f3 muito excepcionalmente, e com dura\u00e7\u00e3o muito delimitada, podem ter papel numa atua\u00e7\u00e3o de GLO [Garantia da Lei e da Ordem] numa cidade, metr\u00f3pole ou comunidade.<\/p>\n<p>Esse \u00e9 mais um exemplo de provid\u00eancias que n\u00e3o funcionam, n\u00e3o geram resultados e s\u00f3 servem para efeitos midi\u00e1ticos. N\u00f3s tivemos v\u00e1rias oportunidades de interven\u00e7\u00e3o das For\u00e7as Armadas em territ\u00f3rio urbano e os resultados foram m\u00ednimos e absolutamente tempor\u00e1rios.<\/p>\n<blockquote>\n<p>Se em contrapartida eu consigo, em parceria das for\u00e7as de seguran\u00e7a, com as For\u00e7as Armadas, restringir o acesso de armas e drogas pelas nossas fronteiras, eu impacto diretamente o crime organizado, eu aumento o custo deles, reduzo a atratividade daquilo e reduzo, por consequ\u00eancia, a criminalidade. Ent\u00e3o, cada um no seu quadrado, com lideran\u00e7a pol\u00edtica da Uni\u00e3o e integra\u00e7\u00e3o.<\/p>\n<\/blockquote>\n<p><strong>Ag\u00eancia Brasil<\/strong>:\u00a0Quando foi apresentado o plano de trabalho, o senhor destacou a necessidade de dar aten\u00e7\u00e3o especial para a <a href=\"https:\/\/agenciabrasil.ebc.com.br\/politica\/noticia\/2025-11\/relator-de-cpi-quer-investigar-atuacao-do-crime-em-mercados-legais\" target=\"_blank\">penetra\u00e7\u00e3o do crime organizado nos mercados legais<\/a>. Por que isso \u00e9 importante?\u00a0<\/p>\n<p><strong>Senador Alessandro:<\/strong>\u00a0Porque h\u00e1 um avan\u00e7o muito acelerado do crime organizado em segmentos da economia formal. O que chamou mais aten\u00e7\u00e3o recentemente foi o segmento dos combust\u00edveis e seus derivados. Mas isso acontece em outras \u00e1reas da economia formal.<\/p>\n<p>A gente precisa criar, primeiro, a mesma din\u00e2mica de levantamento dos dados, a oitiva dos profissionais que trabalham no segmento e o encaminhamento de solu\u00e7\u00f5es. Em alguns casos, v\u00e3o ser solu\u00e7\u00f5es legislativas, criando mais travas para esse acesso do crime organizado ou diminuindo o interesse potencial do crime organizado por esse segmento.<\/p>\n<p>Tenho projetos apresentados, h\u00e1 um ano talvez, na \u00e1rea de combust\u00edveis para tentar fechar a porta da lavagem de dinheiro com o uso de postos de gasolina. A gente vai conseguir avan\u00e7ar em medidas desse tipo, protegendo a economia formal, a economia l\u00edcita, e inviabilizando os diversos mecanismos de lavagem de dinheiro que hoje s\u00e3o utilizados.<\/p>\n<p><strong>Ag\u00eancia Brasil<\/strong>:\u00a0Qual seria a melhor forma de reduzir o poder econ\u00f4mico e militar dessas organiza\u00e7\u00f5es criminosas no Brasil?<\/p>\n<p><strong>Senador Alessandro:<\/strong>\u00a0Uma s\u00e9rie de a\u00e7\u00f5es, n\u00e3o tem uma bala de prata, uma s\u00e9rie de a\u00e7\u00f5es que se complementam. Muita gente comparou a Opera\u00e7\u00e3o Carbono Zero e a Opera\u00e7\u00e3o Conten\u00e7\u00e3o.<\/p>\n<p>S\u00e3o opera\u00e7\u00f5es totalmente diversas, incompar\u00e1veis, mas que se conectam. Porque eu tenho que descapitalizar o crime, combater a lavagem de dinheiro, identificar e prender esses operadores e fechar essas portas de passagem de dinheiro sujo.<\/p>\n<p>Mas, ao mesmo tempo, tenho que retomar o territ\u00f3rio que hoje \u00e9 ocupado pelo crime. Essa retomada do territ\u00f3rio exige o uso da viol\u00eancia pelo Estado. N\u00e3o d\u00e1 para comparar uma coisa com a outra, elas se complementam.<\/p>\n<blockquote>\n<p>A atividade de seguran\u00e7a p\u00fablica \u00e9 complexa, embora n\u00e3o seja segredo para ningu\u00e9m, a gente sabe o que funciona e o que n\u00e3o funciona, mas ela tem todas essas camadas. Quando o traficante \u00e9 descapitalizado com a apreens\u00e3o de drogas, ele incide no roubo. Ele \u00e9 bandido, ele quer dinheiro f\u00e1cil, ele n\u00e3o para. Ele s\u00f3 para preso.<\/p>\n<\/blockquote>\n<p>Voc\u00ea tinha 2,5 mil\u00a0homens da pol\u00edcia do Rio de Janeiro no morro, num confronto violento que teve 120 mortos, e dentro do pres\u00eddio, no mesmo Rio de Janeiro, a mesma fac\u00e7\u00e3o determinava a\u00e7\u00f5es de retalia\u00e7\u00e3o ou de diversionismo pelo Estado, pela cidade do Rio de Janeiro. Isso mostra uma fal\u00eancia na gest\u00e3o de um ponto fundamental e que est\u00e1 no nosso plano de trabalho, que \u00e9 o sistema prisional.<\/p>\n<p><strong>Ag\u00eancia Brasil:<\/strong>\u00a0O senhor apoia convocar chefes de organiza\u00e7\u00f5es criminosas presos, conforme pedem requerimentos do senador Marcos do Val? Por qu\u00ea?<\/p>\n<p><strong>Senador Alessandro:<\/strong>\u00a0N\u00e3o tem meu apoio, mas a CPI \u00e9 um colegiado. A gente vai ouvir os colegas de forma respeitosa e pedir que eles expliquem qual \u00e9 o objetivo de uma oitiva dessa natureza.<\/p>\n<p>N\u00e3o h\u00e1 por que dar espa\u00e7o, palco, microfone para bandido quando se tem j\u00e1 pr\u00e9via consci\u00eancia de que esse bandido n\u00e3o vai trazer nenhuma informa\u00e7\u00e3o relevante que favore\u00e7a o combate ao crime. Ele vai usar esse espa\u00e7o para tentar fortalecer o crime.<\/p>\n<p>Ent\u00e3o a gente tem que ter essa clareza, a gente vai respeitosamente ouvir o autor do requerimento, mas vai encaminhar a vota\u00e7\u00e3o contr\u00e1ria porque \u00e9 improdutivo e prejudicial para os interesses do Brasil.<\/p>\n","protected":false},"excerpt":{"rendered":"<p>Relator da Comiss\u00e3o Parlamentar de Inqu\u00e9rito (CPI) do Crime Organizado, o senador Alessandro Vieira (MDB-SE) argumenta que &#8220;simplesmente\u201d equiparar as fac\u00e7\u00f5es ao terrorismo pode prejudicar as investiga\u00e7\u00f5es em curso, uma vez que o combate ao terrorismo \u00e9 responsabilidade federal. \u00a0 Em conversa com a Ag\u00eancia Brasil nesta sexta-feira (7), o senador falou sobre a expectativa [&hellip;]<\/p>\n","protected":false},"author":29,"featured_media":7482,"comment_status":"open","ping_status":"open","sticky":false,"template":"","format":"standard","meta":{"site-sidebar-layout":"default","site-content-layout":"","ast-site-content-layout":"","site-content-style":"default","site-sidebar-style":"default","ast-global-header-display":"","ast-banner-title-visibility":"","ast-main-header-display":"","ast-hfb-above-header-display":"","ast-hfb-below-header-display":"","ast-hfb-mobile-header-display":"","site-post-title":"","ast-breadcrumbs-content":"","ast-featured-img":"","footer-sml-layout":"","theme-transparent-header-meta":"","adv-header-id-meta":"","stick-header-meta":"","header-above-stick-meta":"","header-main-stick-meta":"","header-below-stick-meta":"","astra-migrate-meta-layouts":"default","ast-page-background-enabled":"default","ast-page-background-meta":{"desktop":{"background-color":"var(--ast-global-color-4)","background-image":"","background-repeat":"repeat","background-position":"center center","background-size":"auto","background-attachment":"scroll","background-type":"","background-media":"","overlay-type":"","overlay-color":"","overlay-opacity":"","overlay-gradient":""},"tablet":{"background-color":"","background-image":"","background-repeat":"repeat","background-position":"center center","background-size":"auto","background-attachment":"scroll","background-type":"","background-media":"","overlay-type":"","overlay-color":"","overlay-opacity":"","overlay-gradient":""},"mobile":{"background-color":"","background-image":"","background-repeat":"repeat","background-position":"center center","background-size":"auto","background-attachment":"scroll","background-type":"","background-media":"","overlay-type":"","overlay-color":"","overlay-opacity":"","overlay-gradient":""}},"ast-content-background-meta":{"desktop":{"background-color":"var(--ast-global-color-5)","background-image":"","background-repeat":"repeat","background-position":"center center","background-size":"auto","background-attachment":"scroll","background-type":"","background-media":"","overlay-type":"","overlay-color":"","overlay-opacity":"","overlay-gradient":""},"tablet":{"background-color":"var(--ast-global-color-5)","background-image":"","background-repeat":"repeat","background-position":"center center","background-size":"auto","background-attachment":"scroll","background-type":"","background-media":"","overlay-type":"","overlay-color":"","overlay-opacity":"","overlay-gradient":""},"mobile":{"background-color":"var(--ast-global-color-5)","background-image":"","background-repeat":"repeat","background-position":"center center","background-size":"auto","background-attachment":"scroll","background-type":"","background-media":"","overlay-type":"","overlay-color":"","overlay-opacity":"","overlay-gradient":""}},"footnotes":""},"categories":[1],"tags":[],"class_list":["post-7481","post","type-post","status-publish","format-standard","has-post-thumbnail","hentry","category-sem-categoria"],"_links":{"self":[{"href":"https:\/\/jornalregionalms.com.br\/index.php?rest_route=\/wp\/v2\/posts\/7481","targetHints":{"allow":["GET"]}}],"collection":[{"href":"https:\/\/jornalregionalms.com.br\/index.php?rest_route=\/wp\/v2\/posts"}],"about":[{"href":"https:\/\/jornalregionalms.com.br\/index.php?rest_route=\/wp\/v2\/types\/post"}],"author":[{"embeddable":true,"href":"https:\/\/jornalregionalms.com.br\/index.php?rest_route=\/wp\/v2\/users\/29"}],"replies":[{"embeddable":true,"href":"https:\/\/jornalregionalms.com.br\/index.php?rest_route=%2Fwp%2Fv2%2Fcomments&post=7481"}],"version-history":[{"count":0,"href":"https:\/\/jornalregionalms.com.br\/index.php?rest_route=\/wp\/v2\/posts\/7481\/revisions"}],"wp:featuredmedia":[{"embeddable":true,"href":"https:\/\/jornalregionalms.com.br\/index.php?rest_route=\/wp\/v2\/media\/7482"}],"wp:attachment":[{"href":"https:\/\/jornalregionalms.com.br\/index.php?rest_route=%2Fwp%2Fv2%2Fmedia&parent=7481"}],"wp:term":[{"taxonomy":"category","embeddable":true,"href":"https:\/\/jornalregionalms.com.br\/index.php?rest_route=%2Fwp%2Fv2%2Fcategories&post=7481"},{"taxonomy":"post_tag","embeddable":true,"href":"https:\/\/jornalregionalms.com.br\/index.php?rest_route=%2Fwp%2Fv2%2Ftags&post=7481"}],"curies":[{"name":"wp","href":"https:\/\/api.w.org\/{rel}","templated":true}]}}