{"id":7457,"date":"2025-11-07T07:37:21","date_gmt":"2025-11-07T11:37:21","guid":{"rendered":"https:\/\/jornalregionalms.com.br\/?p=7457"},"modified":"2025-11-07T07:37:21","modified_gmt":"2025-11-07T11:37:21","slug":"missa-de-7o-dia-homenageia-policiais-mortos-em-operacao-no-rio","status":"publish","type":"post","link":"https:\/\/jornalregionalms.com.br\/?p=7457","title":{"rendered":"Missa de 7\u00ba dia homenageia policiais mortos em opera\u00e7\u00e3o no Rio"},"content":{"rendered":"<\/p>\n<p><a class=\"\" href=\"https:\/\/agenciabrasil.ebc.com.br\/geral\/noticia\/2025-11\/missa-de-7o-dia-homenageia-policiais-mortos-em-operacao-no-rio\"><br \/>\n                    <img decoding=\"async\" src=\"https:\/\/cdn.jsdelivr.net\/gh\/sergiosdlima\/assets-ebc@1.0.0\/abr\/assets\/images\/logo-agenciabrasil.svg\" alt=\"Logo Ag\u00eancia Brasil\"><br \/>\n\t\t\t\t<\/a><\/p>\n<p>Foi celebrada nesta quinta-feira (6), no anfiteatro do Theatro Municipal do Rio, a missa de s\u00e9timo dia dos quatro policiais mortos na Opera\u00e7\u00e3o Conten\u00e7\u00e3o, no dia 28 de outubro, nos complexos da Penha e do Alem\u00e3o.\u00a0<img decoding=\"async\" src=\"https:\/\/agenciabrasil.ebc.com.br\/ebc.png?id=1666519&#038;o=rss\"><img decoding=\"async\" src=\"https:\/\/agenciabrasil.ebc.com.br\/ebc.gif?id=1666519&#038;o=rss\"><\/p>\n<p>Os quatro policiais mortos na opera\u00e7\u00e3o foram: o inspetor Marcus Vinicius de Carvalho, chefe de investiga\u00e7\u00e3o da delegacia policial de Mesquita, na Baixada Fluminense; o policial civil Rodrigo Veloso Cabral, que tinha sido nomeado h\u00e1 apenas 20 dias e era lotado na delegacia da Pavuna; o militar do Batalh\u00e3o de Opera\u00e7\u00f5es Especiais (Bope), Heber Carvalho da Fonseca, de 39 anos; e o sargento do Bope, Cleiton Serafim Gon\u00e7alves, de 37 anos.<\/p>\n<\/p>\n<h3>Not\u00edcias relacionadas:<\/h3>\n<ul>\n<li><a href=\"https:\/\/agenciabrasil.ebc.com.br\/geral\/noticia\/2025-11\/operacao-roque-prende-quatro-advogados-do-comando-vermelho-em-manaus\">Opera\u00e7\u00e3o Roque prende quatro advogados do Comando Vermelho em Manaus.<\/a><\/li>\n<li><a href=\"https:\/\/agenciabrasil.ebc.com.br\/geral\/noticia\/2025-11\/nenhuma-mulher-morreu-durante-operacao-no-rio-diz-policia-civil\">Nenhuma mulher morreu durante opera\u00e7\u00e3o no Rio, diz Pol\u00edcia Civil.<\/a><\/li>\n<li><a href=\"https:\/\/agenciabrasil.ebc.com.br\/justica\/noticia\/2025-11\/mpf-pede-informacoes-sobre-uso-de-verbas-federais-na-operacao-RJ\">MPF pede informa\u00e7\u00f5es sobre uso de verbas federais em opera\u00e7\u00e3o no RJ.<\/a><\/li>\n<\/ul>\n<p>A missa reuniu familiares, colegas dos policiais e autoridades\u00a0militares e o governador Cl\u00e1udio Castro.\u00a0<\/p>\n<p>A esposa do sargento Cleiton, Graziele de Souza Serafim, contou que antes de ingressar no Bope, Cleiton trabalhou como padeiro na cidade de Mendes, no interior do estado. Em seguida, ingressou na Guarda Municipal de Volta Redonda, mas que seu desejo sempre foi fazer parte do Bope.\u00a0<\/p>\n<p>&#8220;Ele morreu naquilo que ele acreditava. Ele deu a vida mesmo. Ele era o cora\u00e7\u00e3o da nossa fam\u00edlia. Eu tento me agarrar nesse pensamento, que eu sei que ele n\u00e3o estava l\u00e1 obrigado, mas sim por voca\u00e7\u00e3o\u201d, disse.<\/p>\n<p>O governador Cl\u00e1udio Castro prestou homenagem aos policiais, aos quais chamou de &#8220;her\u00f3is&#8221;.\u00a0<\/p>\n<p>&#8220;Temos uma miss\u00e3o. O movimento s\u00f3 come\u00e7ou. N\u00e3o haver\u00e1 retrocesso. N\u00e3o haver\u00e1 medo. E esse medo ser\u00e1 transformado em coragem&#8221;, afirmou ao se referir \u00e0 repercuss\u00e3o ap\u00f3s a\u00a0opera\u00e7\u00e3o.<\/p>\n<p>Segundo o secret\u00e1rio da Pol\u00edcia Militar, coronel Marcelo de Menezes, a a\u00e7\u00e3o policial n\u00e3o tinha como objetivo principal &#8220;buscar mortes&#8221;, mas que as pol\u00edcias n\u00e3o ir\u00e3o &#8220;esmorecer, a gente n\u00e3o vai recuar e ningu\u00e9m vai parar a gente\u201d em rela\u00e7\u00e3o ao combate \u00e0s fac\u00e7\u00f5es criminosas.<\/p>\n<p>O secret\u00e1rio de Seguran\u00e7a P\u00fablica do Rio, Victor dos Santos, disse que\u00a0\u201cnenhuma morte ser\u00e1 em v\u00e3o&#8221; sobre os policiais mortos.\u00a0<\/p>\n<p>A opera\u00e7\u00e3o resultou na morte de 121 pessoas, sendo quatro policiais. A a\u00e7\u00e3o policial contra a fac\u00e7\u00e3o do Comando Vermelho \u00e9 considerada a maior do estado nos \u00faltimos 15 anos e a mais letal na hist\u00f3ria do pa\u00eds.\u00a0<\/p>\n<p>\u00a0<\/p>\n","protected":false},"excerpt":{"rendered":"<p>Foi celebrada nesta quinta-feira (6), no anfiteatro do Theatro Municipal do Rio, a missa de s\u00e9timo dia dos quatro policiais mortos na Opera\u00e7\u00e3o Conten\u00e7\u00e3o, no dia 28 de outubro, nos complexos da Penha e do Alem\u00e3o.\u00a0 Os quatro policiais mortos na opera\u00e7\u00e3o foram: o inspetor Marcus Vinicius de Carvalho, chefe de investiga\u00e7\u00e3o da delegacia policial [&hellip;]<\/p>\n","protected":false},"author":32,"featured_media":7458,"comment_status":"open","ping_status":"open","sticky":false,"template":"","format":"standard","meta":{"site-sidebar-layout":"default","site-content-layout":"","ast-site-content-layout":"","site-content-style":"default","site-sidebar-style":"default","ast-global-header-display":"","ast-banner-title-visibility":"","ast-main-header-display":"","ast-hfb-above-header-display":"","ast-hfb-below-header-display":"","ast-hfb-mobile-header-display":"","site-post-title":"","ast-breadcrumbs-content":"","ast-featured-img":"","footer-sml-layout":"","theme-transparent-header-meta":"","adv-header-id-meta":"","stick-header-meta":"","header-above-stick-meta":"","header-main-stick-meta":"","header-below-stick-meta":"","astra-migrate-meta-layouts":"default","ast-page-background-enabled":"default","ast-page-background-meta":{"desktop":{"background-color":"var(--ast-global-color-4)","background-image":"","background-repeat":"repeat","background-position":"center center","background-size":"auto","background-attachment":"scroll","background-type":"","background-media":"","overlay-type":"","overlay-color":"","overlay-opacity":"","overlay-gradient":""},"tablet":{"background-color":"","background-image":"","background-repeat":"repeat","background-position":"center center","background-size":"auto","background-attachment":"scroll","background-type":"","background-media":"","overlay-type":"","overlay-color":"","overlay-opacity":"","overlay-gradient":""},"mobile":{"background-color":"","background-image":"","background-repeat":"repeat","background-position":"center center","background-size":"auto","background-attachment":"scroll","background-type":"","background-media":"","overlay-type":"","overlay-color":"","overlay-opacity":"","overlay-gradient":""}},"ast-content-background-meta":{"desktop":{"background-color":"var(--ast-global-color-5)","background-image":"","background-repeat":"repeat","background-position":"center center","background-size":"auto","background-attachment":"scroll","background-type":"","background-media":"","overlay-type":"","overlay-color":"","overlay-opacity":"","overlay-gradient":""},"tablet":{"background-color":"var(--ast-global-color-5)","background-image":"","background-repeat":"repeat","background-position":"center center","background-size":"auto","background-attachment":"scroll","background-type":"","background-media":"","overlay-type":"","overlay-color":"","overlay-opacity":"","overlay-gradient":""},"mobile":{"background-color":"var(--ast-global-color-5)","background-image":"","background-repeat":"repeat","background-position":"center center","background-size":"auto","background-attachment":"scroll","background-type":"","background-media":"","overlay-type":"","overlay-color":"","overlay-opacity":"","overlay-gradient":""}},"footnotes":""},"categories":[1],"tags":[],"class_list":["post-7457","post","type-post","status-publish","format-standard","has-post-thumbnail","hentry","category-sem-categoria"],"_links":{"self":[{"href":"https:\/\/jornalregionalms.com.br\/index.php?rest_route=\/wp\/v2\/posts\/7457","targetHints":{"allow":["GET"]}}],"collection":[{"href":"https:\/\/jornalregionalms.com.br\/index.php?rest_route=\/wp\/v2\/posts"}],"about":[{"href":"https:\/\/jornalregionalms.com.br\/index.php?rest_route=\/wp\/v2\/types\/post"}],"author":[{"embeddable":true,"href":"https:\/\/jornalregionalms.com.br\/index.php?rest_route=\/wp\/v2\/users\/32"}],"replies":[{"embeddable":true,"href":"https:\/\/jornalregionalms.com.br\/index.php?rest_route=%2Fwp%2Fv2%2Fcomments&post=7457"}],"version-history":[{"count":0,"href":"https:\/\/jornalregionalms.com.br\/index.php?rest_route=\/wp\/v2\/posts\/7457\/revisions"}],"wp:featuredmedia":[{"embeddable":true,"href":"https:\/\/jornalregionalms.com.br\/index.php?rest_route=\/wp\/v2\/media\/7458"}],"wp:attachment":[{"href":"https:\/\/jornalregionalms.com.br\/index.php?rest_route=%2Fwp%2Fv2%2Fmedia&parent=7457"}],"wp:term":[{"taxonomy":"category","embeddable":true,"href":"https:\/\/jornalregionalms.com.br\/index.php?rest_route=%2Fwp%2Fv2%2Fcategories&post=7457"},{"taxonomy":"post_tag","embeddable":true,"href":"https:\/\/jornalregionalms.com.br\/index.php?rest_route=%2Fwp%2Fv2%2Ftags&post=7457"}],"curies":[{"name":"wp","href":"https:\/\/api.w.org\/{rel}","templated":true}]}}