{"id":7453,"date":"2025-11-07T07:37:16","date_gmt":"2025-11-07T11:37:16","guid":{"rendered":"https:\/\/jornalregionalms.com.br\/?p=7453"},"modified":"2025-11-07T07:37:16","modified_gmt":"2025-11-07T11:37:16","slug":"cupula-do-clima-guterres-defende-que-o-momento-e-de-implementar-acoes","status":"publish","type":"post","link":"https:\/\/jornalregionalms.com.br\/?p=7453","title":{"rendered":"C\u00fapula do clima: Guterres defende que o momento \u00e9 de implementar a\u00e7\u00f5es"},"content":{"rendered":"<p>Durante a abertura da C\u00fapula do Clima, em Bel\u00e9m, nesta quinta-feira, o secret\u00e1rio-geral da ONU, Ant\u00f3nio Guterres, defendeu que o momento seja de implementar medidas contra o aquecimento global e n\u00e3o mais de negociar.<img decoding=\"async\" src=\"https:\/\/agenciabrasil.ebc.com.br\/ebc.png?id=1666518&#038;o=rss\"><img decoding=\"async\" src=\"https:\/\/agenciabrasil.ebc.com.br\/ebc.gif?id=1666518&#038;o=rss\"><\/p>\n<p>Para Guterres, \u00e9 preciso demonstrar um caminho claro para alcan\u00e7ar o financiamento clim\u00e1tico a pa\u00edses em desenvolvimento.<\/p>\n<p>Cerca de U$1,3 trilh\u00e3o s\u00e3o estimados para garantir a implementa\u00e7\u00e3o da transi\u00e7\u00e3o clim\u00e1tica, ou cerca de R$ 7 trilh\u00f5es.\u00a0<\/p>\n<p>J\u00e1 a secret\u00e1ria-geral da Organiza\u00e7\u00e3o Meteorol\u00f3gica Mundial, Celeste Saulo, refor\u00e7ou nesse primeiro dia da C\u00fapula de L\u00edderes da COP-30, a necessidade de decis\u00f5es efetivas que possam frear o aquecimento global.\u00a0<\/p>\n<p>Celeste Saulo destacou que o ano de 2025 j\u00e1 \u00e9 o mais quente da hist\u00f3ria, com as temperaturas se aproximando de 1,4 grau Celsius acima dos n\u00edveis pr\u00e9-industriais.\u00a0<\/p>\n<p>A C\u00fapula do Clima, que tem a presen\u00e7a de chefes de estado e de governo de diversos pa\u00edses, segue at\u00e9 esta sexta-feira para preparar as negocia\u00e7\u00f5es que v\u00e3o ocorrer na COP30, que come\u00e7a na segunda-feira, dia 10.<\/p>\n<p>  <span class=\"hms hms-format-m-ss\">2:11<\/span><\/p>\n","protected":false},"excerpt":{"rendered":"<p>Durante a abertura da C\u00fapula do Clima, em Bel\u00e9m, nesta quinta-feira, o secret\u00e1rio-geral da ONU, Ant\u00f3nio Guterres, defendeu que o momento seja de implementar medidas contra o aquecimento global e n\u00e3o mais de negociar. Para Guterres, \u00e9 preciso demonstrar um caminho claro para alcan\u00e7ar o financiamento clim\u00e1tico a pa\u00edses em desenvolvimento. Cerca de U$1,3 trilh\u00e3o [&hellip;]<\/p>\n","protected":false},"author":171,"featured_media":7454,"comment_status":"open","ping_status":"open","sticky":false,"template":"","format":"standard","meta":{"site-sidebar-layout":"default","site-content-layout":"","ast-site-content-layout":"","site-content-style":"default","site-sidebar-style":"default","ast-global-header-display":"","ast-banner-title-visibility":"","ast-main-header-display":"","ast-hfb-above-header-display":"","ast-hfb-below-header-display":"","ast-hfb-mobile-header-display":"","site-post-title":"","ast-breadcrumbs-content":"","ast-featured-img":"","footer-sml-layout":"","theme-transparent-header-meta":"","adv-header-id-meta":"","stick-header-meta":"","header-above-stick-meta":"","header-main-stick-meta":"","header-below-stick-meta":"","astra-migrate-meta-layouts":"default","ast-page-background-enabled":"default","ast-page-background-meta":{"desktop":{"background-color":"var(--ast-global-color-4)","background-image":"","background-repeat":"repeat","background-position":"center center","background-size":"auto","background-attachment":"scroll","background-type":"","background-media":"","overlay-type":"","overlay-color":"","overlay-opacity":"","overlay-gradient":""},"tablet":{"background-color":"","background-image":"","background-repeat":"repeat","background-position":"center center","background-size":"auto","background-attachment":"scroll","background-type":"","background-media":"","overlay-type":"","overlay-color":"","overlay-opacity":"","overlay-gradient":""},"mobile":{"background-color":"","background-image":"","background-repeat":"repeat","background-position":"center center","background-size":"auto","background-attachment":"scroll","background-type":"","background-media":"","overlay-type":"","overlay-color":"","overlay-opacity":"","overlay-gradient":""}},"ast-content-background-meta":{"desktop":{"background-color":"var(--ast-global-color-5)","background-image":"","background-repeat":"repeat","background-position":"center center","background-size":"auto","background-attachment":"scroll","background-type":"","background-media":"","overlay-type":"","overlay-color":"","overlay-opacity":"","overlay-gradient":""},"tablet":{"background-color":"var(--ast-global-color-5)","background-image":"","background-repeat":"repeat","background-position":"center center","background-size":"auto","background-attachment":"scroll","background-type":"","background-media":"","overlay-type":"","overlay-color":"","overlay-opacity":"","overlay-gradient":""},"mobile":{"background-color":"var(--ast-global-color-5)","background-image":"","background-repeat":"repeat","background-position":"center center","background-size":"auto","background-attachment":"scroll","background-type":"","background-media":"","overlay-type":"","overlay-color":"","overlay-opacity":"","overlay-gradient":""}},"footnotes":""},"categories":[1],"tags":[],"class_list":["post-7453","post","type-post","status-publish","format-standard","has-post-thumbnail","hentry","category-sem-categoria"],"_links":{"self":[{"href":"https:\/\/jornalregionalms.com.br\/index.php?rest_route=\/wp\/v2\/posts\/7453","targetHints":{"allow":["GET"]}}],"collection":[{"href":"https:\/\/jornalregionalms.com.br\/index.php?rest_route=\/wp\/v2\/posts"}],"about":[{"href":"https:\/\/jornalregionalms.com.br\/index.php?rest_route=\/wp\/v2\/types\/post"}],"author":[{"embeddable":true,"href":"https:\/\/jornalregionalms.com.br\/index.php?rest_route=\/wp\/v2\/users\/171"}],"replies":[{"embeddable":true,"href":"https:\/\/jornalregionalms.com.br\/index.php?rest_route=%2Fwp%2Fv2%2Fcomments&post=7453"}],"version-history":[{"count":0,"href":"https:\/\/jornalregionalms.com.br\/index.php?rest_route=\/wp\/v2\/posts\/7453\/revisions"}],"wp:featuredmedia":[{"embeddable":true,"href":"https:\/\/jornalregionalms.com.br\/index.php?rest_route=\/wp\/v2\/media\/7454"}],"wp:attachment":[{"href":"https:\/\/jornalregionalms.com.br\/index.php?rest_route=%2Fwp%2Fv2%2Fmedia&parent=7453"}],"wp:term":[{"taxonomy":"category","embeddable":true,"href":"https:\/\/jornalregionalms.com.br\/index.php?rest_route=%2Fwp%2Fv2%2Fcategories&post=7453"},{"taxonomy":"post_tag","embeddable":true,"href":"https:\/\/jornalregionalms.com.br\/index.php?rest_route=%2Fwp%2Fv2%2Ftags&post=7453"}],"curies":[{"name":"wp","href":"https:\/\/api.w.org\/{rel}","templated":true}]}}