{"id":7451,"date":"2025-11-07T07:37:17","date_gmt":"2025-11-07T11:37:17","guid":{"rendered":"https:\/\/jornalregionalms.com.br\/?p=7451"},"modified":"2025-11-07T07:37:17","modified_gmt":"2025-11-07T11:37:17","slug":"fronteira-cerrado-desenvolvimento-e-destruicao-no-agronegocio","status":"publish","type":"post","link":"https:\/\/jornalregionalms.com.br\/?p=7451","title":{"rendered":"Fronteira Cerrado: desenvolvimento e destrui\u00e7\u00e3o no agroneg\u00f3cio"},"content":{"rendered":"<p>Ao mesmo tempo em que <strong>acumula danos ambientais e provoca concentra\u00e7\u00e3o de terras e riquezas, o agroneg\u00f3cio brasileiro \u00e9 tido pelos governos e especialistas como fundamental para economia do pa\u00eds<\/strong>, ao criar super\u00e1vit na balan\u00e7a comercial e impulsionar o crescimento do Produto Interno Bruto (PIB).<img decoding=\"async\" src=\"https:\/\/agenciabrasil.ebc.com.br\/ebc.png?id=1666436&#038;o=rss\"><img decoding=\"async\" src=\"https:\/\/agenciabrasil.ebc.com.br\/ebc.gif?id=1666436&#038;o=rss\"><\/p>\n<p>Pesquisas apontam que o <strong>peso do agro pode chegar a at\u00e9 25% do PIB<\/strong> quando considerado o efeito cascata nos setores de transporte, insumos e agroind\u00fastria, conforme a Universidade de S\u00e3o Paulo (USP).<\/p>\n<blockquote>\n<p>Essa \u00e9 a quinta e \u00faltima\u00a0reportagem da s\u00e9rie especial\u00a0<a href=\"https:\/\/agenciabrasil.ebc.com.br\/radioagencia-nacional\/tags\/fronteira-cerrado\" target=\"_blank\">Fronteira Cerrado<\/a>, da\u00a0<strong>Radioag\u00eancia Nacional<\/strong>,\u00a0que\u00a0investiga como o avan\u00e7o do desmatamento no bioma, atrelado ao agroneg\u00f3cio, afeta os recursos h\u00eddricos do pa\u00eds.<\/p>\n<\/blockquote>\n<p>Entre os danos ambientais est\u00e1 o desmatamento do Cerrado, que coloca em risco a seguran\u00e7a h\u00eddrica do Brasil, j\u00e1 que o bioma \u00e9 tido como \u201cber\u00e7o das \u00e1guas\u201d por sediar as nascentes de oito das 12 bacias hidrogr\u00e1ficas do pa\u00eds. A <strong>vegeta\u00e7\u00e3o nativa do Cerrado j\u00e1 foi reduzida pela metade<\/strong>, segundo dados do MapBiomas.<\/p>\n<p>Airton Zamingnan, presidente do Sindicato dos Produtores Rurais de Balsas, munic\u00edpio do Maranh\u00e3o que \u00e9 um dos epicentros da expans\u00e3o agr\u00edcola no Cerrado, destacou que sem o agroneg\u00f3cio, a regi\u00e3o seguiria com os piores \u00edndices socioecon\u00f4micos do pa\u00eds.\u00a0<\/p>\n<p>\u201cQual a possibilidade que tem o estado sem seu agroneg\u00f3cio? Voc\u00ea acha que vai se instalar uma Volkswagen ou Mercedes para montar caminh\u00e3o? Muito pouco prov\u00e1vel. N\u00f3s temos a voca\u00e7\u00e3o, temos o clima, temos o porto e temos os solos\u201d.\u00a0<\/p>\n<p>Para o economista da Universidade Federal do Par\u00e1 (UFPA) Danilo Fernandes, n\u00e3o \u00e9 poss\u00edvel limitar a avalia\u00e7\u00e3o do setor ao PIB.<\/p>\n<blockquote>\n<p>\u201cQuanto voc\u00ea imobiliza o territ\u00f3rio nacional para produzir aquele PIB? O quanto voc\u00ea destr\u00f3i de outras possibilidades. Ent\u00e3o \u00e9 um PIB que naquele momento gera uma riqueza. Aquela riqueza usa bastante terra, impacta bastante o solo, desmata bastante a floresta, destr\u00f3i a biodiversidade e pode diminuir o n\u00edvel de chuvas. Aquele PIB tamb\u00e9m \u00e9 muito mecanizado, ou seja, utiliza muito pouca m\u00e3o de obra&#8221;.<\/p>\n<\/blockquote>\n<p>Apesar de reconhecer a import\u00e2ncia econ\u00f4mica do agroneg\u00f3cio para a economia, o professor defende que \u00e9 <strong>preciso limitar o uso de novas \u00e1reas do territ\u00f3rio<\/strong>.\u00a0\u00a0<\/p>\n<p>\u201cA gente n\u00e3o pode eliminar o agroneg\u00f3cio. Mas a gente precisa, de alguma forma, conter essa expans\u00e3o. Porque ela t\u00e1 virando um c\u00e2ncer\u201d.\u00a0<\/p>\n<p>\u00a0<\/p>\n<div class=\"dnd-widget-wrapper context-cheio_8colunas type-image\">\n<div class=\"dnd-atom-rendered\"><!-- scald=442866:cheio_8colunas --><br \/>\n            <img decoding=\"async\" src=\"https:\/\/agenciabrasil.ebc.com.br\/sites\/default\/files\/thumbnails\/image\/loading_v2.gif\" data-echo=\"https:\/\/imagens.ebc.com.br\/IC7R7_MKuaSpw8WcjBOGds1zLj4=\/754x0\/smart\/https:\/\/agenciabrasil.ebc.com.br\/sites\/default\/files\/thumbnails\/image\/2025\/10\/31\/dji_0203_0.jpg?itok=1ZsJFrgI\" alt=\"Balsas (MA), 09\/10\/2025 \u2013 Lavoura de cultivo de soja avan\u00e7a sobre a vegeta\u00e7\u00e3o do cerrado na regi\u00e3o do V\u00e3o do Uru\u00e7u\u00ed, nos Gerais de Balsas. Foto: Fernando Fraz\u00e3o\/Ag\u00eancia Brasil\" title=\"Fernando Fraz\u00e3o\/Ag\u00eancia Brasil\"><br \/>\n        <noscript><img decoding=\"async\" src=\"https:\/\/imagens.ebc.com.br\/IC7R7_MKuaSpw8WcjBOGds1zLj4=\/754x0\/smart\/https:\/\/agenciabrasil.ebc.com.br\/sites\/default\/files\/thumbnails\/image\/2025\/10\/31\/dji_0203_0.jpg?itok=1ZsJFrgI\" alt=\"Balsas (MA), 09\/10\/2025 \u2013 Lavoura de cultivo de soja avan\u00e7a sobre a vegeta\u00e7\u00e3o do cerrado na regi\u00e3o do V\u00e3o do Uru\u00e7u\u00ed, nos Gerais de Balsas. Foto: Fernando Fraz\u00e3o\/Ag\u00eancia Brasil\" title=\"Fernando Fraz\u00e3o\/Ag\u00eancia Brasil\"><\/noscript><br \/>\n    <!-- END scald=442866 --><\/div>\n<div class=\"dnd-caption-wrapper\">\n<div class=\"meta\"><!--copyright=442866-->Balsas (MA), 09\/10\/2025 \u2013 Lavoura de cultivo de soja avan\u00e7a sobre a vegeta\u00e7\u00e3o do Cerrado na regi\u00e3o do V\u00e3o do Uru\u00e7u\u00ed, nos Gerais de Balsas. &#8211; <strong>Fernando Fraz\u00e3o\/Ag\u00eancia Brasil<\/strong><!--END copyright=442866--><\/div>\n<\/div>\n<\/div>\n<h2>Financiamento do Estado<\/h2>\n<p>O crescimento do agro no pa\u00eds est\u00e1 ligado \u00e0 competitividade que ele tem no exterior. Atualmente, o <strong>Brasil lidera a produ\u00e7\u00e3o do principal gr\u00e3o do mercado mundial: a soja<\/strong>. E essa posi\u00e7\u00e3o vantajosa foi conquistada, segundo especialistas, gra\u00e7as ao <strong>apoio do Estado nas \u00faltimas d\u00e9cadas<\/strong>.<\/p>\n<p>Entre os fatores que contribu\u00edram est\u00e3o terras abundantes e baratas, em alguns casos fruto da grilagem, incentivos fiscais e empr\u00e9stimos subsidiados pelo governo no Plano Safra. Em 2025, o\u00a0valor foi recorde, de R$ 516,2 bilh\u00f5es.<\/p>\n<p>J\u00e1 para a agricultura familiar, o total foi de R$ 89 bilh\u00f5es, e isso com um crescimento de quase 50% em rela\u00e7\u00e3o \u00e0 gest\u00e3o anterior, segundo o governo federal.<\/p>\n<p>Para o professor de economia pol\u00edtica da UFPA, Gilberto de Souza Marques, o <strong>retorno social do agro \u00e9 baixo diante do valor desembolsado pelo Estado<\/strong>.<\/p>\n<p>\u201cA capacidade de gera\u00e7\u00e3o de emprego e relativamente pequena diante do montante de capital envolvido. E, principalmente, diante do montante de isen\u00e7\u00e3o fiscal que o Estado d\u00e1 para esses setores e de cr\u00e9dito subsidi\u00e1rio que o Estado concede, al\u00e9m de outros favores\u201d.\u00a0<\/p>\n<h2>Distor\u00e7\u00f5es econ\u00f4micas e pol\u00edticas<\/h2>\n<p>Segundo o economista Danilo Fernandes, esse apoio ao longo de d\u00e9cadas acabou gerando distor\u00e7\u00f5es no mercado interno, <strong>pressionando o pre\u00e7o dos alimentos aqui no Brasil<\/strong>.\u00a0\u00a0<\/p>\n<p>O fortalecimento de poucos propriet\u00e1rios tamb\u00e9m desequilibra a balan\u00e7a do poder pol\u00edtico, de acordo com o coordenador do projeto De Olho Nos Ruralistas, Bruno Bassi.<\/p>\n<blockquote>\n<p>\u201cDentro dos propriet\u00e1rios de terra no Brasil, entre pequenos, m\u00e9dios e grandes, os grandes propriet\u00e1rios s\u00e3o 1% a 2% desse total, mas eles t\u00eam a maior bancada do Congresso Nacional, com 300 deputados e mais de 50 senadores. Como a gente pode falar em democracia, em representa\u00e7\u00e3o pol\u00edtica, quando voc\u00ea tem uma disparidade t\u00e3o grande de representa\u00e7\u00e3o de uma classe?\u201d.\u00a0<\/p>\n<\/blockquote>\n<p>Presente na COP30, a Confer\u00eancia da ONU para Mudan\u00e7as Clim\u00e1ticas, a <strong>Confedera\u00e7\u00e3o Nacional da Agricultura e Pecu\u00e1ria (CNA) quer mostrar que o setor \u00e9 parte da solu\u00e7\u00e3o\u00a0do problema ambiental<\/strong>. No site da entidade, ela afirma que vai mostrar a \u201cprodu\u00e7\u00e3o sustent\u00e1vel da agropecu\u00e1ria brasileira\u201d e\u00a0defender que o agro tem um \u201cpapel fundamental para as solu\u00e7\u00f5es clim\u00e1ticas e a seguran\u00e7a alimentar e energ\u00e9tica\u201d.<\/p>\n<p>A CNA foi procurada para se manifestar especialmente para a s\u00e9rie de reportagens sobre o Cerrado, mas n\u00e3o houve resposta.<\/p>\n<p>A diretora de Recursos H\u00eddricos do Minist\u00e9rio do Meio Ambiente (MMA), Iara Bueno Giacomini, explicou que a <strong>estrat\u00e9gia do governo \u00e9 trabalhar em parceria com o agroneg\u00f3cio<\/strong>, com pol\u00edticas p\u00fablicas que incentivem o setor a desenvolver a atividade de forma mais sustent\u00e1vel poss\u00edvel.\u00a0<\/p>\n<blockquote>\n<p>\u201cN\u00e3o \u00e9 apontar um dedo e falar que \u2018voc\u00ea \u00e9 errado\u2019. Mas no sentido de falar, \u2018olha, o seu neg\u00f3cio est\u00e1 em risco. A gente gostaria de ajudar voc\u00ea a pensar como fazer isso de uma maneira mais adequada, mais eficiente e sustent\u00e1vel\u2019\u201d.<\/p>\n<\/blockquote>\n<p>A pasta destacou, entre outras medidas adotadas, o projeto<strong> Ecoinvest, que captou R$ 30 bilh\u00f5es\u00a0para recupera\u00e7\u00e3o de pastagens degradadas e aumento da produtividade agr\u00edcola<\/strong>.<\/p>\n<p>\u00a0<\/p>\n<p><strong>Ou\u00e7a e baixe as outras reportagens da s\u00e9rie Fronteira Cerrado:<\/strong><\/p>\n<ol>\n<li><strong><a href=\"https:\/\/agenciabrasil.ebc.com.br\/radioagencia-nacional\/meio-ambiente\/audio\/2025-10\/fronteira-cerrado-o-coracao-hidrico-do-brasil-sob-ameaca\" target=\"_blank\">O cora\u00e7\u00e3o h\u00eddrico do Brasil sob amea\u00e7a<\/a><\/strong><\/li>\n<li><strong><a href=\"https:\/\/agenciabrasil.ebc.com.br\/radioagencia-nacional\/meio-ambiente\/audio\/2025-11\/fronteira-cerrado-ativistas-querem-bioma-igualado-amazonia\" target=\"_blank\">Ativistas querem bioma &#8220;igualado&#8221; \u00e0 Amaz\u00f4nia<\/a><\/strong><\/li>\n<li><strong><a href=\"https:\/\/agenciabrasil.ebc.com.br\/radioagencia-nacional\/meio-ambiente\/audio\/2025-11\/fronteira-cerrado-desmatamento-esta-ligado-conflitos-e-grilagem\" target=\"_blank\">Desmatamento est\u00e1 ligado a conflitos e grilagem<\/a><\/strong><\/li>\n<li><strong><a href=\"https:\/\/agenciabrasil.ebc.com.br\/radioagencia-nacional\/meio-ambiente\/audio\/2025-11\/fronteira-cerrado-desigualdade-no-acesso-ao-estado-agrava-conflitos\" target=\"_blank\">Desigualdade no acesso ao Estado agrava conflitos<\/a><\/strong><\/li>\n<\/ol>\n<p>\u00a0<\/p>\n<p><em>*Com produ\u00e7\u00e3o de Beatriz Evaristo e sonoplastia de Jailton Sodr\u00e9<\/em><\/p>\n<p><em>**A produ\u00e7\u00e3o dessa s\u00e9rie foi viabilizada a partir da\u00a0Sele\u00e7\u00e3o de Reportagens N\u00e1dia Franco, iniciativa da\u00a0Empresa Brasil de Comunica\u00e7\u00e3o (EBC)\u00a0que destinou R$ 200 mil para o custeio de conte\u00fados especiais produzidos por jornalistas da empresa.<\/em><\/p>\n<p><em>***O Instituto Sociedade, Popula\u00e7\u00e3o e Natureza (ISPN) custeou as passagens \u00e1reas da equipe at\u00e9 Imperatriz (MA).<\/em><\/p>\n<p>  <span class=\"hms hms-format-m-ss\">5:58<\/span><\/p>\n","protected":false},"excerpt":{"rendered":"<p>Ao mesmo tempo em que acumula danos ambientais e provoca concentra\u00e7\u00e3o de terras e riquezas, o agroneg\u00f3cio brasileiro \u00e9 tido pelos governos e especialistas como fundamental para economia do pa\u00eds, ao criar super\u00e1vit na balan\u00e7a comercial e impulsionar o crescimento do Produto Interno Bruto (PIB). Pesquisas apontam que o peso do agro pode chegar a [&hellip;]<\/p>\n","protected":false},"author":1,"featured_media":7452,"comment_status":"open","ping_status":"open","sticky":false,"template":"","format":"standard","meta":{"site-sidebar-layout":"default","site-content-layout":"","ast-site-content-layout":"","site-content-style":"default","site-sidebar-style":"default","ast-global-header-display":"","ast-banner-title-visibility":"","ast-main-header-display":"","ast-hfb-above-header-display":"","ast-hfb-below-header-display":"","ast-hfb-mobile-header-display":"","site-post-title":"","ast-breadcrumbs-content":"","ast-featured-img":"","footer-sml-layout":"","theme-transparent-header-meta":"","adv-header-id-meta":"","stick-header-meta":"","header-above-stick-meta":"","header-main-stick-meta":"","header-below-stick-meta":"","astra-migrate-meta-layouts":"default","ast-page-background-enabled":"default","ast-page-background-meta":{"desktop":{"background-color":"var(--ast-global-color-4)","background-image":"","background-repeat":"repeat","background-position":"center center","background-size":"auto","background-attachment":"scroll","background-type":"","background-media":"","overlay-type":"","overlay-color":"","overlay-opacity":"","overlay-gradient":""},"tablet":{"background-color":"","background-image":"","background-repeat":"repeat","background-position":"center center","background-size":"auto","background-attachment":"scroll","background-type":"","background-media":"","overlay-type":"","overlay-color":"","overlay-opacity":"","overlay-gradient":""},"mobile":{"background-color":"","background-image":"","background-repeat":"repeat","background-position":"center center","background-size":"auto","background-attachment":"scroll","background-type":"","background-media":"","overlay-type":"","overlay-color":"","overlay-opacity":"","overlay-gradient":""}},"ast-content-background-meta":{"desktop":{"background-color":"var(--ast-global-color-5)","background-image":"","background-repeat":"repeat","background-position":"center center","background-size":"auto","background-attachment":"scroll","background-type":"","background-media":"","overlay-type":"","overlay-color":"","overlay-opacity":"","overlay-gradient":""},"tablet":{"background-color":"var(--ast-global-color-5)","background-image":"","background-repeat":"repeat","background-position":"center center","background-size":"auto","background-attachment":"scroll","background-type":"","background-media":"","overlay-type":"","overlay-color":"","overlay-opacity":"","overlay-gradient":""},"mobile":{"background-color":"var(--ast-global-color-5)","background-image":"","background-repeat":"repeat","background-position":"center center","background-size":"auto","background-attachment":"scroll","background-type":"","background-media":"","overlay-type":"","overlay-color":"","overlay-opacity":"","overlay-gradient":""}},"footnotes":""},"categories":[1],"tags":[],"class_list":["post-7451","post","type-post","status-publish","format-standard","has-post-thumbnail","hentry","category-sem-categoria"],"_links":{"self":[{"href":"https:\/\/jornalregionalms.com.br\/index.php?rest_route=\/wp\/v2\/posts\/7451","targetHints":{"allow":["GET"]}}],"collection":[{"href":"https:\/\/jornalregionalms.com.br\/index.php?rest_route=\/wp\/v2\/posts"}],"about":[{"href":"https:\/\/jornalregionalms.com.br\/index.php?rest_route=\/wp\/v2\/types\/post"}],"author":[{"embeddable":true,"href":"https:\/\/jornalregionalms.com.br\/index.php?rest_route=\/wp\/v2\/users\/1"}],"replies":[{"embeddable":true,"href":"https:\/\/jornalregionalms.com.br\/index.php?rest_route=%2Fwp%2Fv2%2Fcomments&post=7451"}],"version-history":[{"count":0,"href":"https:\/\/jornalregionalms.com.br\/index.php?rest_route=\/wp\/v2\/posts\/7451\/revisions"}],"wp:featuredmedia":[{"embeddable":true,"href":"https:\/\/jornalregionalms.com.br\/index.php?rest_route=\/wp\/v2\/media\/7452"}],"wp:attachment":[{"href":"https:\/\/jornalregionalms.com.br\/index.php?rest_route=%2Fwp%2Fv2%2Fmedia&parent=7451"}],"wp:term":[{"taxonomy":"category","embeddable":true,"href":"https:\/\/jornalregionalms.com.br\/index.php?rest_route=%2Fwp%2Fv2%2Fcategories&post=7451"},{"taxonomy":"post_tag","embeddable":true,"href":"https:\/\/jornalregionalms.com.br\/index.php?rest_route=%2Fwp%2Fv2%2Ftags&post=7451"}],"curies":[{"name":"wp","href":"https:\/\/api.w.org\/{rel}","templated":true}]}}