{"id":7449,"date":"2025-11-07T07:37:14","date_gmt":"2025-11-07T11:37:14","guid":{"rendered":"https:\/\/jornalregionalms.com.br\/?p=7449"},"modified":"2025-11-07T07:37:14","modified_gmt":"2025-11-07T11:37:14","slug":"baixada-santista-registra-ao-menos-44-casos-de-meningite-em-2025","status":"publish","type":"post","link":"https:\/\/jornalregionalms.com.br\/?p=7449","title":{"rendered":"Baixada Santista registra ao menos 44 casos de meningite em 2025"},"content":{"rendered":"<\/p>\n<p><a class=\"\" href=\"https:\/\/agenciabrasil.ebc.com.br\/saude\/noticia\/2025-11\/baixada-santista-registra-ao-menos-44-casos-de-meningite-em-2025\"><br \/>\n                    <img decoding=\"async\" src=\"https:\/\/cdn.jsdelivr.net\/gh\/sergiosdlima\/assets-ebc@1.0.0\/abr\/assets\/images\/logo-agenciabrasil.svg\" alt=\"Logo Ag\u00eancia Brasil\"><br \/>\n\t\t\t\t<\/a><\/p>\n<p><strong>Seis dos nove munic\u00edpios da Baixada Santista registraram 44 casos de meningite em 2025 e sete mortes\u00a0decorrentes da doen\u00e7a. <\/strong>As cidades que informaram os dados nesta quinta-feira (6) s\u00e3o: Santos, S\u00e3o Vicente, Cubat\u00e3o, Praia Grande, Mongagu\u00e1 e Itanha\u00e9m. \u00a0\u00a0<img decoding=\"async\" src=\"https:\/\/agenciabrasil.ebc.com.br\/ebc.png?id=1666509&#038;o=rss\"><img decoding=\"async\" src=\"https:\/\/agenciabrasil.ebc.com.br\/ebc.gif?id=1666509&#038;o=rss\"><\/p>\n<p>De acordo com a prefeitura de Santos, houve seis\u00a0casos confirmados no munic\u00edpio este ano e um\u00a0\u00f3bito. Em 2024, foram 20 casos e duas mortes.<\/p>\n<\/p>\n<h3>Not\u00edcias relacionadas:<\/h3>\n<ul>\n<li><a href=\"https:\/\/agenciabrasil.ebc.com.br\/saude\/noticia\/2025-07\/meningite-entenda-como-fica-vacinacao-com-acwy-apos-mudanca-nas-doses\">Meningite: entenda como fica vacina\u00e7\u00e3o com ACWY ap\u00f3s mudan\u00e7a nas doses.<\/a><\/li>\n<li><a href=\"https:\/\/agenciabrasil.ebc.com.br\/saude\/noticia\/2025-06\/dose-de-reforco-de-vacina-contra-meningite-tera-protecao-maior\">Dose de refor\u00e7o de vacina contra meningite ter\u00e1 prote\u00e7\u00e3o maior.<\/a><\/li>\n<li><a href=\"https:\/\/agenciabrasil.ebc.com.br\/saude\/noticia\/2023-09\/sarampo-meningite-polio-vacinas-evitam-sequelas-para-vida-toda\">Sarampo, meningite, p\u00f3lio: vacinas evitam sequelas para a vida toda.<\/a><\/li>\n<\/ul>\n<p>Em Cubat\u00e3o, s\u00e3o tr\u00eas\u00a0casos e tr\u00eas\u00a0\u00f3bitos em 2025, enquanto no ano passado foram registrados cinco\u00a0casos e duas mortes.\u00a0<\/p>\n<p>Em Praia Grande, em 2025, s\u00e3o 11 casos e tr\u00eas\u00a0\u00f3bitos; no ano passado, foram 13 casos e tr\u00eas mortes. Em Mongagu\u00e1, foram registrados este ano tr\u00eas\u00a0casos, sem\u00a0\u00f3bitos; em 2024, foram tr\u00eas\u00a0casos e uma morte.<\/p>\n<p>No munic\u00edpio de Itanha\u00e9m, em 2025, foram registrados quatro\u00a0casos e nenhum \u00f3bito. Em S\u00e3o Vicente, foram 17 casos confirmados neste ano. As prefeituras n\u00e3o informaram os dados de 2024.<\/p>\n<p><strong>As meningites podem ser causadas por v\u00edrus ou bact\u00e9rias e diferem entre si no que diz respeito ao tratamento e progn\u00f3stico cl\u00ednico<\/strong>. H\u00e1 sintomas que s\u00e3o comuns a todas, como febre alta, dor de cabe\u00e7a forte, rigidez na nuca (que impede abaixar o queixo at\u00e9 o peito), n\u00e1useas ou v\u00f4mitos\u00a0e sensibilidade \u00e0 luz.<\/p>\n<p>As autoridades\u00a0recomendam <strong>procurar o servi\u00e7o de sa\u00fade no aparecimento dos sintomas, para avalia\u00e7\u00e3o cl\u00ednica e ado\u00e7\u00e3o de conduta terap\u00eautica<\/strong>.<\/p>\n<p>\u201cA Secretaria de Estado da Sa\u00fade de S\u00e3o Paulo realiza e monitora a investiga\u00e7\u00e3o epidemiol\u00f3gica dos casos de meningite na regi\u00e3o da Baixada Santista, al\u00e9m de acompanhar a evolu\u00e7\u00e3o dos casos em conjunto com os munic\u00edpios\u201d, disse a pasta, em nota.\u00a0<\/p>\n<p>Para evitar a doen\u00e7a, \u00e9 recomendado refor\u00e7ar a higiene das m\u00e3os com \u00e1gua e sab\u00e3o, especialmente antes das refei\u00e7\u00f5es e ap\u00f3s o uso de sanit\u00e1rios; manter a limpeza e desinfec\u00e7\u00e3o regular de superf\u00edcies, brinquedos e utens\u00edlios compartilhados assim como a boa ventila\u00e7\u00e3o dos ambientes; evitar o compartilhamento de objetos de uso pessoal, como copos, talheres e garrafas; e cobrir boca e nariz ao tossir ou espirrar; utilizar len\u00e7o descart\u00e1vel e higienizar as m\u00e3os ap\u00f3s tossir ou espirrar.<\/p>\n","protected":false},"excerpt":{"rendered":"<p>Seis dos nove munic\u00edpios da Baixada Santista registraram 44 casos de meningite em 2025 e sete mortes\u00a0decorrentes da doen\u00e7a. As cidades que informaram os dados nesta quinta-feira (6) s\u00e3o: Santos, S\u00e3o Vicente, Cubat\u00e3o, Praia Grande, Mongagu\u00e1 e Itanha\u00e9m. \u00a0\u00a0 De acordo com a prefeitura de Santos, houve seis\u00a0casos confirmados no munic\u00edpio este ano e um\u00a0\u00f3bito. [&hellip;]<\/p>\n","protected":false},"author":50,"featured_media":7450,"comment_status":"open","ping_status":"open","sticky":false,"template":"","format":"standard","meta":{"site-sidebar-layout":"default","site-content-layout":"","ast-site-content-layout":"","site-content-style":"default","site-sidebar-style":"default","ast-global-header-display":"","ast-banner-title-visibility":"","ast-main-header-display":"","ast-hfb-above-header-display":"","ast-hfb-below-header-display":"","ast-hfb-mobile-header-display":"","site-post-title":"","ast-breadcrumbs-content":"","ast-featured-img":"","footer-sml-layout":"","theme-transparent-header-meta":"","adv-header-id-meta":"","stick-header-meta":"","header-above-stick-meta":"","header-main-stick-meta":"","header-below-stick-meta":"","astra-migrate-meta-layouts":"default","ast-page-background-enabled":"default","ast-page-background-meta":{"desktop":{"background-color":"var(--ast-global-color-4)","background-image":"","background-repeat":"repeat","background-position":"center center","background-size":"auto","background-attachment":"scroll","background-type":"","background-media":"","overlay-type":"","overlay-color":"","overlay-opacity":"","overlay-gradient":""},"tablet":{"background-color":"","background-image":"","background-repeat":"repeat","background-position":"center center","background-size":"auto","background-attachment":"scroll","background-type":"","background-media":"","overlay-type":"","overlay-color":"","overlay-opacity":"","overlay-gradient":""},"mobile":{"background-color":"","background-image":"","background-repeat":"repeat","background-position":"center center","background-size":"auto","background-attachment":"scroll","background-type":"","background-media":"","overlay-type":"","overlay-color":"","overlay-opacity":"","overlay-gradient":""}},"ast-content-background-meta":{"desktop":{"background-color":"var(--ast-global-color-5)","background-image":"","background-repeat":"repeat","background-position":"center center","background-size":"auto","background-attachment":"scroll","background-type":"","background-media":"","overlay-type":"","overlay-color":"","overlay-opacity":"","overlay-gradient":""},"tablet":{"background-color":"var(--ast-global-color-5)","background-image":"","background-repeat":"repeat","background-position":"center center","background-size":"auto","background-attachment":"scroll","background-type":"","background-media":"","overlay-type":"","overlay-color":"","overlay-opacity":"","overlay-gradient":""},"mobile":{"background-color":"var(--ast-global-color-5)","background-image":"","background-repeat":"repeat","background-position":"center center","background-size":"auto","background-attachment":"scroll","background-type":"","background-media":"","overlay-type":"","overlay-color":"","overlay-opacity":"","overlay-gradient":""}},"footnotes":""},"categories":[1],"tags":[],"class_list":["post-7449","post","type-post","status-publish","format-standard","has-post-thumbnail","hentry","category-sem-categoria"],"_links":{"self":[{"href":"https:\/\/jornalregionalms.com.br\/index.php?rest_route=\/wp\/v2\/posts\/7449","targetHints":{"allow":["GET"]}}],"collection":[{"href":"https:\/\/jornalregionalms.com.br\/index.php?rest_route=\/wp\/v2\/posts"}],"about":[{"href":"https:\/\/jornalregionalms.com.br\/index.php?rest_route=\/wp\/v2\/types\/post"}],"author":[{"embeddable":true,"href":"https:\/\/jornalregionalms.com.br\/index.php?rest_route=\/wp\/v2\/users\/50"}],"replies":[{"embeddable":true,"href":"https:\/\/jornalregionalms.com.br\/index.php?rest_route=%2Fwp%2Fv2%2Fcomments&post=7449"}],"version-history":[{"count":0,"href":"https:\/\/jornalregionalms.com.br\/index.php?rest_route=\/wp\/v2\/posts\/7449\/revisions"}],"wp:featuredmedia":[{"embeddable":true,"href":"https:\/\/jornalregionalms.com.br\/index.php?rest_route=\/wp\/v2\/media\/7450"}],"wp:attachment":[{"href":"https:\/\/jornalregionalms.com.br\/index.php?rest_route=%2Fwp%2Fv2%2Fmedia&parent=7449"}],"wp:term":[{"taxonomy":"category","embeddable":true,"href":"https:\/\/jornalregionalms.com.br\/index.php?rest_route=%2Fwp%2Fv2%2Fcategories&post=7449"},{"taxonomy":"post_tag","embeddable":true,"href":"https:\/\/jornalregionalms.com.br\/index.php?rest_route=%2Fwp%2Fv2%2Ftags&post=7449"}],"curies":[{"name":"wp","href":"https:\/\/api.w.org\/{rel}","templated":true}]}}