{"id":7445,"date":"2025-11-07T07:37:06","date_gmt":"2025-11-07T11:37:06","guid":{"rendered":"https:\/\/jornalregionalms.com.br\/?p=7445"},"modified":"2025-11-07T07:37:06","modified_gmt":"2025-11-07T11:37:06","slug":"stf-suspende-todos-os-processos-do-pais-sobre-moratoria-da-soja","status":"publish","type":"post","link":"https:\/\/jornalregionalms.com.br\/?p=7445","title":{"rendered":"STF suspende todos os processos do pa\u00eds sobre Morat\u00f3ria da Soja\u00a0"},"content":{"rendered":"<\/p>\n<p><a class=\"\" href=\"https:\/\/agenciabrasil.ebc.com.br\/justica\/noticia\/2025-11\/stf-suspende-todos-os-processos-do-pais-sobre-moratoria-da-soja\"><br \/>\n                    <img decoding=\"async\" src=\"https:\/\/cdn.jsdelivr.net\/gh\/sergiosdlima\/assets-ebc@1.0.0\/abr\/assets\/images\/logo-agenciabrasil.svg\" alt=\"Logo Ag\u00eancia Brasil\"><br \/>\n\t\t\t\t<\/a><\/p>\n<p>O ministro Fl\u00e1vio Dino, do Supremo Tribunal Federal (STF), determinou a suspens\u00e3o nacional de todos os processos que tratem da chamada \u201cMorat\u00f3ria da Soja\u201d, como ficou conhecido um compromisso firmado em 2006 por empresas do setor para n\u00e3o comercializar soja proveniente de \u00e1reas da Amaz\u00f4nia que tenham sido desmatadas a partir de 2008.\u00a0<img decoding=\"async\" src=\"https:\/\/agenciabrasil.ebc.com.br\/ebc.png?id=1666351&#038;o=rss\"><img decoding=\"async\" src=\"https:\/\/agenciabrasil.ebc.com.br\/ebc.gif?id=1666351&#038;o=rss\"><\/p>\n<p><strong>A liminar (decis\u00e3o provis\u00f3ria) concedida na quarta-feira (5) tem efeitos amplos, suspendendo qualquer processo que trate do assunto mesmo que indiretamente, seja nas esferas judicial ou administrativa<\/strong>.\u00a0<\/p>\n<\/p>\n<h3>Not\u00edcias relacionadas:<\/h3>\n<ul>\n<li><a href=\"https:\/\/agenciabrasil.ebc.com.br\/geral\/noticia\/2016-05\/moratoria-da-soja-e-renovada-por-tempo-indeterminado\">Morat\u00f3ria da Soja \u00e9 renovada por tempo indeterminado.<\/a><\/li>\n<li><a href=\"https:\/\/agenciabrasil.ebc.com.br\/justica\/noticia\/2025-08\/justica-suspende-decisao-do-cade-sobre-moratoria-da-soja\">Justi\u00e7a suspende decis\u00e3o do Cade sobre Morat\u00f3ria da Soja.<\/a><\/li>\n<li><a href=\"https:\/\/agenciabrasil.ebc.com.br\/meio-ambiente\/noticia\/2025-08\/cade-suspende-moratoria-da-soja-e-organizacoes-sociais-reagem\">Cade suspende Morat\u00f3ria da Soja e organiza\u00e7\u00f5es sociais reagem.<\/a><\/li>\n<\/ul>\n<p>\u00d3rg\u00e3o administrativos como o Conselho Administrativo de Defesa Econ\u00f4mica (Cade) tamb\u00e9m foram especificamente vedados a\u00a0dar continuidade a qualquer an\u00e1lise sobre o assunto, ao menos at\u00e9 que o Supremo decida sobre a constitucionalidade e legalidade da morat\u00f3ria.\u00a0<\/p>\n<p><strong>Em agosto, o Cade decidiu <a href=\"https:\/\/agenciabrasil.ebc.com.br\/meio-ambiente\/noticia\/2025-08\/cade-suspende-moratoria-da-soja-e-organizacoes-sociais-reagem\" target=\"_blank\">suspender a vig\u00eancia da Morat\u00f3ria da Soja<\/a>, sob a justificativa de apurar se o acordo n\u00e3o estaria funcionando como cortina para a combina\u00e7\u00e3o de pre\u00e7os e a forma\u00e7\u00e3o de um cartel entre\u00a0<em>tradings<\/em>\u00a0exportadoras de soja.\u00a0<\/strong><\/p>\n<p><a href=\"https:\/\/www.whatsapp.com\/channel\/0029VaoRTgrInlqYLSk59B2M\" target=\"_blank\">>> Siga o canal da <strong>Ag\u00eancia Brasil <\/strong>no WhatsApp<\/a><\/p>\n<p>A medida foi tomada em\u00a0inqu\u00e9rito administrativo aberto a partir de representa\u00e7\u00e3o feita pela Comiss\u00e3o de Agricultura, Pecu\u00e1ria, Abastecimento e Desenvolvimento Rural da C\u00e2mara dos Deputados, informou o Cade.<\/p>\n<p><strong>Atacada por grupos ambientalistas, a decis\u00e3o foi suspensa ainda em agosto pela Justi\u00e7a Federal, a pedido da Associa\u00e7\u00e3o Brasileira das Ind\u00fastrias de \u00d3leos Vegetais (Abiove)<\/strong>.\u00a0<\/p>\n<p>Dino \u00e9 relator de ao menos tr\u00eas a\u00e7\u00f5es diretas de inconstitucionalidade sobre o assunto no Supremo. <strong>Em uma delas, partidos como PSOL e Rede questionam uma <a href=\"https:\/\/agenciabrasil.ebc.com.br\/meio-ambiente\/noticia\/2025-01\/mato-grosso-aprova-leis-ambientais-contrarias-legislacao-federal\" target=\"_blank\">lei aprovada<\/a> no Mato Grosso, que cortou incentivos fiscais para quem tenha aderido \u00e0 Morat\u00f3ria da Soja<\/strong>.\u00a0<\/p>\n<p><strong>O governo federal, por sua vez, defende o mecanismo, que \u00e9 de ades\u00e3o volunt\u00e1ria por empresas, entidades do terceiro setor e administra\u00e7\u00e3o p\u00fablica<\/strong>. Em nota, o Minist\u00e9rio do Meio Ambiente e Mudan\u00e7a do Clima disse que a\u00a0Morat\u00f3ria da Soja\u00a0\u00e9 um instrumento pioneiro e reconhecido internacionalmente, com vig\u00eancia de quase 20 anos, e que conta com a ades\u00e3o do governo federal e promo\u00e7\u00e3o do governo federal.\u00a0<\/p>\n<blockquote>\n<p>\u201cA perenidade do acordo indica seu sucesso e a aus\u00eancia de elementos que possam, por si s\u00f3, caracterizar um cartel de compra que motive uma medida preventiva\u201d, diz o texto divulgado pela pasta.\u00a0<\/p>\n<\/blockquote>\n<p><strong>Desde que foi firmado, o <a href=\"https:\/\/agenciabrasil.ebc.com.br\/meio-ambiente\/noticia\/2025-08\/suspensao-da-moratoria-da-soja-pelo-cade-preocupa-meio-ambiente\" target=\"_blank\">cumprimento do acordo tem sido acompanhado de perto por entidades ambientalistas<\/a>, por meio do monitoramento via sat\u00e9lite<\/strong>.<\/p>\n<p>Dados apresentados pelo Greenpeace Brasil, por exemplo, d\u00e3o conta de um aumento de 344% na produ\u00e7\u00e3o de soja na Amaz\u00f4nia entre 2009 e 2022, enquanto que no mesmo per\u00edodo houve uma queda de 69% no desmatamento do bioma, indicando aumento de produtividade sem expans\u00e3o territorial.<\/p>\n","protected":false},"excerpt":{"rendered":"<p>O ministro Fl\u00e1vio Dino, do Supremo Tribunal Federal (STF), determinou a suspens\u00e3o nacional de todos os processos que tratem da chamada \u201cMorat\u00f3ria da Soja\u201d, como ficou conhecido um compromisso firmado em 2006 por empresas do setor para n\u00e3o comercializar soja proveniente de \u00e1reas da Amaz\u00f4nia que tenham sido desmatadas a partir de 2008.\u00a0 A liminar [&hellip;]<\/p>\n","protected":false},"author":76,"featured_media":7446,"comment_status":"open","ping_status":"open","sticky":false,"template":"","format":"standard","meta":{"site-sidebar-layout":"default","site-content-layout":"","ast-site-content-layout":"","site-content-style":"default","site-sidebar-style":"default","ast-global-header-display":"","ast-banner-title-visibility":"","ast-main-header-display":"","ast-hfb-above-header-display":"","ast-hfb-below-header-display":"","ast-hfb-mobile-header-display":"","site-post-title":"","ast-breadcrumbs-content":"","ast-featured-img":"","footer-sml-layout":"","theme-transparent-header-meta":"","adv-header-id-meta":"","stick-header-meta":"","header-above-stick-meta":"","header-main-stick-meta":"","header-below-stick-meta":"","astra-migrate-meta-layouts":"default","ast-page-background-enabled":"default","ast-page-background-meta":{"desktop":{"background-color":"var(--ast-global-color-4)","background-image":"","background-repeat":"repeat","background-position":"center center","background-size":"auto","background-attachment":"scroll","background-type":"","background-media":"","overlay-type":"","overlay-color":"","overlay-opacity":"","overlay-gradient":""},"tablet":{"background-color":"","background-image":"","background-repeat":"repeat","background-position":"center center","background-size":"auto","background-attachment":"scroll","background-type":"","background-media":"","overlay-type":"","overlay-color":"","overlay-opacity":"","overlay-gradient":""},"mobile":{"background-color":"","background-image":"","background-repeat":"repeat","background-position":"center center","background-size":"auto","background-attachment":"scroll","background-type":"","background-media":"","overlay-type":"","overlay-color":"","overlay-opacity":"","overlay-gradient":""}},"ast-content-background-meta":{"desktop":{"background-color":"var(--ast-global-color-5)","background-image":"","background-repeat":"repeat","background-position":"center center","background-size":"auto","background-attachment":"scroll","background-type":"","background-media":"","overlay-type":"","overlay-color":"","overlay-opacity":"","overlay-gradient":""},"tablet":{"background-color":"var(--ast-global-color-5)","background-image":"","background-repeat":"repeat","background-position":"center center","background-size":"auto","background-attachment":"scroll","background-type":"","background-media":"","overlay-type":"","overlay-color":"","overlay-opacity":"","overlay-gradient":""},"mobile":{"background-color":"var(--ast-global-color-5)","background-image":"","background-repeat":"repeat","background-position":"center center","background-size":"auto","background-attachment":"scroll","background-type":"","background-media":"","overlay-type":"","overlay-color":"","overlay-opacity":"","overlay-gradient":""}},"footnotes":""},"categories":[1],"tags":[],"class_list":["post-7445","post","type-post","status-publish","format-standard","has-post-thumbnail","hentry","category-sem-categoria"],"_links":{"self":[{"href":"https:\/\/jornalregionalms.com.br\/index.php?rest_route=\/wp\/v2\/posts\/7445","targetHints":{"allow":["GET"]}}],"collection":[{"href":"https:\/\/jornalregionalms.com.br\/index.php?rest_route=\/wp\/v2\/posts"}],"about":[{"href":"https:\/\/jornalregionalms.com.br\/index.php?rest_route=\/wp\/v2\/types\/post"}],"author":[{"embeddable":true,"href":"https:\/\/jornalregionalms.com.br\/index.php?rest_route=\/wp\/v2\/users\/76"}],"replies":[{"embeddable":true,"href":"https:\/\/jornalregionalms.com.br\/index.php?rest_route=%2Fwp%2Fv2%2Fcomments&post=7445"}],"version-history":[{"count":0,"href":"https:\/\/jornalregionalms.com.br\/index.php?rest_route=\/wp\/v2\/posts\/7445\/revisions"}],"wp:featuredmedia":[{"embeddable":true,"href":"https:\/\/jornalregionalms.com.br\/index.php?rest_route=\/wp\/v2\/media\/7446"}],"wp:attachment":[{"href":"https:\/\/jornalregionalms.com.br\/index.php?rest_route=%2Fwp%2Fv2%2Fmedia&parent=7445"}],"wp:term":[{"taxonomy":"category","embeddable":true,"href":"https:\/\/jornalregionalms.com.br\/index.php?rest_route=%2Fwp%2Fv2%2Fcategories&post=7445"},{"taxonomy":"post_tag","embeddable":true,"href":"https:\/\/jornalregionalms.com.br\/index.php?rest_route=%2Fwp%2Fv2%2Ftags&post=7445"}],"curies":[{"name":"wp","href":"https:\/\/api.w.org\/{rel}","templated":true}]}}