{"id":7443,"date":"2025-11-07T07:37:07","date_gmt":"2025-11-07T11:37:07","guid":{"rendered":"https:\/\/jornalregionalms.com.br\/?p=7443"},"modified":"2025-11-07T07:37:07","modified_gmt":"2025-11-07T11:37:07","slug":"stf-comeca-a-julgar-recursos-de-bolsonaro-e-aliados-contra-condenacao","status":"publish","type":"post","link":"https:\/\/jornalregionalms.com.br\/?p=7443","title":{"rendered":"STF come\u00e7a a julgar recursos de Bolsonaro e aliados contra condena\u00e7\u00e3o"},"content":{"rendered":"<\/p>\n<p><a class=\"\" href=\"https:\/\/agenciabrasil.ebc.com.br\/justica\/noticia\/2025-11\/stf-comeca-julgar-recursos-de-bolsonaro-e-aliados-contra-condenacao\"><br \/>\n                    <img decoding=\"async\" src=\"https:\/\/cdn.jsdelivr.net\/gh\/sergiosdlima\/assets-ebc@1.0.0\/abr\/assets\/images\/logo-agenciabrasil.svg\" alt=\"Logo Ag\u00eancia Brasil\"><br \/>\n\t\t\t\t<\/a><\/p>\n<p><strong>A Primeira Turma do Supremo Tribunal Federal (STF) inicia nesta sexta-feira (7), em Bras\u00edlia, o julgamento dos recursos do ex-presidente Jair Bolsonaro e mais seis r\u00e9us contra a condena\u00e7\u00e3o na a\u00e7\u00e3o penal do N\u00facleo 1 da trama golpista.<\/strong><img decoding=\"async\" src=\"https:\/\/agenciabrasil.ebc.com.br\/ebc.png?id=1666491&#038;o=rss\"><img decoding=\"async\" src=\"https:\/\/agenciabrasil.ebc.com.br\/ebc.gif?id=1666491&#038;o=rss\"><\/p>\n<p>O julgamento ser\u00e1 realizado de forma virtual e ter\u00e1 in\u00edcio \u00e0s 11h. A vota\u00e7\u00e3o ficar\u00e1 aberta at\u00e9 as 23h59 da pr\u00f3xima sexta-feira (14).<\/p>\n<\/p>\n<h3>Not\u00edcias relacionadas:<\/h3>\n<ul>\n<li><a href=\"https:\/\/agenciabrasil.ebc.com.br\/justica\/noticia\/2025-11\/moraes-autoriza-general-preso-por-trama-golpista-fazer-o-enem\">Moraes autoriza general preso por trama golpista a fazer o Enem\u00a0.<\/a><\/li>\n<li><a href=\"https:\/\/agenciabrasil.ebc.com.br\/justica\/noticia\/2025-11\/stf-reconhece-omissao-do-congresso-por-nao-taxar-grandes-fortunas\">STF reconhece a omiss\u00e3o do Congresso por n\u00e3o taxar grandes fortunas.<\/a><\/li>\n<li><a href=\"https:\/\/agenciabrasil.ebc.com.br\/justica\/noticia\/2025-11\/gdf-pede-moraes-laudo-medico-antes-de-eventual-prisao-de-bolsonaro\"> GDF pede a Moraes laudo m\u00e9dico antes de eventual pris\u00e3o de Bolsonaro.<\/a><\/li>\n<\/ul>\n<p>Est\u00e3o em julgamento os chamados embargos de\u00a0declara\u00e7\u00e3o,\u00a0recurso que visa\u00a0esclarecer omiss\u00f5es e contradi\u00e7\u00f5es no texto final do julgamento, que foi realizado no dia 11 de setembro e terminou com a condena\u00e7\u00e3o de Bolsonaro e seus aliados na trama.<\/p>\n<p>Esse tipo de\u00a0recurso n\u00e3o tem poder para rever o resultado do julgamento e costuma ser rejeitado.\u00a0<\/p>\n<p><strong>O primeiro voto ser\u00e1 proferido pelo relator, ministro Alexandre de Moraes. <\/strong>Em seguida, os demais ministros ficam liberados para inserir os votos no sistema eletr\u00f4nico. Est\u00e3o aptos a votar os ministros Cristiano Zanin, C\u00e1rmen L\u00facia e Fl\u00e1vio Dino.<\/p>\n<p>O ministro Luiz Fux n\u00e3o deve participar do julgamento. No m\u00eas passado, Fux mudou para a Segunda Turma da Corte ap\u00f3s votar pela absolvi\u00e7\u00e3o de Bolsonaro. Dessa forma, somente quatro ministros v\u00e3o julgar os recursos.<\/p>\n<h2>Pris\u00e3o<\/h2>\n<p><strong>Atualmente, o ex-presidente Bolsonaro est\u00e1 em pris\u00e3o cautelar em fun\u00e7\u00e3o das investiga\u00e7\u00f5es do inqu\u00e9rito sobre o tarifa\u00e7o dos Estados Unidos contra o Brasil.<\/strong><\/p>\n<p>Se o recurso for rejeitado, a pris\u00e3o de Bolsonaro e dos demais acusados poder\u00e1 ser decretada.<\/p>\n<p>O ex-presidente pode cumprir a pena definitiva na a\u00e7\u00e3o penal do golpe no Pres\u00eddio da Papuda, em Bras\u00edlia, ou em uma sala especial na Pol\u00edcia Federal. A decis\u00e3o final ser\u00e1 de Alexandre de Moraes.<\/p>\n<p><strong>Os demais condenados s\u00e3o militares e delegados da Pol\u00edcia Federal e poder\u00e3o cumprir as penas em quart\u00e9is das For\u00e7as Armadas ou em alas especiais da pr\u00f3pria Papuda.<\/strong><\/p>\n<p>Diante do estado de sa\u00fade de Bolsonaro, a defesa tamb\u00e9m poder\u00e1 solicitar que o ex-presidente seja mantido em pris\u00e3o domiciliar, como ocorreu com o ex-presidente Fernando Collor.\u00a0<\/p>\n<p>Condenado pelo Supremo em um dos processos da Opera\u00e7\u00e3o Lava Jato, Collor foi mandado para um pres\u00eddio em Macei\u00f3, mas ganhou o direito de cumprir a pena em casa, sob monitoramento de tornozeleira eletr\u00f4nica, por motivos de sa\u00fade.\u00a0<\/p>\n<h2>Confira as penas definidas para os condenados\u00a0<\/h2>\n<p>&#8211; Jair Bolsonaro \u2013 ex-presidente da Rep\u00fablica: <a href=\"https:\/\/agenciabrasil.ebc.com.br\/justica\/noticia\/2025-09\/stf-condena-bolsonaro-27-anos-e-tres-meses-de-prisao\" target=\"_blank\" title=\"https:\/\/agenciabrasil.ebc.com.br\/justica\/noticia\/2025-09\/stf-condena-bolsonaro-27-anos-e-tres-meses-de-prisao\">27 anos e tr\u00eas meses<\/a>;<\/p>\n<p>&#8211; Walter Braga Netto &#8211; ex-ministro de Bolsonaro e candidato a\u00a0vice-presidente na chapa de 2022: <a href=\"https:\/\/agenciabrasil.ebc.com.br\/justica\/noticia\/2025-09\/supremo-condena-braga-netto-26-anos-de-prisao-pela-trama-golpista\" target=\"_blank\" title=\"https:\/\/agenciabrasil.ebc.com.br\/justica\/noticia\/2025-09\/supremo-condena-braga-netto-26-anos-de-prisao-pela-trama-golpista\">26 anos<\/a>;<\/p>\n<p>\u00a0&#8211; Almir Garnier &#8211; ex-comandante da Marinha:\u00a024 anos;\u00a0<\/p>\n<p>&#8211; Anderson Torres &#8211; ex-ministro da Justi\u00e7a e ex-secret\u00e1rio de Seguran\u00e7a do Distrito Federal: 24 anos;<\/p>\n<p>&#8211; Augusto Heleno &#8211; ex-ministro do Gabinete de Seguran\u00e7a Institucional (GSI):\u00a021 anos;\u00a0<\/p>\n<p>&#8211; Paulo S\u00e9rgio Nogueira &#8211; ex-ministro da Defesa:\u00a019 anos;\u00a0<\/p>\n<p>&#8211; Alexandre Ramagem &#8211; ex-diretor da Ag\u00eancia Brasileira de Intelig\u00eancia (Abin): 16 anos, um m\u00eas e 15 dias.<\/p>\n<p><strong>Ramagem foi condenado somente pelos crimes de organiza\u00e7\u00e3o criminosa armada, tentativa de aboli\u00e7\u00e3o violenta do Estado Democr\u00e1tico de Direito e golpe de Estado.<\/strong><\/p>\n<p>Ele \u00e9 deputado federal e teve parte das acusa\u00e7\u00f5es suspensas. A medida vale para os crimes de dano qualificado pela viol\u00eancia e grave amea\u00e7a contra o patrim\u00f4nio da Uni\u00e3o, e com consider\u00e1vel preju\u00edzo para a v\u00edtima e deteriora\u00e7\u00e3o de patrim\u00f4nio tombado, ambos relacionados aos atos golpistas de 8 de janeiro.\u00a0<\/p>\n<p>&#8211; Mauro Cid, ex-ajudante de ordens de Bolsonaro, assinou dela\u00e7\u00e3o premiada durante as investiga\u00e7\u00f5es e n\u00e3o recorreu da condena\u00e7\u00e3o. Ele j\u00e1 cumpre a pena em regime aberto e tirou a tornozeleira eletr\u00f4nica.\u00a0<\/p>\n","protected":false},"excerpt":{"rendered":"<p>A Primeira Turma do Supremo Tribunal Federal (STF) inicia nesta sexta-feira (7), em Bras\u00edlia, o julgamento dos recursos do ex-presidente Jair Bolsonaro e mais seis r\u00e9us contra a condena\u00e7\u00e3o na a\u00e7\u00e3o penal do N\u00facleo 1 da trama golpista. O julgamento ser\u00e1 realizado de forma virtual e ter\u00e1 in\u00edcio \u00e0s 11h. A vota\u00e7\u00e3o ficar\u00e1 aberta at\u00e9 [&hellip;]<\/p>\n","protected":false},"author":28,"featured_media":7444,"comment_status":"open","ping_status":"open","sticky":false,"template":"","format":"standard","meta":{"site-sidebar-layout":"default","site-content-layout":"","ast-site-content-layout":"","site-content-style":"default","site-sidebar-style":"default","ast-global-header-display":"","ast-banner-title-visibility":"","ast-main-header-display":"","ast-hfb-above-header-display":"","ast-hfb-below-header-display":"","ast-hfb-mobile-header-display":"","site-post-title":"","ast-breadcrumbs-content":"","ast-featured-img":"","footer-sml-layout":"","theme-transparent-header-meta":"","adv-header-id-meta":"","stick-header-meta":"","header-above-stick-meta":"","header-main-stick-meta":"","header-below-stick-meta":"","astra-migrate-meta-layouts":"default","ast-page-background-enabled":"default","ast-page-background-meta":{"desktop":{"background-color":"var(--ast-global-color-4)","background-image":"","background-repeat":"repeat","background-position":"center center","background-size":"auto","background-attachment":"scroll","background-type":"","background-media":"","overlay-type":"","overlay-color":"","overlay-opacity":"","overlay-gradient":""},"tablet":{"background-color":"","background-image":"","background-repeat":"repeat","background-position":"center center","background-size":"auto","background-attachment":"scroll","background-type":"","background-media":"","overlay-type":"","overlay-color":"","overlay-opacity":"","overlay-gradient":""},"mobile":{"background-color":"","background-image":"","background-repeat":"repeat","background-position":"center center","background-size":"auto","background-attachment":"scroll","background-type":"","background-media":"","overlay-type":"","overlay-color":"","overlay-opacity":"","overlay-gradient":""}},"ast-content-background-meta":{"desktop":{"background-color":"var(--ast-global-color-5)","background-image":"","background-repeat":"repeat","background-position":"center center","background-size":"auto","background-attachment":"scroll","background-type":"","background-media":"","overlay-type":"","overlay-color":"","overlay-opacity":"","overlay-gradient":""},"tablet":{"background-color":"var(--ast-global-color-5)","background-image":"","background-repeat":"repeat","background-position":"center center","background-size":"auto","background-attachment":"scroll","background-type":"","background-media":"","overlay-type":"","overlay-color":"","overlay-opacity":"","overlay-gradient":""},"mobile":{"background-color":"var(--ast-global-color-5)","background-image":"","background-repeat":"repeat","background-position":"center center","background-size":"auto","background-attachment":"scroll","background-type":"","background-media":"","overlay-type":"","overlay-color":"","overlay-opacity":"","overlay-gradient":""}},"footnotes":""},"categories":[1],"tags":[],"class_list":["post-7443","post","type-post","status-publish","format-standard","has-post-thumbnail","hentry","category-sem-categoria"],"_links":{"self":[{"href":"https:\/\/jornalregionalms.com.br\/index.php?rest_route=\/wp\/v2\/posts\/7443","targetHints":{"allow":["GET"]}}],"collection":[{"href":"https:\/\/jornalregionalms.com.br\/index.php?rest_route=\/wp\/v2\/posts"}],"about":[{"href":"https:\/\/jornalregionalms.com.br\/index.php?rest_route=\/wp\/v2\/types\/post"}],"author":[{"embeddable":true,"href":"https:\/\/jornalregionalms.com.br\/index.php?rest_route=\/wp\/v2\/users\/28"}],"replies":[{"embeddable":true,"href":"https:\/\/jornalregionalms.com.br\/index.php?rest_route=%2Fwp%2Fv2%2Fcomments&post=7443"}],"version-history":[{"count":0,"href":"https:\/\/jornalregionalms.com.br\/index.php?rest_route=\/wp\/v2\/posts\/7443\/revisions"}],"wp:featuredmedia":[{"embeddable":true,"href":"https:\/\/jornalregionalms.com.br\/index.php?rest_route=\/wp\/v2\/media\/7444"}],"wp:attachment":[{"href":"https:\/\/jornalregionalms.com.br\/index.php?rest_route=%2Fwp%2Fv2%2Fmedia&parent=7443"}],"wp:term":[{"taxonomy":"category","embeddable":true,"href":"https:\/\/jornalregionalms.com.br\/index.php?rest_route=%2Fwp%2Fv2%2Fcategories&post=7443"},{"taxonomy":"post_tag","embeddable":true,"href":"https:\/\/jornalregionalms.com.br\/index.php?rest_route=%2Fwp%2Fv2%2Ftags&post=7443"}],"curies":[{"name":"wp","href":"https:\/\/api.w.org\/{rel}","templated":true}]}}