{"id":7437,"date":"2025-11-07T07:37:02","date_gmt":"2025-11-07T11:37:02","guid":{"rendered":"https:\/\/jornalregionalms.com.br\/?p=7437"},"modified":"2025-11-07T07:37:02","modified_gmt":"2025-11-07T11:37:02","slug":"brasileiro-vence-premio-da-unesco-em-pesquisas-sobre-etica-da-ia","status":"publish","type":"post","link":"https:\/\/jornalregionalms.com.br\/?p=7437","title":{"rendered":"Brasileiro vence pr\u00eamio da Unesco em pesquisas sobre \u00e9tica da IA"},"content":{"rendered":"<\/p>\n<p><a class=\"\" href=\"https:\/\/agenciabrasil.ebc.com.br\/educacao\/noticia\/2025-11\/brasileiro-vence-premio-da-unesco-em-pesquisas-sobre-etica-da-ia\"><br \/>\n                    <img decoding=\"async\" src=\"https:\/\/cdn.jsdelivr.net\/gh\/sergiosdlima\/assets-ebc@1.0.0\/abr\/assets\/images\/logo-agenciabrasil.svg\" alt=\"Logo Ag\u00eancia Brasil\"><br \/>\n\t\t\t\t<\/a><\/p>\n<p>A Organiza\u00e7\u00e3o das Na\u00e7\u00f5es Unidas para a Educa\u00e7\u00e3o, a Ci\u00eancia e a Cultura (Unesco) anunciou os vencedores da primeira edi\u00e7\u00e3o do Pr\u00eamio Unesco-Uzbequist\u00e3o para Pesquisa Cient\u00edfica sobre \u00c9tica na Intelig\u00eancia Artificial. <strong>O pr\u00eamio principal\u00a0foi para o professor Virg\u00edlio Almeida, do Departamento de Computa\u00e7\u00e3o da Universidade Federal de Minas Gerais (UFMG), por suas pesquisas nas \u00e1reas de governan\u00e7a das redes de internet, intelig\u00eancia artificial (IA) e algoritmos\u00a0e\u00a0seu papel na constru\u00e7\u00e3o das pol\u00edticas de regula\u00e7\u00e3o para IA e algoritmos de rede, inclusive de redes sociais, no Brasil e no mundo.<\/strong><img decoding=\"async\" src=\"https:\/\/agenciabrasil.ebc.com.br\/ebc.png?id=1666534&#038;o=rss\"><img decoding=\"async\" src=\"https:\/\/agenciabrasil.ebc.com.br\/ebc.gif?id=1666534&#038;o=rss\"><\/p>\n<p>Almeida participou ativamente da constru\u00e7\u00e3o de pol\u00edticas como o Marco Civil da Internet na d\u00e9cada passada, quando foi secret\u00e1rio nacional de Pol\u00edticas de Inform\u00e1tica do Minist\u00e9rio da Ci\u00eancia, Tecnologia e Inova\u00e7\u00e3o. Na \u00e9poca, a divulga\u00e7\u00e3o de milhares de documentos restritos por Edward Snowden e sua equipe revelaram\u00a0um complexo esquema de vigil\u00e2ncia e espionagem pelas redes de inform\u00e1tica, feito\u00a0pelo governo dos Estados Unidos.<\/p>\n<\/p>\n<h3>Not\u00edcias relacionadas:<\/h3>\n<ul>\n<li><a href=\"https:\/\/agenciabrasil.ebc.com.br\/politica\/noticia\/2025-05\/governo-cria-grupo-para-coordenar-plano-de-inteligencia-artificial\">Governo cria grupo para coordenar plano de intelig\u00eancia artificial.<\/a><\/li>\n<li><a href=\"https:\/\/agenciabrasil.ebc.com.br\/saude\/noticia\/2025-11\/unesco-faz-recomendacao-inedita-para-uso-etico-da-neurotecnologia\">Unesco faz\u00a0recomenda\u00e7\u00e3o in\u00e9dita para uso \u00e9tico da neurotecnologia.<\/a><\/li>\n<li><a href=\"https:\/\/agenciabrasil.ebc.com.br\/educacao\/noticia\/2025-10\/projeto-do-piaui-sobre-ia-e-selecionado-para-premio-da-unesco\">Projeto do Piau\u00ed sobre IA \u00e9 selecionado para pr\u00eamio da Unesco.<\/a><\/li>\n<\/ul>\n<p>No Brasil, a Petrobras e a ent\u00e3o presidente Dilma Rousseff figuraram entre os vigiados, o que motivou uma resposta institucional mais contundente. Almeida foi um dos representantes brasileiros nas reuni\u00f5es internacionais que se seguiram ao incidente e contribuiu ativamente para a constru\u00e7\u00e3o das pol\u00edticas internacionais sobre o tema. De volta ao Brasil, seguiu como pesquisador na UFMG e na Universidade de S\u00e3o Paulo, onde atua na c\u00e1tedra\u00a0Oscar Sala do Instituto de Estudos Avan\u00e7ados da Universidade de S\u00e3o Paulo, em que\u00a0foi lan\u00e7ado o projeto \u201cIA Respons\u00e1vel\u201d, que investiga dimens\u00f5es t\u00e9cnicas, sociais, legais e institucionais do setor.<\/p>\n<p>O professor foi indicado pelo Minist\u00e9rio das Rela\u00e7\u00f5es Exteriores. Em nota, o governo brasileiro afirmou que &#8220;recebeu, com grande satisfa\u00e7\u00e3o, o an\u00fancio da sele\u00e7\u00e3o do professor Virg\u00edlio Almeida para a edi\u00e7\u00e3o inaugural do pr\u00eamio&#8221;, e que &#8220;a premia\u00e7\u00e3o\u00a0reflete o compromisso do governo brasileiro com a governan\u00e7a inclusiva e com o uso \u00e9tico e respons\u00e1vel da intelig\u00eancia artificial e de tecnologias digitais na atualidade, a fim de\u00a0torn\u00e1-las ferramentas essenciais no desenvolvimento socioecon\u00f4mico para o bem de todos&#8221;.<\/p>\n<p><strong>Al\u00e9m do brasileiro foram premiadas as pesquisadoras Claudia Roda e Susan Perry, que pesquisam juntas na C\u00e1tedra Unesco para Intelig\u00eancia Artificial e Direitos Humanos, da American University of Paris (AUP), onde discutem\u00a0o impacto das tecnologias digitais no cotidiano e como o direcionamento dessa tecnologia pode criar novos cen\u00e1rios e novos problemas.<\/strong><\/p>\n<p>Tamb\u00e9m foi laureado o Instituto para Governan\u00e7a Internacional da Intelig\u00eancia Artificial da Universidade de Tsinghua, na China, liderado pelo professor Xue Lan. Atuando desde 2020, o Instituto pesquisa alternativas e m\u00e9todos para desenvolvimento de uma IA respons\u00e1vel e inclusiva.\u00a0<\/p>\n<h2>Pr\u00eamio homenageia cientista Uzbeque<\/h2>\n<p><strong>O pr\u00eamio recebe o nome de Beruniy Prize em homenagem ao cientista hom\u00f4nimo, tamb\u00e9m conhecido como Abu Rayhan al-Biruni. Ele trabalhava com v\u00e1rias \u00e1reas do conhecimento, como astronomia, matem\u00e1tica, geografia e f\u00edsica, al\u00e9m de ser historiador, ge\u00f3grafo e fil\u00f3sofo nos s\u00e9culos X\u00a0e XI.<\/strong>\u00a0De origem persa, \u00e9 considerado\u00a0de grande import\u00e2ncia e um dos patronos da ci\u00eancia e da cultura no Uzbequist\u00e3o, pa\u00eds que promove o pr\u00eamio, uma das pol\u00edticas recentes que a na\u00e7\u00e3o da \u00c1sia Central tem tomado para promover sua cultura, rela\u00e7\u00f5es com outras na\u00e7\u00f5es e influ\u00eancia internacional.<\/p>\n","protected":false},"excerpt":{"rendered":"<p>A Organiza\u00e7\u00e3o das Na\u00e7\u00f5es Unidas para a Educa\u00e7\u00e3o, a Ci\u00eancia e a Cultura (Unesco) anunciou os vencedores da primeira edi\u00e7\u00e3o do Pr\u00eamio Unesco-Uzbequist\u00e3o para Pesquisa Cient\u00edfica sobre \u00c9tica na Intelig\u00eancia Artificial. O pr\u00eamio principal\u00a0foi para o professor Virg\u00edlio Almeida, do Departamento de Computa\u00e7\u00e3o da Universidade Federal de Minas Gerais (UFMG), por suas pesquisas nas \u00e1reas [&hellip;]<\/p>\n","protected":false},"author":14,"featured_media":7438,"comment_status":"open","ping_status":"open","sticky":false,"template":"","format":"standard","meta":{"site-sidebar-layout":"default","site-content-layout":"","ast-site-content-layout":"","site-content-style":"default","site-sidebar-style":"default","ast-global-header-display":"","ast-banner-title-visibility":"","ast-main-header-display":"","ast-hfb-above-header-display":"","ast-hfb-below-header-display":"","ast-hfb-mobile-header-display":"","site-post-title":"","ast-breadcrumbs-content":"","ast-featured-img":"","footer-sml-layout":"","theme-transparent-header-meta":"","adv-header-id-meta":"","stick-header-meta":"","header-above-stick-meta":"","header-main-stick-meta":"","header-below-stick-meta":"","astra-migrate-meta-layouts":"default","ast-page-background-enabled":"default","ast-page-background-meta":{"desktop":{"background-color":"var(--ast-global-color-4)","background-image":"","background-repeat":"repeat","background-position":"center center","background-size":"auto","background-attachment":"scroll","background-type":"","background-media":"","overlay-type":"","overlay-color":"","overlay-opacity":"","overlay-gradient":""},"tablet":{"background-color":"","background-image":"","background-repeat":"repeat","background-position":"center center","background-size":"auto","background-attachment":"scroll","background-type":"","background-media":"","overlay-type":"","overlay-color":"","overlay-opacity":"","overlay-gradient":""},"mobile":{"background-color":"","background-image":"","background-repeat":"repeat","background-position":"center center","background-size":"auto","background-attachment":"scroll","background-type":"","background-media":"","overlay-type":"","overlay-color":"","overlay-opacity":"","overlay-gradient":""}},"ast-content-background-meta":{"desktop":{"background-color":"var(--ast-global-color-5)","background-image":"","background-repeat":"repeat","background-position":"center center","background-size":"auto","background-attachment":"scroll","background-type":"","background-media":"","overlay-type":"","overlay-color":"","overlay-opacity":"","overlay-gradient":""},"tablet":{"background-color":"var(--ast-global-color-5)","background-image":"","background-repeat":"repeat","background-position":"center center","background-size":"auto","background-attachment":"scroll","background-type":"","background-media":"","overlay-type":"","overlay-color":"","overlay-opacity":"","overlay-gradient":""},"mobile":{"background-color":"var(--ast-global-color-5)","background-image":"","background-repeat":"repeat","background-position":"center center","background-size":"auto","background-attachment":"scroll","background-type":"","background-media":"","overlay-type":"","overlay-color":"","overlay-opacity":"","overlay-gradient":""}},"footnotes":""},"categories":[123],"tags":[],"class_list":["post-7437","post","type-post","status-publish","format-standard","has-post-thumbnail","hentry","category-politica"],"_links":{"self":[{"href":"https:\/\/jornalregionalms.com.br\/index.php?rest_route=\/wp\/v2\/posts\/7437","targetHints":{"allow":["GET"]}}],"collection":[{"href":"https:\/\/jornalregionalms.com.br\/index.php?rest_route=\/wp\/v2\/posts"}],"about":[{"href":"https:\/\/jornalregionalms.com.br\/index.php?rest_route=\/wp\/v2\/types\/post"}],"author":[{"embeddable":true,"href":"https:\/\/jornalregionalms.com.br\/index.php?rest_route=\/wp\/v2\/users\/14"}],"replies":[{"embeddable":true,"href":"https:\/\/jornalregionalms.com.br\/index.php?rest_route=%2Fwp%2Fv2%2Fcomments&post=7437"}],"version-history":[{"count":0,"href":"https:\/\/jornalregionalms.com.br\/index.php?rest_route=\/wp\/v2\/posts\/7437\/revisions"}],"wp:featuredmedia":[{"embeddable":true,"href":"https:\/\/jornalregionalms.com.br\/index.php?rest_route=\/wp\/v2\/media\/7438"}],"wp:attachment":[{"href":"https:\/\/jornalregionalms.com.br\/index.php?rest_route=%2Fwp%2Fv2%2Fmedia&parent=7437"}],"wp:term":[{"taxonomy":"category","embeddable":true,"href":"https:\/\/jornalregionalms.com.br\/index.php?rest_route=%2Fwp%2Fv2%2Fcategories&post=7437"},{"taxonomy":"post_tag","embeddable":true,"href":"https:\/\/jornalregionalms.com.br\/index.php?rest_route=%2Fwp%2Fv2%2Ftags&post=7437"}],"curies":[{"name":"wp","href":"https:\/\/api.w.org\/{rel}","templated":true}]}}