{"id":7317,"date":"2025-11-05T18:33:59","date_gmt":"2025-11-05T22:33:59","guid":{"rendered":"https:\/\/jornalregionalms.com.br\/?p=7317"},"modified":"2025-11-05T18:33:59","modified_gmt":"2025-11-05T22:33:59","slug":"enem-2025-quase-triplica-numero-de-participantes-com-60-anos-ou-mais","status":"publish","type":"post","link":"https:\/\/jornalregionalms.com.br\/?p=7317","title":{"rendered":"Enem 2025: quase triplica n\u00famero de participantes com 60 anos ou mais"},"content":{"rendered":"<\/p>\n<p><a class=\"\" href=\"https:\/\/agenciabrasil.ebc.com.br\/educacao\/noticia\/2025-11\/enem-2025-quase-triplica-numero-de-participantes-com-60-anos-ou-mais\"><br \/>\n                    <img decoding=\"async\" src=\"https:\/\/cdn.jsdelivr.net\/gh\/sergiosdlima\/assets-ebc@1.0.0\/abr\/assets\/images\/logo-agenciabrasil.svg\" alt=\"Logo Ag\u00eancia Brasil\"><br \/>\n\t\t\t\t<\/a><\/p>\n<p><strong>O Exame Nacional do Ensino M\u00e9dio (Enem) n\u00e3o tem restri\u00e7\u00e3o de idade para participa\u00e7\u00e3o na prova. <a href=\"https:\/\/app.powerbi.com\/view?r=eyJrIjoiYjM0N2JkYzMtZTg4Mi00NjJjLTg2MTItNWY4MmI1MmE4MWUzIiwidCI6IjI2ZjczODk3LWM4YWMtNGIxZS05NzhmLWVhNGMwNzc0MzRiZiJ9\" target=\"_blank\">Os dados do Painel Enem 2025<\/a>, criado pelo Instituto Nacional de Estudos e Pesquisas Educacionais An\u00edsio Teixeira (Inep), constam participantes de diversas faixas et\u00e1rias entre\u00a0os mais de 4,81 milh\u00f5es de inscritos confirmados nesta edi\u00e7\u00e3o,\u00a0desde aqueles candidatos com menos de 16 anos de idade at\u00e9 os com 60 anos ou mais.<\/strong><img decoding=\"async\" src=\"https:\/\/agenciabrasil.ebc.com.br\/ebc.png?id=1666170&#038;o=rss\"><img decoding=\"async\" src=\"https:\/\/agenciabrasil.ebc.com.br\/ebc.gif?id=1666170&#038;o=rss\"><\/p>\n<p>Apesar de representarem o menor grupo et\u00e1rio (0,35% do total) entre os inscritos, os candidatos com 60 anos ou mais aumentaram 191,38%, entre 2022 e 2025. Na atual edi\u00e7\u00e3o do Enem, este p\u00fablico soma 17.192 inscritos. Enquanto que em 2022, foram 5,9 mil.<\/p>\n<\/p>\n<h3>Not\u00edcias relacionadas:<\/h3>\n<ul>\n<li><a href=\"https:\/\/agenciabrasil.ebc.com.br\/educacao\/noticia\/2025-11\/conheca-regras-para-prova-redacao-do-enem-2025-no-domingo\">Conhe\u00e7a as regras para a prova de reda\u00e7\u00e3o do Enem 2025 no domingo.<\/a><\/li>\n<li><a href=\"https:\/\/agenciabrasil.ebc.com.br\/educacao\/noticia\/2025-11\/enem-2025-inscritos-autodeclarados-indigenas-crescem-89-desde-2022\">Enem 2025: inscritos autodeclarados ind\u00edgenas crescem 89%, desde 2022.<\/a><\/li>\n<li><a href=\"https:\/\/agenciabrasil.ebc.com.br\/educacao\/noticia\/2025-10\/enem-2025-locais-de-prova-ja-podem-ser-consultados\">Enem 2025: locais de prova j\u00e1 podem ser consultados.<\/a><\/li>\n<\/ul>\n<p>O Inep disse, em nota, que \u201cos n\u00fameros traduzem o avan\u00e7o educacional de uma parcela da sociedade em busca do desenvolvimento individual e coletivo&#8221;.<\/p>\n<p>De acordo com o Instituto Brasileiro de Geografia e Estat\u00edstica (IBGE), em 2023, a propor\u00e7\u00e3o de pessoas com 60 anos ou mais na popula\u00e7\u00e3o brasileira era de 15,6%. Em n\u00fameros absolutos, o pa\u00eds tinha 33 milh\u00f5es de pessoas idosas, em 2023.<\/p>\n<p>Seguem os quantitativos de inscritos por faixa et\u00e1ria:<\/p>\n<ul>\n<li>menor\/igual a 16 anos: 678.122;<\/li>\n<li>igual a 17 anos: 1.113.718;<\/li>\n<li>igual a 18 anos: 1.039.558;\u00a0<\/li>\n<li>igual a 19 anos: 445.701;<\/li>\n<li>igual a 20 anos: 257.063;\u00a0<\/li>\n<li>de 21 a 30 anos: 811.081;\u00a0<\/li>\n<li>de 31 a 59 anos: 448.903;\u00a0<\/li>\n<li>maior que 60 anos: 17.192.<\/li>\n<\/ul>\n<p><a href=\"https:\/\/www.whatsapp.com\/channel\/0029VaoRTgrInlqYLSk59B2M\" target=\"_blank\">>> Siga o canal da <strong>Ag\u00eancia Brasil <\/strong>no WhatsApp<\/a><\/p>\n<h2>Perfil dos idosos<\/h2>\n<p><strong>Este ano, entre os candidatos do Enem 2025 com 60 anos de idade ou mais, as mulheres s\u00e3o a maioria (54,35%). E 45,65% s\u00e3o do sexo masculino.<\/strong><\/p>\n<p>Em rela\u00e7\u00e3o \u00e0 escolaridade, o maior n\u00famero dos inscritos com 60 anos ou mais j\u00e1 concluiu o ensino m\u00e9dio (14.810).<\/p>\n<p>Outros 1.141 inscritos n\u00e3o est\u00e3o cursando ou n\u00e3o conclu\u00edram o ensino m\u00e9dio. Na terceira posi\u00e7\u00e3o, 1.069 pessoas idosas inscritas est\u00e3o com os estudos ativos e cursam a \u00faltima s\u00e9rie do ensino m\u00e9dio.<\/p>\n<p>Por fim, 172 cursam o ensino m\u00e9dio, mas n\u00e3o o concluir\u00e3o no ano letivo de 2025.<\/p>\n<p>Vale lembrar que este ano 2025, o Enem voltar\u00e1 a permitir que as<a href=\"https:\/\/agenciabrasil.ebc.com.br\/educacao\/noticia\/2025-05\/saiba-como-o-enem-voltara-certificar-conclusao-do-ensino-medio\" target=\"_blank\"> notas das provas sejam usadas para a certifica\u00e7\u00e3o de conclus\u00e3o do ensino m\u00e9dio<\/a> e para declara\u00e7\u00e3o parcial de profici\u00eancia na etapa de ensino.<\/p>\n<p>Os estados que registraram maior n\u00famero de inscritos confirmados acima de 60 anos foram Rio de Janeiro (3.087), S\u00e3o Paulo (2.367) e Minas Gerais (1.997).<\/p>\n<h2>Provas<\/h2>\n<p>As provas objetivas e a reda\u00e7\u00e3o do Enem 2025 ser\u00e3o aplicadas nos dias 9 e 16 de novembro, em 1.804 munic\u00edpios.<\/p>\n<p><strong>As exce\u00e7\u00f5es s\u00e3o as cidades de Bel\u00e9m, Ananindeua e Marituba, no Par\u00e1. Devido \u00e0 realiza\u00e7\u00e3o da 30\u00aa Confer\u00eancia das Partes da Conven\u00e7\u00e3o-Quadro das Na\u00e7\u00f5es Unidas sobre Mudan\u00e7a do Clima (COP30), em Bel\u00e9m, de 10 a 21 de novembro, nessas localidades as provas ocorrer\u00e3o em 30 de novembro e 7 de dezembro.<\/strong><\/p>\n<p>Os participantes fazem provas de quatro \u00e1reas de conhecimento: linguagens, c\u00f3digos e suas tecnologias; ci\u00eancias humanas e suas tecnologias; ci\u00eancias da natureza e suas tecnologias; e matem\u00e1tica e suas tecnologias que, ao todo, somam 180 quest\u00f5es objetivas.<\/p>\n<p>Os participantes tamb\u00e9m s\u00e3o avaliados por meio de uma reda\u00e7\u00e3o, que exige o desenvolvimento de um texto dissertativo-argumentativo, a partir de um problema.<\/p>\n<h2>Enem<\/h2>\n<p>O Exame Nacional do Ensino M\u00e9dio (Enem) foi institu\u00eddo em 1998.<\/p>\n<p><a href=\"https:\/\/agenciabrasil.ebc.com.br\/educacao\/noticia\/2025-10\/saiba-como-usar-notas-individuais-do-enem-2025\" target=\"_blank\">Os resultados podem ser usados para diversas finalidades<\/a> para acesso a universidades p\u00fablicas, para concorrer a bolsas de estudo integrais e parciais em universidades privadas, para pleitear o cr\u00e9dito estudantil para o pagamento das mensalidades de faculdades privadas, para ingresso sem vestibular em faculdades, para estudar em Portugal, para autoavalia\u00e7\u00e3o e certifica\u00e7\u00e3o de conclus\u00e3o do ensino m\u00e9dio ou declara\u00e7\u00e3o parcial de profici\u00eancia nessa etapa do ensino b\u00e1sico.<\/p>\n<p>Para saber mais sobre o exame, <a href=\"https:\/\/www.gov.br\/inep\/pt-br\/acesso-a-informacao\/perguntas-frequentes\/exame-nacional-do-ensino-medio-enem%C2%A0\" target=\"_blank\">acesse o link criado pelo Inep<\/a> com respostas \u00e0s perguntas mais frequentes.<\/p>\n","protected":false},"excerpt":{"rendered":"<p>O Exame Nacional do Ensino M\u00e9dio (Enem) n\u00e3o tem restri\u00e7\u00e3o de idade para participa\u00e7\u00e3o na prova. Os dados do Painel Enem 2025, criado pelo Instituto Nacional de Estudos e Pesquisas Educacionais An\u00edsio Teixeira (Inep), constam participantes de diversas faixas et\u00e1rias entre\u00a0os mais de 4,81 milh\u00f5es de inscritos confirmados nesta edi\u00e7\u00e3o,\u00a0desde aqueles candidatos com menos de [&hellip;]<\/p>\n","protected":false},"author":6,"featured_media":7318,"comment_status":"open","ping_status":"open","sticky":false,"template":"","format":"standard","meta":{"site-sidebar-layout":"default","site-content-layout":"","ast-site-content-layout":"","site-content-style":"default","site-sidebar-style":"default","ast-global-header-display":"","ast-banner-title-visibility":"","ast-main-header-display":"","ast-hfb-above-header-display":"","ast-hfb-below-header-display":"","ast-hfb-mobile-header-display":"","site-post-title":"","ast-breadcrumbs-content":"","ast-featured-img":"","footer-sml-layout":"","theme-transparent-header-meta":"","adv-header-id-meta":"","stick-header-meta":"","header-above-stick-meta":"","header-main-stick-meta":"","header-below-stick-meta":"","astra-migrate-meta-layouts":"default","ast-page-background-enabled":"default","ast-page-background-meta":{"desktop":{"background-color":"var(--ast-global-color-4)","background-image":"","background-repeat":"repeat","background-position":"center center","background-size":"auto","background-attachment":"scroll","background-type":"","background-media":"","overlay-type":"","overlay-color":"","overlay-opacity":"","overlay-gradient":""},"tablet":{"background-color":"","background-image":"","background-repeat":"repeat","background-position":"center center","background-size":"auto","background-attachment":"scroll","background-type":"","background-media":"","overlay-type":"","overlay-color":"","overlay-opacity":"","overlay-gradient":""},"mobile":{"background-color":"","background-image":"","background-repeat":"repeat","background-position":"center center","background-size":"auto","background-attachment":"scroll","background-type":"","background-media":"","overlay-type":"","overlay-color":"","overlay-opacity":"","overlay-gradient":""}},"ast-content-background-meta":{"desktop":{"background-color":"var(--ast-global-color-5)","background-image":"","background-repeat":"repeat","background-position":"center center","background-size":"auto","background-attachment":"scroll","background-type":"","background-media":"","overlay-type":"","overlay-color":"","overlay-opacity":"","overlay-gradient":""},"tablet":{"background-color":"var(--ast-global-color-5)","background-image":"","background-repeat":"repeat","background-position":"center center","background-size":"auto","background-attachment":"scroll","background-type":"","background-media":"","overlay-type":"","overlay-color":"","overlay-opacity":"","overlay-gradient":""},"mobile":{"background-color":"var(--ast-global-color-5)","background-image":"","background-repeat":"repeat","background-position":"center center","background-size":"auto","background-attachment":"scroll","background-type":"","background-media":"","overlay-type":"","overlay-color":"","overlay-opacity":"","overlay-gradient":""}},"footnotes":""},"categories":[123],"tags":[],"class_list":["post-7317","post","type-post","status-publish","format-standard","has-post-thumbnail","hentry","category-politica"],"_links":{"self":[{"href":"https:\/\/jornalregionalms.com.br\/index.php?rest_route=\/wp\/v2\/posts\/7317","targetHints":{"allow":["GET"]}}],"collection":[{"href":"https:\/\/jornalregionalms.com.br\/index.php?rest_route=\/wp\/v2\/posts"}],"about":[{"href":"https:\/\/jornalregionalms.com.br\/index.php?rest_route=\/wp\/v2\/types\/post"}],"author":[{"embeddable":true,"href":"https:\/\/jornalregionalms.com.br\/index.php?rest_route=\/wp\/v2\/users\/6"}],"replies":[{"embeddable":true,"href":"https:\/\/jornalregionalms.com.br\/index.php?rest_route=%2Fwp%2Fv2%2Fcomments&post=7317"}],"version-history":[{"count":0,"href":"https:\/\/jornalregionalms.com.br\/index.php?rest_route=\/wp\/v2\/posts\/7317\/revisions"}],"wp:featuredmedia":[{"embeddable":true,"href":"https:\/\/jornalregionalms.com.br\/index.php?rest_route=\/wp\/v2\/media\/7318"}],"wp:attachment":[{"href":"https:\/\/jornalregionalms.com.br\/index.php?rest_route=%2Fwp%2Fv2%2Fmedia&parent=7317"}],"wp:term":[{"taxonomy":"category","embeddable":true,"href":"https:\/\/jornalregionalms.com.br\/index.php?rest_route=%2Fwp%2Fv2%2Fcategories&post=7317"},{"taxonomy":"post_tag","embeddable":true,"href":"https:\/\/jornalregionalms.com.br\/index.php?rest_route=%2Fwp%2Fv2%2Ftags&post=7317"}],"curies":[{"name":"wp","href":"https:\/\/api.w.org\/{rel}","templated":true}]}}