{"id":7315,"date":"2025-11-05T18:33:55","date_gmt":"2025-11-05T22:33:55","guid":{"rendered":"https:\/\/jornalregionalms.com.br\/?p=7315"},"modified":"2025-11-05T18:33:55","modified_gmt":"2025-11-05T22:33:55","slug":"gestao-do-seguro-defeso-passa-oficialmente-ao-ministerio-do-trabalho","status":"publish","type":"post","link":"https:\/\/jornalregionalms.com.br\/?p=7315","title":{"rendered":"Gest\u00e3o do seguro-defeso passa oficialmente ao Minist\u00e9rio do Trabalho"},"content":{"rendered":"<\/p>\n<p><a class=\"\" href=\"https:\/\/agenciabrasil.ebc.com.br\/economia\/noticia\/2025-11\/gestao-do-seguro-defeso-passa-oficialmente-ao-ministerio-do-trabalho\"><br \/>\n                    <img decoding=\"async\" src=\"https:\/\/cdn.jsdelivr.net\/gh\/sergiosdlima\/assets-ebc@1.0.0\/abr\/assets\/images\/logo-agenciabrasil.svg\" alt=\"Logo Ag\u00eancia Brasil\"><br \/>\n\t\t\t\t<\/a><\/p>\n<p><strong>O governo federal oficializou a transfer\u00eancia da gest\u00e3o do Seguro-Desemprego do Pescador Artesanal do Instituto Nacional do Seguro Social (INSS) para o Minist\u00e9rio do Trabalho e Emprego. <\/strong><img decoding=\"async\" src=\"https:\/\/agenciabrasil.ebc.com.br\/ebc.png?id=1666239&#038;o=rss\"><img decoding=\"async\" src=\"https:\/\/agenciabrasil.ebc.com.br\/ebc.gif?id=1666239&#038;o=rss\"><\/p>\n<p>O benef\u00edcio, equivalente a um sal\u00e1rio-m\u00ednimo mensal (atualmente em R$ 1.518), \u00e9 concedido a pescadores artesanais durante o per\u00edodo de defeso, quando a captura de algumas esp\u00e9cies aqu\u00e1ticas \u00e9 proibida para proteger a reprodu\u00e7\u00e3o dessas esp\u00e9cies.<\/p>\n<\/p>\n<h3>Not\u00edcias relacionadas:<\/h3>\n<ul>\n<li><a href=\"https:\/\/agenciabrasil.ebc.com.br\/economia\/noticia\/2025-09\/gestao-seguro-defeso-passara-para-ministerio-do-trabalho-em-outubro\">Gest\u00e3o do seguro-defeso passar\u00e1 para Minist\u00e9rio do Trabalho em outubro.<\/a><\/li>\n<\/ul>\n<p>As novas regras entram em vigor nesta quarta-feira (4), com a publica\u00e7\u00e3o da <a href=\"https:\/\/in.gov.br\/en\/web\/dou\/-\/medida-provisoria-n-1.323-de-4-de-novembro-de-2025-666806597\" target=\"_blank\">Medida Provis\u00f3ria (MP) n\u00ba 1.323<\/a> no Di\u00e1rio Oficial da Uni\u00e3o.<\/p>\n<p><a href=\"https:\/\/www.whatsapp.com\/channel\/0029VaoRTgrInlqYLSk59B2M\" target=\"_blank\">>> Siga o canal da <strong>Ag\u00eancia Brasil <\/strong>no WhatsApp<\/a><\/p>\n<h2>Seguro-defeso<\/h2>\n<p>Assinada pelo presidente da Rep\u00fablica Luiz In\u00e1cio Lula da Silva e pelo ministro Luiz Marinho, a Lei estabelece que compete ao Minist\u00e9rio do Trabalho e Emprego, e n\u00e3o mais ao instituto federal vinculado ao Minist\u00e9rio da Previd\u00eancia Social, receber e processar os requerimentos e habilitar os benefici\u00e1rios do seguro-defeso.<\/p>\n<p>A Medida Provis\u00f3ria tamb\u00e9m estabelece um limite para a destina\u00e7\u00e3o de recursos federais para o pagamento do benef\u00edcio. <strong>Este ano, excepcionalmente, a despesa n\u00e3o poder\u00e1 ultrapassar os R$ 7,325 bilh\u00f5es. <\/strong><\/p>\n<p>A partir de 2026, o valor gasto no ano anterior ser\u00e1 corrigido pela varia\u00e7\u00e3o do \u00cdndice Nacional de Pre\u00e7os ao Consumidor Amplo (IPCA) no per\u00edodo. O governo federal dever\u00e1 demonstrar que os gastos n\u00e3o exceder\u00e3o o arcabou\u00e7o fiscal.<\/p>\n<p><strong>Para evitar fraudes, o\u00a0novo texto refor\u00e7a que s\u00f3 o pescador que comprovar que reside em cidades abrangidas ou lim\u00edtrofes \u00e0s \u00e1reas onde o defeso for institu\u00eddo ter\u00e1 direito a receber o benef\u00edcio. <\/strong><\/p>\n<p>Al\u00e9m disso, o requerente dever\u00e1 apresentar c\u00f3pias de notas fiscais do pescado que vendeu em pelo menos seis dos 12 meses anteriores ao in\u00edcio do defeso.<\/p>\n<p>O requerente tamb\u00e9m dever\u00e1 estar inscrito no Cadastro \u00danico para Programas Social (Cad\u00danico) e ter registro biom\u00e9trico.<\/p>\n<p>Os pescadores e pescadoras artesanais poder\u00e3o solicitar o benef\u00edcio do seguro-defeso pelo aplicativo Carteira de Trabalho Digital ou pelo <a href=\"https:\/\/servicos.mte.gov.br\/spme-v2\/#\/login\" target=\"_blank\">portal Emprega Brasil<\/a>.<\/p>\n<p>Nesses mesmos canais, ser\u00e1 poss\u00edvel acompanhar o andamento da habilita\u00e7\u00e3o, consultar pagamentos e registrar pedidos de revis\u00e3o.<\/p>\n<p>\u00a0<\/p>\n","protected":false},"excerpt":{"rendered":"<p>O governo federal oficializou a transfer\u00eancia da gest\u00e3o do Seguro-Desemprego do Pescador Artesanal do Instituto Nacional do Seguro Social (INSS) para o Minist\u00e9rio do Trabalho e Emprego. O benef\u00edcio, equivalente a um sal\u00e1rio-m\u00ednimo mensal (atualmente em R$ 1.518), \u00e9 concedido a pescadores artesanais durante o per\u00edodo de defeso, quando a captura de algumas esp\u00e9cies aqu\u00e1ticas [&hellip;]<\/p>\n","protected":false},"author":1,"featured_media":7316,"comment_status":"open","ping_status":"open","sticky":false,"template":"","format":"standard","meta":{"site-sidebar-layout":"default","site-content-layout":"","ast-site-content-layout":"","site-content-style":"default","site-sidebar-style":"default","ast-global-header-display":"","ast-banner-title-visibility":"","ast-main-header-display":"","ast-hfb-above-header-display":"","ast-hfb-below-header-display":"","ast-hfb-mobile-header-display":"","site-post-title":"","ast-breadcrumbs-content":"","ast-featured-img":"","footer-sml-layout":"","theme-transparent-header-meta":"","adv-header-id-meta":"","stick-header-meta":"","header-above-stick-meta":"","header-main-stick-meta":"","header-below-stick-meta":"","astra-migrate-meta-layouts":"default","ast-page-background-enabled":"default","ast-page-background-meta":{"desktop":{"background-color":"var(--ast-global-color-4)","background-image":"","background-repeat":"repeat","background-position":"center center","background-size":"auto","background-attachment":"scroll","background-type":"","background-media":"","overlay-type":"","overlay-color":"","overlay-opacity":"","overlay-gradient":""},"tablet":{"background-color":"","background-image":"","background-repeat":"repeat","background-position":"center center","background-size":"auto","background-attachment":"scroll","background-type":"","background-media":"","overlay-type":"","overlay-color":"","overlay-opacity":"","overlay-gradient":""},"mobile":{"background-color":"","background-image":"","background-repeat":"repeat","background-position":"center center","background-size":"auto","background-attachment":"scroll","background-type":"","background-media":"","overlay-type":"","overlay-color":"","overlay-opacity":"","overlay-gradient":""}},"ast-content-background-meta":{"desktop":{"background-color":"var(--ast-global-color-5)","background-image":"","background-repeat":"repeat","background-position":"center center","background-size":"auto","background-attachment":"scroll","background-type":"","background-media":"","overlay-type":"","overlay-color":"","overlay-opacity":"","overlay-gradient":""},"tablet":{"background-color":"var(--ast-global-color-5)","background-image":"","background-repeat":"repeat","background-position":"center center","background-size":"auto","background-attachment":"scroll","background-type":"","background-media":"","overlay-type":"","overlay-color":"","overlay-opacity":"","overlay-gradient":""},"mobile":{"background-color":"var(--ast-global-color-5)","background-image":"","background-repeat":"repeat","background-position":"center center","background-size":"auto","background-attachment":"scroll","background-type":"","background-media":"","overlay-type":"","overlay-color":"","overlay-opacity":"","overlay-gradient":""}},"footnotes":""},"categories":[126],"tags":[],"class_list":["post-7315","post","type-post","status-publish","format-standard","has-post-thumbnail","hentry","category-policial"],"_links":{"self":[{"href":"https:\/\/jornalregionalms.com.br\/index.php?rest_route=\/wp\/v2\/posts\/7315","targetHints":{"allow":["GET"]}}],"collection":[{"href":"https:\/\/jornalregionalms.com.br\/index.php?rest_route=\/wp\/v2\/posts"}],"about":[{"href":"https:\/\/jornalregionalms.com.br\/index.php?rest_route=\/wp\/v2\/types\/post"}],"author":[{"embeddable":true,"href":"https:\/\/jornalregionalms.com.br\/index.php?rest_route=\/wp\/v2\/users\/1"}],"replies":[{"embeddable":true,"href":"https:\/\/jornalregionalms.com.br\/index.php?rest_route=%2Fwp%2Fv2%2Fcomments&post=7315"}],"version-history":[{"count":0,"href":"https:\/\/jornalregionalms.com.br\/index.php?rest_route=\/wp\/v2\/posts\/7315\/revisions"}],"wp:featuredmedia":[{"embeddable":true,"href":"https:\/\/jornalregionalms.com.br\/index.php?rest_route=\/wp\/v2\/media\/7316"}],"wp:attachment":[{"href":"https:\/\/jornalregionalms.com.br\/index.php?rest_route=%2Fwp%2Fv2%2Fmedia&parent=7315"}],"wp:term":[{"taxonomy":"category","embeddable":true,"href":"https:\/\/jornalregionalms.com.br\/index.php?rest_route=%2Fwp%2Fv2%2Fcategories&post=7315"},{"taxonomy":"post_tag","embeddable":true,"href":"https:\/\/jornalregionalms.com.br\/index.php?rest_route=%2Fwp%2Fv2%2Ftags&post=7315"}],"curies":[{"name":"wp","href":"https:\/\/api.w.org\/{rel}","templated":true}]}}