{"id":7313,"date":"2025-11-05T18:33:56","date_gmt":"2025-11-05T22:33:56","guid":{"rendered":"https:\/\/jornalregionalms.com.br\/?p=7313"},"modified":"2025-11-05T18:33:56","modified_gmt":"2025-11-05T22:33:56","slug":"bc-mantem-juros-basicos-em-15-ao-ano-pela-terceira-vez-seguida","status":"publish","type":"post","link":"https:\/\/jornalregionalms.com.br\/?p=7313","title":{"rendered":"BC mant\u00e9m juros b\u00e1sicos em 15% ao ano pela terceira vez seguida"},"content":{"rendered":"<\/p>\n<p><a class=\"\" href=\"https:\/\/agenciabrasil.ebc.com.br\/economia\/noticia\/2025-11\/bc-mantem-juros-basicos-em-15-ao-ano-pela-terceira-vez-seguida\"><br \/>\n                    <img decoding=\"async\" src=\"https:\/\/cdn.jsdelivr.net\/gh\/sergiosdlima\/assets-ebc@1.0.0\/abr\/assets\/images\/logo-agenciabrasil.svg\" alt=\"Logo Ag\u00eancia Brasil\"><br \/>\n\t\t\t\t<\/a><\/p>\n<p>O recuo da infla\u00e7\u00e3o e a desacelera\u00e7\u00e3o da economia fizeram o Banco Central (BC) n\u00e3o mexer nos juros. <strong>Por unanimidade, o Comit\u00ea de Pol\u00edtica Monet\u00e1ria (Copom) manteve a Taxa Selic, juros b\u00e1sicos da economia, em 15% ao ano. A decis\u00e3o era <a href=\"https:\/\/agenciabrasil.ebc.com.br\/economia\/noticia\/2025-11\/mercado-financeiro-reduz-previsao-da-inflacao-para-455-no-brasil\" target=\"_blank\">esperada pelo mercado financeiro<\/a>.<\/strong><img decoding=\"async\" src=\"https:\/\/agenciabrasil.ebc.com.br\/ebc.png?id=1666270&#038;o=rss\"><img decoding=\"async\" src=\"https:\/\/agenciabrasil.ebc.com.br\/ebc.gif?id=1666270&#038;o=rss\"><\/p>\n<p>Em nota, o BC informou que o ambiente externo se mant\u00e9m incerto por causa da conjuntura e da pol\u00edtica econ\u00f4mica nos Estados Unidos, com reflexos nas condi\u00e7\u00f5es financeiras globais.<\/p>\n<\/p>\n<h3>Not\u00edcias relacionadas:<\/h3>\n<ul>\n<li><a href=\"https:\/\/agenciabrasil.ebc.com.br\/economia\/noticia\/2025-09\/ata-do-copom-indica-selic-15-por-periodo-bastante-prolongado\">Ata do Copom indica Selic a 15% &#8220;por per\u00edodo bastante prolongado&#8221;.<\/a><\/li>\n<li><a href=\"https:\/\/agenciabrasil.ebc.com.br\/economia\/noticia\/2025-11\/mercado-financeiro-reduz-previsao-da-inflacao-para-455-no-brasil\">Mercado financeiro reduz previs\u00e3o da infla\u00e7\u00e3o para 4,55% no Brasil.<\/a><\/li>\n<\/ul>\n<p>No Brasil, destacou o comunicado, a infla\u00e7\u00e3o continua acima da meta, apesar da desacelera\u00e7\u00e3o da atividade econ\u00f4mica, o que indica que os juros continuar\u00e3o alto por bastante tempo.<\/p>\n<blockquote>\n<p>\u201cO cen\u00e1rio atual, marcado por elevada incerteza, exige cautela na condu\u00e7\u00e3o da pol\u00edtica monet\u00e1ria. O comit\u00ea avalia que a estrat\u00e9gia de manuten\u00e7\u00e3o do n\u00edvel corrente da taxa de juros por per\u00edodo bastante prolongado \u00e9 suficiente para assegurar a converg\u00eancia da infla\u00e7\u00e3o \u00e0 meta\u201d, destacou o BC.<\/p>\n<\/blockquote>\n<p><strong>O Copom n\u00e3o descartou a possibilidade de voltar a elevar os juros \u201ccaso julgue apropriado\u201d.<\/strong><\/p>\n<p><strong>Essa \u00e9 a<a href=\"https:\/\/agenciabrasil.ebc.com.br\/economia\/noticia\/2025-09\/copom-mantem-taxa-basica-de-juros-em-15-ao-ano\">\u00a0terceira\u00a0reuni\u00e3o seguida<\/a> em que o Copom mant\u00e9m os juros b\u00e1sicos. <\/strong>A taxa est\u00e1 no maior n\u00edvel desde julho de 2006, quando estava em 15,25% ao ano.<\/p>\n<p>Ap\u00f3s chegar a 10,5% ao ano em de maio do ano passado, a taxa come\u00e7ou a ser elevada em setembro de 2024. <strong>A Selic chegou a 15% ao ano <a href=\"https:\/\/agenciabrasil.ebc.com.br\/economia\/noticia\/2025-07\/copom-mantem-juros-basicos-da-economia-em-15-ao-ano\">na reuni\u00e3o de julho<\/a>, sendo mantida nesse n\u00edvel desde ent\u00e3o.<\/strong><\/p>\n<h2>Infla\u00e7\u00e3o<\/h2>\n<p><strong>A Selic \u00e9 o principal instrumento do Banco Central para manter sob controle a infla\u00e7\u00e3o oficial, medida pelo \u00cdndice Nacional de Pre\u00e7os ao Consumidor Amplo (IPCA).<\/strong> Em setembro, o IPCA <a href=\"https:\/\/agenciabrasil.ebc.com.br\/economia\/noticia\/2025-10\/depois-de-queda-em-agosto-inflacao-oficial-sobe-048-em-setembro\" target=\"_blank\">acelerou para 0,48%<\/a>, influenciada pela conta de energia. Com o resultado, o indicador acumula alta de 5,17% em 12 meses, acima do teto da meta cont\u00ednua de infla\u00e7\u00e3o.<\/p>\n<p>No entanto, o IPCA-15 de outubro, que funciona como uma pr\u00e9via da infla\u00e7\u00e3o oficial, veio <a href=\"https:\/\/agenciabrasil.ebc.com.br\/economia\/noticia\/2025-10\/inflacao-desacelera-em-outubro-alimentos-caem-pelo-5o-mes\" target=\"_blank\">abaixo das expectativas<\/a>. O indicador desacelerou por causa dos\u00a0pre\u00e7os dos\u00a0alimentos, que ca\u00edram pelo quinto m\u00eas seguido.<\/p>\n<p>Pelo novo <a href=\"https:\/\/agenciabrasil.ebc.com.br\/economia\/noticia\/2024-06\/cmn-define-centro-da-meta-continua-de-inflacao-em-3\">sistema de meta cont\u00ednua<\/a>, em vigor desde janeiro, a meta de infla\u00e7\u00e3o que deve ser perseguida pelo BC, definida pelo Conselho Monet\u00e1rio Nacional, \u00e9 de 3%, com intervalo de toler\u00e2ncia de 1,5 ponto percentual para cima ou para baixo. Ou seja, o limite inferior \u00e9 1,5% e o superior \u00e9 4,5%.<\/p>\n<p>No modelo de meta cont\u00ednua, a meta passa ser apurada m\u00eas a m\u00eas, considerando a infla\u00e7\u00e3o acumulada em 12 meses. Em novembro de 2025, a infla\u00e7\u00e3o desde dezembro de 2024 \u00e9 comparada com a meta e o intervalo de toler\u00e2ncia. Em dezembro, o procedimento se repete, com apura\u00e7\u00e3o a partir de janeiro de 2025. Dessa forma, a verifica\u00e7\u00e3o se desloca ao longo do tempo, n\u00e3o ficando mais restrita ao \u00edndice fechado de dezembro de cada ano.<\/p>\n<p>No \u00faltimo Relat\u00f3rio de Pol\u00edtica Monet\u00e1ria, divulgado no fim de setembro pelo Banco Central, a autoridade monet\u00e1ria <a href=\"https:\/\/agenciabrasil.ebc.com.br\/economia\/noticia\/2025-09\/banco-central-preve-crescimento-do-15-do-pib-em-2026\" target=\"_blank\"> diminuiu para 4,8%<\/a> a previs\u00e3o do IPCA para 2025, mas a estimativa pode ser revista, dependendo do comportamento do d\u00f3lar e da infla\u00e7\u00e3o. A pr\u00f3xima edi\u00e7\u00e3o do documento, que substituiu o antigo Relat\u00f3rio de Infla\u00e7\u00e3o, ser\u00e1 divulgada no fim de dezembro.<\/p>\n<p>As previs\u00f5es do mercado est\u00e3o mais otimistas. De acordo com o boletim <em>Focus<\/em>, pesquisa semanal com institui\u00e7\u00f5es financeiras divulgada pelo BC, a infla\u00e7\u00e3o oficial dever\u00e1 fechar o ano <a href=\"https:\/\/agenciabrasil.ebc.com.br\/economia\/noticia\/2025-11\/mercado-financeiro-reduz-previsao-da-inflacao-para-455-no-brasil\" target=\"_blank\"> em 4,55%<\/a>, levemente acima acima do teto da meta. H\u00e1 um m\u00eas, as estimativas do mercado estavam em 4,8%.<\/p>\n<h2>Cr\u00e9dito mais caro<\/h2>\n<p><strong>O aumento da taxa Selic ajuda a conter a infla\u00e7\u00e3o. Isso porque juros mais altos encarecem o cr\u00e9dito e desestimulam a produ\u00e7\u00e3o e o consumo.<\/strong> Por outro lado, taxas maiores dificultam o crescimento econ\u00f4mico. No \u00faltimo <em>Relat\u00f3rio de Pol\u00edtica Monet\u00e1ria<\/em>, o Banco Central <a href=\"https:\/\/agenciabrasil.ebc.com.br\/economia\/noticia\/2025-09\/banco-central-preve-crescimento-do-15-do-pib-em-2026\" target=\"_blank\">diminuiu de 2,1% para 2% a proje\u00e7\u00e3o de crescimento<\/a> para a economia em 2025.<\/p>\n<p>O mercado projeta crescimento um pouco melhor. Segundo a \u00faltima edi\u00e7\u00e3o do boletim <em>Focus<\/em>, os analistas econ\u00f4micos preveem <a href=\"https:\/\/agenciabrasil.ebc.com.br\/economia\/noticia\/2025-11\/mercado-financeiro-reduz-previsao-da-inflacao-para-455-no-brasil\" target=\"_blank\">expans\u00e3o de 2,16%<\/a> do PIB em 2025.<\/p>\n<p>A taxa b\u00e1sica de juros \u00e9 usada nas negocia\u00e7\u00f5es de t\u00edtulos p\u00fablicos no Sistema Especial de Liquida\u00e7\u00e3o e Cust\u00f3dia (Selic) e serve de refer\u00eancia para as demais taxas de juros da economia. Ao reajust\u00e1-la para cima, o Banco Central segura o excesso de demanda que pressiona os pre\u00e7os, porque juros mais altos encarecem o cr\u00e9dito e estimulam a poupan\u00e7a.<\/p>\n<p><strong>Ao reduzir os juros b\u00e1sicos, o Copom barateia o cr\u00e9dito e incentiva a produ\u00e7\u00e3o e o consumo, mas enfraquece o controle da infla\u00e7\u00e3o. <\/strong>Para cortar a Selic, a autoridade monet\u00e1ria precisa estar segura de que os pre\u00e7os est\u00e3o sob controle e n\u00e3o correm risco de subir.<\/p>\n","protected":false},"excerpt":{"rendered":"<p>O recuo da infla\u00e7\u00e3o e a desacelera\u00e7\u00e3o da economia fizeram o Banco Central (BC) n\u00e3o mexer nos juros. Por unanimidade, o Comit\u00ea de Pol\u00edtica Monet\u00e1ria (Copom) manteve a Taxa Selic, juros b\u00e1sicos da economia, em 15% ao ano. A decis\u00e3o era esperada pelo mercado financeiro. Em nota, o BC informou que o ambiente externo se [&hellip;]<\/p>\n","protected":false},"author":68,"featured_media":7314,"comment_status":"open","ping_status":"open","sticky":false,"template":"","format":"standard","meta":{"site-sidebar-layout":"default","site-content-layout":"","ast-site-content-layout":"","site-content-style":"default","site-sidebar-style":"default","ast-global-header-display":"","ast-banner-title-visibility":"","ast-main-header-display":"","ast-hfb-above-header-display":"","ast-hfb-below-header-display":"","ast-hfb-mobile-header-display":"","site-post-title":"","ast-breadcrumbs-content":"","ast-featured-img":"","footer-sml-layout":"","theme-transparent-header-meta":"","adv-header-id-meta":"","stick-header-meta":"","header-above-stick-meta":"","header-main-stick-meta":"","header-below-stick-meta":"","astra-migrate-meta-layouts":"default","ast-page-background-enabled":"default","ast-page-background-meta":{"desktop":{"background-color":"var(--ast-global-color-4)","background-image":"","background-repeat":"repeat","background-position":"center center","background-size":"auto","background-attachment":"scroll","background-type":"","background-media":"","overlay-type":"","overlay-color":"","overlay-opacity":"","overlay-gradient":""},"tablet":{"background-color":"","background-image":"","background-repeat":"repeat","background-position":"center center","background-size":"auto","background-attachment":"scroll","background-type":"","background-media":"","overlay-type":"","overlay-color":"","overlay-opacity":"","overlay-gradient":""},"mobile":{"background-color":"","background-image":"","background-repeat":"repeat","background-position":"center center","background-size":"auto","background-attachment":"scroll","background-type":"","background-media":"","overlay-type":"","overlay-color":"","overlay-opacity":"","overlay-gradient":""}},"ast-content-background-meta":{"desktop":{"background-color":"var(--ast-global-color-5)","background-image":"","background-repeat":"repeat","background-position":"center center","background-size":"auto","background-attachment":"scroll","background-type":"","background-media":"","overlay-type":"","overlay-color":"","overlay-opacity":"","overlay-gradient":""},"tablet":{"background-color":"var(--ast-global-color-5)","background-image":"","background-repeat":"repeat","background-position":"center center","background-size":"auto","background-attachment":"scroll","background-type":"","background-media":"","overlay-type":"","overlay-color":"","overlay-opacity":"","overlay-gradient":""},"mobile":{"background-color":"var(--ast-global-color-5)","background-image":"","background-repeat":"repeat","background-position":"center center","background-size":"auto","background-attachment":"scroll","background-type":"","background-media":"","overlay-type":"","overlay-color":"","overlay-opacity":"","overlay-gradient":""}},"footnotes":""},"categories":[126],"tags":[],"class_list":["post-7313","post","type-post","status-publish","format-standard","has-post-thumbnail","hentry","category-policial"],"_links":{"self":[{"href":"https:\/\/jornalregionalms.com.br\/index.php?rest_route=\/wp\/v2\/posts\/7313","targetHints":{"allow":["GET"]}}],"collection":[{"href":"https:\/\/jornalregionalms.com.br\/index.php?rest_route=\/wp\/v2\/posts"}],"about":[{"href":"https:\/\/jornalregionalms.com.br\/index.php?rest_route=\/wp\/v2\/types\/post"}],"author":[{"embeddable":true,"href":"https:\/\/jornalregionalms.com.br\/index.php?rest_route=\/wp\/v2\/users\/68"}],"replies":[{"embeddable":true,"href":"https:\/\/jornalregionalms.com.br\/index.php?rest_route=%2Fwp%2Fv2%2Fcomments&post=7313"}],"version-history":[{"count":0,"href":"https:\/\/jornalregionalms.com.br\/index.php?rest_route=\/wp\/v2\/posts\/7313\/revisions"}],"wp:featuredmedia":[{"embeddable":true,"href":"https:\/\/jornalregionalms.com.br\/index.php?rest_route=\/wp\/v2\/media\/7314"}],"wp:attachment":[{"href":"https:\/\/jornalregionalms.com.br\/index.php?rest_route=%2Fwp%2Fv2%2Fmedia&parent=7313"}],"wp:term":[{"taxonomy":"category","embeddable":true,"href":"https:\/\/jornalregionalms.com.br\/index.php?rest_route=%2Fwp%2Fv2%2Fcategories&post=7313"},{"taxonomy":"post_tag","embeddable":true,"href":"https:\/\/jornalregionalms.com.br\/index.php?rest_route=%2Fwp%2Fv2%2Ftags&post=7313"}],"curies":[{"name":"wp","href":"https:\/\/api.w.org\/{rel}","templated":true}]}}