{"id":7295,"date":"2025-11-05T05:37:36","date_gmt":"2025-11-05T09:37:36","guid":{"rendered":"https:\/\/jornalregionalms.com.br\/?p=7295"},"modified":"2025-11-05T05:37:36","modified_gmt":"2025-11-05T09:37:36","slug":"foco-tem-que-ser-nos-cabecas-do-crime-organizado-diz-lula","status":"publish","type":"post","link":"https:\/\/jornalregionalms.com.br\/?p=7295","title":{"rendered":"Foco tem que ser nos cabe\u00e7as do crime organizado, diz Lula"},"content":{"rendered":"<\/p>\n<p><a class=\"\" href=\"https:\/\/agenciabrasil.ebc.com.br\/politica\/noticia\/2025-11\/foco-tem-que-ser-nos-cabecas-do-crime-organizado-diz-lula\"><br \/>\n                    <img decoding=\"async\" src=\"https:\/\/cdn.jsdelivr.net\/gh\/sergiosdlima\/assets-ebc@1.0.0\/abr\/assets\/images\/logo-agenciabrasil.svg\" alt=\"Logo Ag\u00eancia Brasil\"><br \/>\n\t\t\t\t<\/a><\/p>\n<p>O presidente Luiz In\u00e1cio Lula da Silva afirmou nesta ter\u00e7a-feira (4) que o governo federal est\u00e1 empenhado em medidas para &#8220;quebrar a espinha dorsal&#8221; de grupos que atuam no tr\u00e1fico de drogas e no crime organizado. Ele\u00a0<a href=\"https:\/\/agenciabrasil.ebc.com.br\/justica\/noticia\/2025-10\/governo-apresenta-projeto-que-agrava-pena-para-organizacoes-criminosas\" target=\"_blank\">defendeu a aprova\u00e7\u00e3o do projeto de lei que endurece penas a integrantes e l\u00edderes de fac\u00e7\u00f5es<\/a>.<img decoding=\"async\" src=\"https:\/\/agenciabrasil.ebc.com.br\/ebc.png?id=1666107&#038;o=rss\"><img decoding=\"async\" src=\"https:\/\/agenciabrasil.ebc.com.br\/ebc.gif?id=1666107&#038;o=rss\"><\/p>\n<p><strong>&#8220;Com mais intelig\u00eancia, integra\u00e7\u00e3o entre as for\u00e7as de seguran\u00e7a e foco nos cabe\u00e7as do crime &#8211; quem financia e comanda as fac\u00e7\u00f5es&#8221;, escreveu o presidente em uma postagem na plataforma X.<\/strong><\/p>\n<\/p>\n<h3>Not\u00edcias relacionadas:<\/h3>\n<ul>\n<li><a href=\"https:\/\/agenciabrasil.ebc.com.br\/politica\/noticia\/2025-11\/cpi-do-crime-organizado-chama-dois-ministros-e-11-governadores\">CPI do Crime Organizado chama dois ministros e 11 governadores.<\/a><\/li>\n<li><a href=\"https:\/\/agenciabrasil.ebc.com.br\/geral\/noticia\/2025-10\/lula-sanciona-lei-que-fortalece-combate-ao-crime-organizado\">Lula sanciona lei que fortalece o combate ao crime organizado.<\/a><\/li>\n<li><a href=\"https:\/\/agenciabrasil.ebc.com.br\/politica\/noticia\/2025-11\/lula-classifica-operacao-contencao-no-rj-como-desastrosa\">Lula classifica Opera\u00e7\u00e3o Conten\u00e7\u00e3o, no RJ, como &#8220;desastrosa&#8221;.<\/a><\/li>\n<\/ul>\n<p>Desde 2023, segundo Lula, as a\u00e7\u00f5es capitaneadas pelo governo federal retiraram R$ 19,8 bilh\u00f5es das m\u00e3os de criminosos, no que chamou de &#8220;maior preju\u00edzo j\u00e1 imposto ao crime, enfraquecendo lideran\u00e7as e redes financeiras&#8221;. O n\u00famero de opera\u00e7\u00f5es da Pol\u00edcia Federal saltou, de acordo com o presidente, de 1.875, em 2022, para 3.393 em 2024. Em 2025, j\u00e1 s\u00e3o 2.922 at\u00e9 outubro.<\/p>\n<p><strong>Nas rodovias, a Pol\u00edcia Rodovi\u00e1ria Federal (PRF) apreendeu 850 toneladas de drogas em 2024.<\/strong><\/p>\n<blockquote>\n<p>&#8220;Para sustentar esses avan\u00e7os, o governo enviou ao Congresso o PL [projeto de lei] Antifac\u00e7\u00e3o, que endurece as penas e asfixia financeiramente as fac\u00e7\u00f5es; e a PEC da Seguran\u00e7a P\u00fablica, que moderniza e integra as for\u00e7as policiais, incorpora as Guardas Municipais e garante recursos permanentes para estados e munic\u00edpios&#8221;, acrescentou o presidente.<\/p>\n<\/blockquote>\n<p>\n<strong><a href=\"https:\/\/agenciabrasil.ebc.com.br\/politica\/noticia\/2025-11\/projeto-de-lei-antifaccao-conheca-os-principais-pontos-da-proposta\" target=\"_blank\">>> Projeto de Lei Antifac\u00e7\u00e3o: conhe\u00e7a os principais pontos da proposta<\/a><\/strong><\/p>\n<p>Mais cedo, Lula, que est\u00e1 em Bel\u00e9m para a C\u00fapula do Clima, na COP30, <a href=\"https:\/\/agenciabrasil.ebc.com.br\/politica\/noticia\/2025-11\/lula-classifica-operacao-contencao-no-rj-como-desastrosa\" target=\"_blank\">conversou com jornalistas de ag\u00eancias internacionais de not\u00edcias<\/a> e afirmou que a megaopera\u00e7\u00e3o policial das for\u00e7as policiais no Rio de Janeiro, na semana passada, foi &#8220;desastrosa&#8221;.\u00a0 A incurs\u00e3o nos complexos de favelas da Mar\u00e9 e da Penha resultou na morte de 121 pessoas, incluindo quatro policiais.\u00a0\u00a0<\/p>\n","protected":false},"excerpt":{"rendered":"<p>O presidente Luiz In\u00e1cio Lula da Silva afirmou nesta ter\u00e7a-feira (4) que o governo federal est\u00e1 empenhado em medidas para &#8220;quebrar a espinha dorsal&#8221; de grupos que atuam no tr\u00e1fico de drogas e no crime organizado. Ele\u00a0defendeu a aprova\u00e7\u00e3o do projeto de lei que endurece penas a integrantes e l\u00edderes de fac\u00e7\u00f5es. &#8220;Com mais intelig\u00eancia, [&hellip;]<\/p>\n","protected":false},"author":3,"featured_media":7296,"comment_status":"open","ping_status":"open","sticky":false,"template":"","format":"standard","meta":{"site-sidebar-layout":"default","site-content-layout":"","ast-site-content-layout":"","site-content-style":"default","site-sidebar-style":"default","ast-global-header-display":"","ast-banner-title-visibility":"","ast-main-header-display":"","ast-hfb-above-header-display":"","ast-hfb-below-header-display":"","ast-hfb-mobile-header-display":"","site-post-title":"","ast-breadcrumbs-content":"","ast-featured-img":"","footer-sml-layout":"","theme-transparent-header-meta":"","adv-header-id-meta":"","stick-header-meta":"","header-above-stick-meta":"","header-main-stick-meta":"","header-below-stick-meta":"","astra-migrate-meta-layouts":"default","ast-page-background-enabled":"default","ast-page-background-meta":{"desktop":{"background-color":"var(--ast-global-color-4)","background-image":"","background-repeat":"repeat","background-position":"center center","background-size":"auto","background-attachment":"scroll","background-type":"","background-media":"","overlay-type":"","overlay-color":"","overlay-opacity":"","overlay-gradient":""},"tablet":{"background-color":"","background-image":"","background-repeat":"repeat","background-position":"center center","background-size":"auto","background-attachment":"scroll","background-type":"","background-media":"","overlay-type":"","overlay-color":"","overlay-opacity":"","overlay-gradient":""},"mobile":{"background-color":"","background-image":"","background-repeat":"repeat","background-position":"center center","background-size":"auto","background-attachment":"scroll","background-type":"","background-media":"","overlay-type":"","overlay-color":"","overlay-opacity":"","overlay-gradient":""}},"ast-content-background-meta":{"desktop":{"background-color":"var(--ast-global-color-5)","background-image":"","background-repeat":"repeat","background-position":"center center","background-size":"auto","background-attachment":"scroll","background-type":"","background-media":"","overlay-type":"","overlay-color":"","overlay-opacity":"","overlay-gradient":""},"tablet":{"background-color":"var(--ast-global-color-5)","background-image":"","background-repeat":"repeat","background-position":"center center","background-size":"auto","background-attachment":"scroll","background-type":"","background-media":"","overlay-type":"","overlay-color":"","overlay-opacity":"","overlay-gradient":""},"mobile":{"background-color":"var(--ast-global-color-5)","background-image":"","background-repeat":"repeat","background-position":"center center","background-size":"auto","background-attachment":"scroll","background-type":"","background-media":"","overlay-type":"","overlay-color":"","overlay-opacity":"","overlay-gradient":""}},"footnotes":""},"categories":[1],"tags":[],"class_list":["post-7295","post","type-post","status-publish","format-standard","has-post-thumbnail","hentry","category-sem-categoria"],"_links":{"self":[{"href":"https:\/\/jornalregionalms.com.br\/index.php?rest_route=\/wp\/v2\/posts\/7295","targetHints":{"allow":["GET"]}}],"collection":[{"href":"https:\/\/jornalregionalms.com.br\/index.php?rest_route=\/wp\/v2\/posts"}],"about":[{"href":"https:\/\/jornalregionalms.com.br\/index.php?rest_route=\/wp\/v2\/types\/post"}],"author":[{"embeddable":true,"href":"https:\/\/jornalregionalms.com.br\/index.php?rest_route=\/wp\/v2\/users\/3"}],"replies":[{"embeddable":true,"href":"https:\/\/jornalregionalms.com.br\/index.php?rest_route=%2Fwp%2Fv2%2Fcomments&post=7295"}],"version-history":[{"count":0,"href":"https:\/\/jornalregionalms.com.br\/index.php?rest_route=\/wp\/v2\/posts\/7295\/revisions"}],"wp:featuredmedia":[{"embeddable":true,"href":"https:\/\/jornalregionalms.com.br\/index.php?rest_route=\/wp\/v2\/media\/7296"}],"wp:attachment":[{"href":"https:\/\/jornalregionalms.com.br\/index.php?rest_route=%2Fwp%2Fv2%2Fmedia&parent=7295"}],"wp:term":[{"taxonomy":"category","embeddable":true,"href":"https:\/\/jornalregionalms.com.br\/index.php?rest_route=%2Fwp%2Fv2%2Fcategories&post=7295"},{"taxonomy":"post_tag","embeddable":true,"href":"https:\/\/jornalregionalms.com.br\/index.php?rest_route=%2Fwp%2Fv2%2Ftags&post=7295"}],"curies":[{"name":"wp","href":"https:\/\/api.w.org\/{rel}","templated":true}]}}