{"id":7267,"date":"2025-11-04T16:32:24","date_gmt":"2025-11-04T20:32:24","guid":{"rendered":"https:\/\/jornalregionalms.com.br\/?p=7267"},"modified":"2025-11-04T16:32:24","modified_gmt":"2025-11-04T20:32:24","slug":"cop30-entenda-a-cupula-de-lideres-e-saiba-qual-e-a-dinamica-do-evento","status":"publish","type":"post","link":"https:\/\/jornalregionalms.com.br\/?p=7267","title":{"rendered":"COP30: entenda a C\u00fapula de L\u00edderes e saiba qual \u00e9 a din\u00e2mica do evento"},"content":{"rendered":"<p>Nos dias 6 e 7 de novembro, <strong>Bel\u00e9m, no Par\u00e1, sedia a<\/strong> <strong>C\u00fapula do Clima, encontro que re\u00fane chefes de Estado de diversos pa\u00edses<\/strong> e antecede a Confer\u00eancia das Partes das Na\u00e7\u00f5es Unidas sobre Mudan\u00e7a do Clima, a COP30, que acontece entre os dias 10 e 21.<img decoding=\"async\" src=\"https:\/\/agenciabrasil.ebc.com.br\/ebc.png?id=1666050&#038;o=rss\"><img decoding=\"async\" src=\"https:\/\/agenciabrasil.ebc.com.br\/ebc.gif?id=1666050&#038;o=rss\"><\/p>\n<p>Os debates sobre as mudan\u00e7as clim\u00e1ticas j\u00e1 duram mais de tr\u00eas d\u00e9cadas \u2014 e o Brasil tem papel hist\u00f3rico nessa trajet\u00f3ria. Foi aqui que, em 1992, ocorreu a ECO92, a Confer\u00eancia da Terra, marco das negocia\u00e7\u00f5es globais sobre o aquecimento do planeta.<\/p>\n<p><strong>Desde 1995, as COPs s\u00e3o realizadas todos os anos<\/strong>, buscando acordos para reduzir os efeitos da crise clim\u00e1tica. Antes da COP30, duas reuni\u00f5es preparat\u00f3rias definiram os rumos das negocia\u00e7\u00f5es: uma em Bonn, na Alemanha, e outra em Bras\u00edlia, com representantes de 67 pa\u00edses.<\/p>\n<div class=\"dnd-widget-wrapper context-cheio_8colunas type-image atom-align-center\">\n<div class=\"dnd-atom-rendered\"><!-- scald=440474:cheio_8colunas --><br \/>\n            <img decoding=\"async\" src=\"https:\/\/agenciabrasil.ebc.com.br\/sites\/default\/files\/thumbnails\/image\/loading_v2.gif\" data-echo=\"https:\/\/imagens.ebc.com.br\/PCigj_u6Ty7PS4tDMRNZ_We2b6w=\/754x0\/smart\/https:\/\/agenciabrasil.ebc.com.br\/sites\/default\/files\/thumbnails\/image\/2025\/10\/14\/pre-cop30-mc_abr_14102025-5.jpg?itok=ezFQ740i\" alt=\"Bras\u00edlia (DF), 14\/10\/2025 - A ministra do Meio Ambiente, Marina Silva, participa de plen\u00e1ria no segundo dia da Pr\u00e9-Cop30. Foto: Marcelo Camargo\/Ag\u00eancia Brasil\" title=\"Marcelo Camargo\/Ag\u00eancia Brasil\"><br \/>\n        <noscript><img decoding=\"async\" src=\"https:\/\/imagens.ebc.com.br\/PCigj_u6Ty7PS4tDMRNZ_We2b6w=\/754x0\/smart\/https:\/\/agenciabrasil.ebc.com.br\/sites\/default\/files\/thumbnails\/image\/2025\/10\/14\/pre-cop30-mc_abr_14102025-5.jpg?itok=ezFQ740i\" alt=\"Bras\u00edlia (DF), 14\/10\/2025 - A ministra do Meio Ambiente, Marina Silva, participa de plen\u00e1ria no segundo dia da Pr\u00e9-Cop30. Foto: Marcelo Camargo\/Ag\u00eancia Brasil\" title=\"Marcelo Camargo\/Ag\u00eancia Brasil\"><\/noscript><br \/>\n    <!-- END scald=440474 --><\/div>\n<div class=\"dnd-caption-wrapper\">\n<div class=\"meta rtecenter\"><!--copyright=440474-->Bras\u00edlia (DF), 14\/10\/2025 &#8211; A ministra do Meio Ambiente, Marina Silva, participa de plen\u00e1ria no segundo dia da Pr\u00e9-Cop30. Foto: Marcelo Camargo\/Ag\u00eancia Brasil &#8211; <strong>Marcelo Camargo\/Ag\u00eancia Brasil<\/strong><!--END copyright=440474--><\/div>\n<\/div>\n<\/div>\n<p><strong>Escute a vers\u00e3o estendida no Spotify:<\/strong><\/p>\n<p><iframe allow=\"autoplay; clipboard-write; encrypted-media; fullscreen; picture-in-picture\" allowfullscreen=\"\" data-testid=\"embed-iframe\" frameborder=\"0\" height=\"152\" loading=\"lazy\" src=\"https:\/\/open.spotify.com\/embed\/episode\/2WpUXW5BpNy1zODnc0LtDu?utm_source=generator\" width=\"100%\" sandbox=\"allow-scripts allow-same-origin\"><\/iframe><\/p>\n<p><strong>A C\u00fapula de L\u00edderes, em Bel\u00e9m, ter\u00e1 reuni\u00f5es gerais e sess\u00f5es tem\u00e1ticas comandadas pelo presidente Luiz In\u00e1cio Lula da Silva<\/strong>, com foco em: Clima e Natureza;\u00a0Transi\u00e7\u00e3o Energ\u00e9tica; e nos dez anos do Acordo de Paris.<\/p>\n<p>Durante o evento, <strong>ser\u00e1 lan\u00e7ado o Fundo Florestas Tropicais para Sempre<\/strong>, que vai unir pa\u00edses e investidores em projetos de prote\u00e7\u00e3o ambiental.<\/p>\n<h3><strong>Din\u00e2mica da COP30<\/strong><\/h3>\n<p>A partir do dia 10, come\u00e7a a COP30. \u00c9 quando entram em cena os negociadores dos 198 pa\u00edses da Conven\u00e7\u00e3o-Quadro da ONU. <strong>As discuss\u00f5es seguem o princ\u00edpio das \u201cresponsabilidades comuns, por\u00e9m diferenciadas\u201d<\/strong>, que reconhece o papel dos pa\u00edses desenvolvidos em financiar e apoiar a\u00e7\u00f5es de mitiga\u00e7\u00e3o e adapta\u00e7\u00e3o nos pa\u00edses em desenvolvimento.<\/p>\n<p>O evento se divide em tr\u00eas espa\u00e7os: <strong>a Zona Azul<\/strong>, onde ocorrem as negocia\u00e7\u00f5es oficiais entre os pa\u00edses; <strong>a Zona Verde<\/strong>, aberta ao p\u00fablico, com exposi\u00e7\u00f5es e debates; e <strong>os eventos paralelos<\/strong>, que incluem f\u00f3runs e pain\u00e9is tem\u00e1ticos.<\/p>\n<h3><strong>C\u00edrculos de Lideran\u00e7a<\/strong><\/h3>\n<p>Nesta edi\u00e7\u00e3o, as discuss\u00f5es ser\u00e3o organizadas em quatro C\u00edrculos de Lideran\u00e7a:<\/p>\n<ul>\n<li>O Balan\u00e7o \u00c9tico Global, liderado por Ant\u00f3nio Guterres, Lula e Marina Silva, <strong>vai discutir como evitar o colapso clim\u00e1tico;<\/strong><\/li>\n<li>O C\u00edrculo de Ministros de Finan\u00e7as, com Fernando Haddad, <strong>vai buscar formas de mobilizar US$ 1,3 trilh\u00e3o prometidos na \u00faltima confer\u00eancia;<\/strong><\/li>\n<li>O C\u00edrculo de Povos, liderado por Sonia Guajajara, vai <strong>dar voz a povos ind\u00edgenas e comunidades tradicionais; <\/strong>e<\/li>\n<li>O C\u00edrculo de Presidentes, reunindo l\u00edderes de COPs anteriores, vai propor caminhos para<strong> acelerar a implementa\u00e7\u00e3o do Acordo de Paris e fortalecer a coopera\u00e7\u00e3o global.<\/strong><\/li>\n<\/ul>\n<p>No pr\u00f3ximo epis\u00f3dio, voc\u00ea vai entender <strong>por que o Acordo de Paris \u00e9 t\u00e3o importante<\/strong> nas discuss\u00f5es sobre o clima.<\/p>\n<p><em>*Com sonoplastia de Jailton Sodr\u00e9.<\/em><\/p>\n<p>  <span class=\"hms hms-format-m-ss\">3:33<\/span><\/p>\n","protected":false},"excerpt":{"rendered":"<p>Nos dias 6 e 7 de novembro, Bel\u00e9m, no Par\u00e1, sedia a C\u00fapula do Clima, encontro que re\u00fane chefes de Estado de diversos pa\u00edses e antecede a Confer\u00eancia das Partes das Na\u00e7\u00f5es Unidas sobre Mudan\u00e7a do Clima, a COP30, que acontece entre os dias 10 e 21. Os debates sobre as mudan\u00e7as clim\u00e1ticas j\u00e1 duram [&hellip;]<\/p>\n","protected":false},"author":1,"featured_media":7268,"comment_status":"open","ping_status":"open","sticky":false,"template":"","format":"standard","meta":{"site-sidebar-layout":"default","site-content-layout":"","ast-site-content-layout":"","site-content-style":"default","site-sidebar-style":"default","ast-global-header-display":"","ast-banner-title-visibility":"","ast-main-header-display":"","ast-hfb-above-header-display":"","ast-hfb-below-header-display":"","ast-hfb-mobile-header-display":"","site-post-title":"","ast-breadcrumbs-content":"","ast-featured-img":"","footer-sml-layout":"","theme-transparent-header-meta":"","adv-header-id-meta":"","stick-header-meta":"","header-above-stick-meta":"","header-main-stick-meta":"","header-below-stick-meta":"","astra-migrate-meta-layouts":"default","ast-page-background-enabled":"default","ast-page-background-meta":{"desktop":{"background-color":"var(--ast-global-color-4)","background-image":"","background-repeat":"repeat","background-position":"center center","background-size":"auto","background-attachment":"scroll","background-type":"","background-media":"","overlay-type":"","overlay-color":"","overlay-opacity":"","overlay-gradient":""},"tablet":{"background-color":"","background-image":"","background-repeat":"repeat","background-position":"center center","background-size":"auto","background-attachment":"scroll","background-type":"","background-media":"","overlay-type":"","overlay-color":"","overlay-opacity":"","overlay-gradient":""},"mobile":{"background-color":"","background-image":"","background-repeat":"repeat","background-position":"center center","background-size":"auto","background-attachment":"scroll","background-type":"","background-media":"","overlay-type":"","overlay-color":"","overlay-opacity":"","overlay-gradient":""}},"ast-content-background-meta":{"desktop":{"background-color":"var(--ast-global-color-5)","background-image":"","background-repeat":"repeat","background-position":"center center","background-size":"auto","background-attachment":"scroll","background-type":"","background-media":"","overlay-type":"","overlay-color":"","overlay-opacity":"","overlay-gradient":""},"tablet":{"background-color":"var(--ast-global-color-5)","background-image":"","background-repeat":"repeat","background-position":"center center","background-size":"auto","background-attachment":"scroll","background-type":"","background-media":"","overlay-type":"","overlay-color":"","overlay-opacity":"","overlay-gradient":""},"mobile":{"background-color":"var(--ast-global-color-5)","background-image":"","background-repeat":"repeat","background-position":"center center","background-size":"auto","background-attachment":"scroll","background-type":"","background-media":"","overlay-type":"","overlay-color":"","overlay-opacity":"","overlay-gradient":""}},"footnotes":""},"categories":[1],"tags":[],"class_list":["post-7267","post","type-post","status-publish","format-standard","has-post-thumbnail","hentry","category-sem-categoria"],"_links":{"self":[{"href":"https:\/\/jornalregionalms.com.br\/index.php?rest_route=\/wp\/v2\/posts\/7267","targetHints":{"allow":["GET"]}}],"collection":[{"href":"https:\/\/jornalregionalms.com.br\/index.php?rest_route=\/wp\/v2\/posts"}],"about":[{"href":"https:\/\/jornalregionalms.com.br\/index.php?rest_route=\/wp\/v2\/types\/post"}],"author":[{"embeddable":true,"href":"https:\/\/jornalregionalms.com.br\/index.php?rest_route=\/wp\/v2\/users\/1"}],"replies":[{"embeddable":true,"href":"https:\/\/jornalregionalms.com.br\/index.php?rest_route=%2Fwp%2Fv2%2Fcomments&post=7267"}],"version-history":[{"count":0,"href":"https:\/\/jornalregionalms.com.br\/index.php?rest_route=\/wp\/v2\/posts\/7267\/revisions"}],"wp:featuredmedia":[{"embeddable":true,"href":"https:\/\/jornalregionalms.com.br\/index.php?rest_route=\/wp\/v2\/media\/7268"}],"wp:attachment":[{"href":"https:\/\/jornalregionalms.com.br\/index.php?rest_route=%2Fwp%2Fv2%2Fmedia&parent=7267"}],"wp:term":[{"taxonomy":"category","embeddable":true,"href":"https:\/\/jornalregionalms.com.br\/index.php?rest_route=%2Fwp%2Fv2%2Fcategories&post=7267"},{"taxonomy":"post_tag","embeddable":true,"href":"https:\/\/jornalregionalms.com.br\/index.php?rest_route=%2Fwp%2Fv2%2Ftags&post=7267"}],"curies":[{"name":"wp","href":"https:\/\/api.w.org\/{rel}","templated":true}]}}