{"id":7265,"date":"2025-11-04T16:32:25","date_gmt":"2025-11-04T20:32:25","guid":{"rendered":"https:\/\/jornalregionalms.com.br\/?p=7265"},"modified":"2025-11-04T16:32:25","modified_gmt":"2025-11-04T20:32:25","slug":"salvador-esta-entre-as-11-cidades-que-mais-reduziram-emissoes-de-gases","status":"publish","type":"post","link":"https:\/\/jornalregionalms.com.br\/?p=7265","title":{"rendered":"Salvador est\u00e1 entre as 11 cidades que mais reduziram emiss\u00f5es de gases"},"content":{"rendered":"<p>Salvador \u00e9 a \u00fanica cidade da Am\u00e9rica Latina a <strong>alcan\u00e7ar redu\u00e7\u00e3o superior a 30% das emiss\u00f5es de gases de efeito estufa<\/strong>.<img decoding=\"async\" src=\"https:\/\/agenciabrasil.ebc.com.br\/ebc.png?id=1666079&#038;o=rss\"><img decoding=\"async\" src=\"https:\/\/agenciabrasil.ebc.com.br\/ebc.gif?id=1666079&#038;o=rss\"><\/p>\n<p>O reconhecimento internacional colocou a capital baiana entre as 11 cidades do mundo que mais diminu\u00edram as emiss\u00f5es, ao lado de metr\u00f3poles como Paris, Londres, Sydney e S\u00e3o Francisco.<\/p>\n<p>Os dados fazem parte do relat\u00f3rio da rede global batizada como C40, que re\u00fane os prefeitos das maiores cidades do mundo na capital fluminense.<\/p>\n<p><strong>O prefeito de Salvador, Bruno Reis, disse que o resultado foi obtido por meio de &#8220;investimentos em mobilidade limpa, efici\u00eancia energ\u00e9tica, gest\u00e3o de res\u00edduos e amplia\u00e7\u00e3o das \u00e1reas verdes&#8221;.<\/strong><\/p>\n<p>Entre as a\u00e7\u00f5es adotadas pela Prefeitura de Salvador, est\u00e3o: <strong>a substitui\u00e7\u00e3o da ilumina\u00e7\u00e3o p\u00fablica por tecnologia LED; incentivos no IPTU, que estimulam pr\u00e1ticas sustent\u00e1veis nas edifica\u00e7\u00f5es; al\u00e9m da amplia\u00e7\u00e3o da infraestrutura para bicicletas e \u00f4nibus el\u00e9tricos<\/strong>.<\/p>\n<p>Para o secret\u00e1rio de Sustentabilidade, Resili\u00eancia, Bem-Estar e Prote\u00e7\u00e3o Animal, Ivan Euler, o reconhecimento tamb\u00e9m \u00e9 um chamado para &#8220;a transi\u00e7\u00e3o \u00e0 uma economia de baixo carbono, com inclus\u00e3o social e justi\u00e7a clim\u00e1tica\u201d.<\/p>\n<p>Foram analisados dados at\u00e9 fevereiro deste ano. De acordo com o estudo, as cidades da rede C40 est\u00e3o reduzindo suas emiss\u00f5es per capita cinco vezes mais r\u00e1pido do que a m\u00e9dia global.<\/p>\n<h3><strong>COP30<\/strong><\/h3>\n<p>Quer saber mais sobre quest\u00f5es relacionadas ao meio ambiente? Acompanhe a <strong><a href=\"https:\/\/agenciabrasil.ebc.com.br\/cop30\" target=\"_blank\">cobertura especial<\/a>\u00a0<\/strong>da Confer\u00eancia do Clima, a COP30, que acontece entre os dias 10 e 21 de novembro, em Bel\u00e9m (PA).<\/p>\n<p>  <span class=\"hms hms-format-m-ss\">1:19<\/span><\/p>\n","protected":false},"excerpt":{"rendered":"<p>Salvador \u00e9 a \u00fanica cidade da Am\u00e9rica Latina a alcan\u00e7ar redu\u00e7\u00e3o superior a 30% das emiss\u00f5es de gases de efeito estufa. O reconhecimento internacional colocou a capital baiana entre as 11 cidades do mundo que mais diminu\u00edram as emiss\u00f5es, ao lado de metr\u00f3poles como Paris, Londres, Sydney e S\u00e3o Francisco. Os dados fazem parte do [&hellip;]<\/p>\n","protected":false},"author":47,"featured_media":7266,"comment_status":"open","ping_status":"open","sticky":false,"template":"","format":"standard","meta":{"site-sidebar-layout":"default","site-content-layout":"","ast-site-content-layout":"","site-content-style":"default","site-sidebar-style":"default","ast-global-header-display":"","ast-banner-title-visibility":"","ast-main-header-display":"","ast-hfb-above-header-display":"","ast-hfb-below-header-display":"","ast-hfb-mobile-header-display":"","site-post-title":"","ast-breadcrumbs-content":"","ast-featured-img":"","footer-sml-layout":"","theme-transparent-header-meta":"","adv-header-id-meta":"","stick-header-meta":"","header-above-stick-meta":"","header-main-stick-meta":"","header-below-stick-meta":"","astra-migrate-meta-layouts":"default","ast-page-background-enabled":"default","ast-page-background-meta":{"desktop":{"background-color":"var(--ast-global-color-4)","background-image":"","background-repeat":"repeat","background-position":"center center","background-size":"auto","background-attachment":"scroll","background-type":"","background-media":"","overlay-type":"","overlay-color":"","overlay-opacity":"","overlay-gradient":""},"tablet":{"background-color":"","background-image":"","background-repeat":"repeat","background-position":"center center","background-size":"auto","background-attachment":"scroll","background-type":"","background-media":"","overlay-type":"","overlay-color":"","overlay-opacity":"","overlay-gradient":""},"mobile":{"background-color":"","background-image":"","background-repeat":"repeat","background-position":"center center","background-size":"auto","background-attachment":"scroll","background-type":"","background-media":"","overlay-type":"","overlay-color":"","overlay-opacity":"","overlay-gradient":""}},"ast-content-background-meta":{"desktop":{"background-color":"var(--ast-global-color-5)","background-image":"","background-repeat":"repeat","background-position":"center center","background-size":"auto","background-attachment":"scroll","background-type":"","background-media":"","overlay-type":"","overlay-color":"","overlay-opacity":"","overlay-gradient":""},"tablet":{"background-color":"var(--ast-global-color-5)","background-image":"","background-repeat":"repeat","background-position":"center center","background-size":"auto","background-attachment":"scroll","background-type":"","background-media":"","overlay-type":"","overlay-color":"","overlay-opacity":"","overlay-gradient":""},"mobile":{"background-color":"var(--ast-global-color-5)","background-image":"","background-repeat":"repeat","background-position":"center center","background-size":"auto","background-attachment":"scroll","background-type":"","background-media":"","overlay-type":"","overlay-color":"","overlay-opacity":"","overlay-gradient":""}},"footnotes":""},"categories":[1],"tags":[],"class_list":["post-7265","post","type-post","status-publish","format-standard","has-post-thumbnail","hentry","category-sem-categoria"],"_links":{"self":[{"href":"https:\/\/jornalregionalms.com.br\/index.php?rest_route=\/wp\/v2\/posts\/7265","targetHints":{"allow":["GET"]}}],"collection":[{"href":"https:\/\/jornalregionalms.com.br\/index.php?rest_route=\/wp\/v2\/posts"}],"about":[{"href":"https:\/\/jornalregionalms.com.br\/index.php?rest_route=\/wp\/v2\/types\/post"}],"author":[{"embeddable":true,"href":"https:\/\/jornalregionalms.com.br\/index.php?rest_route=\/wp\/v2\/users\/47"}],"replies":[{"embeddable":true,"href":"https:\/\/jornalregionalms.com.br\/index.php?rest_route=%2Fwp%2Fv2%2Fcomments&post=7265"}],"version-history":[{"count":0,"href":"https:\/\/jornalregionalms.com.br\/index.php?rest_route=\/wp\/v2\/posts\/7265\/revisions"}],"wp:featuredmedia":[{"embeddable":true,"href":"https:\/\/jornalregionalms.com.br\/index.php?rest_route=\/wp\/v2\/media\/7266"}],"wp:attachment":[{"href":"https:\/\/jornalregionalms.com.br\/index.php?rest_route=%2Fwp%2Fv2%2Fmedia&parent=7265"}],"wp:term":[{"taxonomy":"category","embeddable":true,"href":"https:\/\/jornalregionalms.com.br\/index.php?rest_route=%2Fwp%2Fv2%2Fcategories&post=7265"},{"taxonomy":"post_tag","embeddable":true,"href":"https:\/\/jornalregionalms.com.br\/index.php?rest_route=%2Fwp%2Fv2%2Ftags&post=7265"}],"curies":[{"name":"wp","href":"https:\/\/api.w.org\/{rel}","templated":true}]}}