{"id":7261,"date":"2025-11-04T16:32:22","date_gmt":"2025-11-04T20:32:22","guid":{"rendered":"https:\/\/jornalregionalms.com.br\/?p=7261"},"modified":"2025-11-04T16:32:22","modified_gmt":"2025-11-04T20:32:22","slug":"febre-maculosa-causa-mais-duas-mortes-no-interior-de-sao-paulo","status":"publish","type":"post","link":"https:\/\/jornalregionalms.com.br\/?p=7261","title":{"rendered":"Febre maculosa causa mais duas mortes no interior de S\u00e3o Paulo"},"content":{"rendered":"<\/p>\n<p><a class=\"\" href=\"https:\/\/agenciabrasil.ebc.com.br\/saude\/noticia\/2025-11\/febre-maculosa-causa-mais-duas-mortes-no%20interior%20de%20S%C3%A3o%20Paulo\"><br \/>\n                    <img decoding=\"async\" src=\"https:\/\/cdn.jsdelivr.net\/gh\/sergiosdlima\/assets-ebc@1.0.0\/abr\/assets\/images\/logo-agenciabrasil.svg\" alt=\"Logo Ag\u00eancia Brasil\"><br \/>\n\t\t\t\t<\/a><\/p>\n<p><strong>Duas pessoas morreram, na cidade de Leme (interior de S\u00e3o Paulo)<\/strong>, na semana passada, <strong>devido \u00e0 febre maculosa<\/strong>. A informa\u00e7\u00e3o foi confirmada pela Secretaria de Sa\u00fade do munic\u00edpio. N\u00e3o foram divulgados os nomes, g\u00eanero ou idade das v\u00edtimas.<img decoding=\"async\" src=\"https:\/\/agenciabrasil.ebc.com.br\/ebc.png?id=1666070&#038;o=rss\"><img decoding=\"async\" src=\"https:\/\/agenciabrasil.ebc.com.br\/ebc.gif?id=1666070&#038;o=rss\"><\/p>\n<p>Segundo a secretaria, equipes t\u00e9cnicas da prefeitura adotaram todas as medidas de controle e vigil\u00e2ncia assim que os casos foram notificados. As a\u00e7\u00f5es de conten\u00e7\u00e3o t\u00eam sido realizadas pelo Setor de Vigil\u00e2ncia Epidemiol\u00f3gica e Zoonoses.<\/p>\n<\/p>\n<h3>Not\u00edcias relacionadas:<\/h3>\n<ul>\n<li><a href=\"https:\/\/agenciabrasil.ebc.com.br\/saude\/noticia\/2025-10\/parque-no-interior-de-sp-e-interditado-apos-mortes-por-febre-maculosa\">Parque no interior de SP \u00e9 interditado ap\u00f3s mortes por febre maculosa.<\/a><\/li>\n<li><a href=\"https:\/\/agenciabrasil.ebc.com.br\/saude\/noticia\/2023-09\/caso-suspeito-de-febre-maculosa-no-distrito-federal-e-descartado\">Caso suspeito de febre maculosa no Distrito Federal \u00e9 descartado.<\/a><\/li>\n<li><a href=\"https:\/\/agenciabrasil.ebc.com.br\/saude\/noticia\/2023-07\/anvisa-aprova-registro-de-kit-para-diagnostico-de-febre-maculosa\">Anvisa aprova registro de kit para diagn\u00f3stico de febre maculosa.<\/a><\/li>\n<\/ul>\n<p>O interior do estado de S\u00e3o Paulo vem sofrendo com casos da doen\u00e7a, que \u00e9 transmitida pelo carrapato. A cidade de Salto\u00a0, distante cerca de 90 quil\u00f4metros de Leme,<a href=\"https:\/\/agenciabrasil.ebc.com.br\/saude\/noticia\/2025-10\/parque-no-interior-de-sp-e-interditado-apos-mortes-por-febre-maculosa\" target=\"_blank\"> registrou tr\u00eas mortes por febre maculosa em 2025<\/a>. Um parque local foi interditado pela prefeitura, j\u00e1 que duas destas v\u00edtimas frequentaram o local.<\/p>\n<p>Neste ano,\u00a0<strong>36 casos da doen\u00e7a haviam sido registrados em todo o estado, com 18 \u00f3bitos\u00a0contabilizados at\u00e9 outubro. Agora, j\u00e1 s\u00e3o 20.<\/strong> Em todo o ano passado, foram 72 casos, com 26 mortes.<\/p>\n<p><a href=\"https:\/\/www.whatsapp.com\/channel\/0029VaoRTgrInlqYLSk59B2M\" target=\"_blank\">>> Siga o canal da <strong>Ag\u00eancia Brasil <\/strong>no WhatsApp<\/a><\/p>\n<h2>Doen\u00e7a<\/h2>\n<p>A\u00a0febre maculosa, tamb\u00e9m conhecida como\u00a0doen\u00e7a do carrapato, \u00e9 uma infec\u00e7\u00e3o febril de gravidade vari\u00e1vel, com\u00a0<strong>elevada taxa de letalidade<\/strong>. Causada por uma bact\u00e9ria do g\u00eanero\u00a0<em>Rickettsia<\/em>, a\u00a0doen\u00e7a \u00e9 transmitida pela picada de\u00a0carrapato\u00a0encontrado em ambientes com animais dom\u00e9sticos, como c\u00e3es e gatos, gado e \u00e1reas de vegeta\u00e7\u00e3o alta.<\/p>\n<p>Segundo a Secretaria de Estado de Sa\u00fade (SES) de S\u00e3o Paulo, menos de 1% dos carrapatos-estrela est\u00e3o contaminados com a bact\u00e9ria que causa a doen\u00e7a, portanto, <strong>apenas o contato com carrapato n\u00e3o significa uma infec\u00e7\u00e3o no indiv\u00edduo<\/strong>.<\/p>\n<h2>Sintomas<\/h2>\n<p>Os principais sintomas da febre maculosa s\u00e3o: febre\u00a0s\u00fabita, dores de cabe\u00e7a e nas articula\u00e7\u00f5es, fraqueza extrema, cansa\u00e7o ou falta de energia. Entre o terceiro e o quinto\u00a0dia de infec\u00e7\u00e3o,\u00a0aparecem erup\u00e7\u00f5es cut\u00e2neas nos punhos e tornozelos, eventualmente espalhando-se por todo o corpo.<\/p>\n<h2>Preven\u00e7\u00e3o<\/h2>\n<p>A preven\u00e7\u00e3o \u00e9 essencial e inclui evitar \u00e1reas infestadas por carrapatos, usar\u00a0cal\u00e7as compridas e botas ao circular em regi\u00f5es de risco. Se for encontrado algum carrapato na pele, \u00e9 preciso remov\u00ea-lo\u00a0imediatamente, sem esmag\u00e1-lo\u00a0com as unhas.<\/p>\n<p><em>*Estagi\u00e1rio sob supervis\u00e3o de Odair Braz Junior<\/em><\/p>\n","protected":false},"excerpt":{"rendered":"<p>Duas pessoas morreram, na cidade de Leme (interior de S\u00e3o Paulo), na semana passada, devido \u00e0 febre maculosa. A informa\u00e7\u00e3o foi confirmada pela Secretaria de Sa\u00fade do munic\u00edpio. N\u00e3o foram divulgados os nomes, g\u00eanero ou idade das v\u00edtimas. Segundo a secretaria, equipes t\u00e9cnicas da prefeitura adotaram todas as medidas de controle e vigil\u00e2ncia assim que [&hellip;]<\/p>\n","protected":false},"author":1,"featured_media":7262,"comment_status":"open","ping_status":"open","sticky":false,"template":"","format":"standard","meta":{"site-sidebar-layout":"default","site-content-layout":"","ast-site-content-layout":"","site-content-style":"default","site-sidebar-style":"default","ast-global-header-display":"","ast-banner-title-visibility":"","ast-main-header-display":"","ast-hfb-above-header-display":"","ast-hfb-below-header-display":"","ast-hfb-mobile-header-display":"","site-post-title":"","ast-breadcrumbs-content":"","ast-featured-img":"","footer-sml-layout":"","theme-transparent-header-meta":"","adv-header-id-meta":"","stick-header-meta":"","header-above-stick-meta":"","header-main-stick-meta":"","header-below-stick-meta":"","astra-migrate-meta-layouts":"default","ast-page-background-enabled":"default","ast-page-background-meta":{"desktop":{"background-color":"var(--ast-global-color-4)","background-image":"","background-repeat":"repeat","background-position":"center center","background-size":"auto","background-attachment":"scroll","background-type":"","background-media":"","overlay-type":"","overlay-color":"","overlay-opacity":"","overlay-gradient":""},"tablet":{"background-color":"","background-image":"","background-repeat":"repeat","background-position":"center center","background-size":"auto","background-attachment":"scroll","background-type":"","background-media":"","overlay-type":"","overlay-color":"","overlay-opacity":"","overlay-gradient":""},"mobile":{"background-color":"","background-image":"","background-repeat":"repeat","background-position":"center center","background-size":"auto","background-attachment":"scroll","background-type":"","background-media":"","overlay-type":"","overlay-color":"","overlay-opacity":"","overlay-gradient":""}},"ast-content-background-meta":{"desktop":{"background-color":"var(--ast-global-color-5)","background-image":"","background-repeat":"repeat","background-position":"center center","background-size":"auto","background-attachment":"scroll","background-type":"","background-media":"","overlay-type":"","overlay-color":"","overlay-opacity":"","overlay-gradient":""},"tablet":{"background-color":"var(--ast-global-color-5)","background-image":"","background-repeat":"repeat","background-position":"center center","background-size":"auto","background-attachment":"scroll","background-type":"","background-media":"","overlay-type":"","overlay-color":"","overlay-opacity":"","overlay-gradient":""},"mobile":{"background-color":"var(--ast-global-color-5)","background-image":"","background-repeat":"repeat","background-position":"center center","background-size":"auto","background-attachment":"scroll","background-type":"","background-media":"","overlay-type":"","overlay-color":"","overlay-opacity":"","overlay-gradient":""}},"footnotes":""},"categories":[1],"tags":[],"class_list":["post-7261","post","type-post","status-publish","format-standard","has-post-thumbnail","hentry","category-sem-categoria"],"_links":{"self":[{"href":"https:\/\/jornalregionalms.com.br\/index.php?rest_route=\/wp\/v2\/posts\/7261","targetHints":{"allow":["GET"]}}],"collection":[{"href":"https:\/\/jornalregionalms.com.br\/index.php?rest_route=\/wp\/v2\/posts"}],"about":[{"href":"https:\/\/jornalregionalms.com.br\/index.php?rest_route=\/wp\/v2\/types\/post"}],"author":[{"embeddable":true,"href":"https:\/\/jornalregionalms.com.br\/index.php?rest_route=\/wp\/v2\/users\/1"}],"replies":[{"embeddable":true,"href":"https:\/\/jornalregionalms.com.br\/index.php?rest_route=%2Fwp%2Fv2%2Fcomments&post=7261"}],"version-history":[{"count":0,"href":"https:\/\/jornalregionalms.com.br\/index.php?rest_route=\/wp\/v2\/posts\/7261\/revisions"}],"wp:featuredmedia":[{"embeddable":true,"href":"https:\/\/jornalregionalms.com.br\/index.php?rest_route=\/wp\/v2\/media\/7262"}],"wp:attachment":[{"href":"https:\/\/jornalregionalms.com.br\/index.php?rest_route=%2Fwp%2Fv2%2Fmedia&parent=7261"}],"wp:term":[{"taxonomy":"category","embeddable":true,"href":"https:\/\/jornalregionalms.com.br\/index.php?rest_route=%2Fwp%2Fv2%2Fcategories&post=7261"},{"taxonomy":"post_tag","embeddable":true,"href":"https:\/\/jornalregionalms.com.br\/index.php?rest_route=%2Fwp%2Fv2%2Ftags&post=7261"}],"curies":[{"name":"wp","href":"https:\/\/api.w.org\/{rel}","templated":true}]}}