{"id":7257,"date":"2025-11-04T16:32:19","date_gmt":"2025-11-04T20:32:19","guid":{"rendered":"https:\/\/jornalregionalms.com.br\/?p=7257"},"modified":"2025-11-04T16:32:19","modified_gmt":"2025-11-04T20:32:19","slug":"cpi-do-crime-organizado-chama-dois-ministros-e-11-governadores","status":"publish","type":"post","link":"https:\/\/jornalregionalms.com.br\/?p=7257","title":{"rendered":"CPI do Crime Organizado chama dois ministros e 11 governadores"},"content":{"rendered":"<\/p>\n<p><a class=\"\" href=\"https:\/\/agenciabrasil.ebc.com.br\/politica\/noticia\/2025-11\/cpi-do-crime-organizado-chama-dois-ministros-e-11-governadores\"><br \/>\n                    <img decoding=\"async\" src=\"https:\/\/cdn.jsdelivr.net\/gh\/sergiosdlima\/assets-ebc@1.0.0\/abr\/assets\/images\/logo-agenciabrasil.svg\" alt=\"Logo Ag\u00eancia Brasil\"><br \/>\n\t\t\t\t<\/a><\/p>\n<p>A Comiss\u00e3o Parlamentar de Inqu\u00e9rito do Crime Organizado (CPI), instalada nesta ter\u00e7a-feira (4) no Senado, aprovou os convites para dois ministros de Estado e 11 governadores comparecem ao colegiado, al\u00e9m de especialistas em seguran\u00e7a p\u00fablica e chefes de \u00f3rg\u00e3os de seguran\u00e7a.<img decoding=\"async\" src=\"https:\/\/agenciabrasil.ebc.com.br\/ebc.png?id=1666095&#038;o=rss\"><img decoding=\"async\" src=\"https:\/\/agenciabrasil.ebc.com.br\/ebc.gif?id=1666095&#038;o=rss\"><\/p>\n<p>Os requerimentos foram apresentados pelo relator, senador Alessandro Vieira (MDB-SE), que tamb\u00e9m solicitou informa\u00e7\u00f5es sobre o combate ao crime organizado aos minist\u00e9rios da Justi\u00e7a e Seguran\u00e7a P\u00fablica e da Defesa.\u00a0<\/p>\n<\/p>\n<h3>Not\u00edcias relacionadas:<\/h3>\n<ul>\n<li><a href=\"https:\/\/agenciabrasil.ebc.com.br\/politica\/noticia\/2025-11\/relator-de-cpi-quer-investigar-atuacao-do-crime-em-mercados-legais\">Relator de CPI quer investigar atua\u00e7\u00e3o do crime em mercados legais.<\/a><\/li>\n<li><a href=\"https:\/\/agenciabrasil.ebc.com.br\/politica\/noticia\/2025-11\/senador-fabiano-contarato-vai-presidir-cpi-do-crime-organizado\">Senador Fabiano Contarato vai presidir CPI do crime organizado.<\/a><\/li>\n<li><a href=\"https:\/\/agenciabrasil.ebc.com.br\/politica\/noticia\/2025-11\/alcolumbre-e-moraes-discutem-como-combater-o-crime-organizado\">Alcolumbre e Moraes discutem como combater o crime organizado.<\/a><\/li>\n<\/ul>\n<p><strong>Inicialmente, a CPI aprovou requerimento para ouvir o ministro da Justi\u00e7a e Seguran\u00e7a P\u00fablica, Ricardo Lewandoviski; o ministro da Defesa, Jos\u00e9 M\u00facio; al\u00e9m do diretor-geral da Pol\u00edcia Federal (PF), Andrei Rodrigues; e o diretor-geral da Ag\u00eancia Brasileira de Intelig\u00eancia (Abin), Luiz Corr\u00eaa, entre outros representantes dos \u00f3rg\u00e3os de seguran\u00e7a do governo federal.<\/strong><\/p>\n<p><a href=\"https:\/\/agenciabrasil.ebc.com.br\/politica\/noticia\/2025-11\/relator-de-cpi-quer-investigar-atuacao-do-crime-em-mercados-legais\" target=\"_blank\">Instalada nesta ter\u00e7a-feira (4)<\/a>, a comiss\u00e3o tem 120 dias para produzir um diagn\u00f3stico sobre o crime organizado no Brasil e propor medidas para combater fac\u00e7\u00f5es e mil\u00edcias.<\/p>\n<p><strong>Foi aprovado ainda requerimento que pede urg\u00eancia na tramita\u00e7\u00e3o na C\u00e2mara dos Deputados de propostas legislativas sobre seguran\u00e7a p\u00fablica aprovadas no Senado.<\/strong><\/p>\n<p><a href=\"https:\/\/www.whatsapp.com\/channel\/0029VaoRTgrInlqYLSk59B2M\" target=\"_blank\">>> Siga o canal da <strong>Ag\u00eancia Brasil <\/strong>no WhatsApp<\/a><\/p>\n<h2>Governadores<\/h2>\n<p><strong>O relator Alessandro Vieira pediu ainda para ouvir 11 governadores e seus respectivos secret\u00e1rios de Seguran\u00e7a.<\/strong> Vieira decidiu convidar os chefes dos estados mais e menos seguros, segundo indicadores do Minist\u00e9rio da Justi\u00e7a e Seguran\u00e7a P\u00fablica e do F\u00f3rum Nacional de Seguran\u00e7a P\u00fablica.\u00a0\u00a0<\/p>\n<p>\u201cRequeiro que sejam convidados a comparecer a esta comiss\u00e3o, a fim de, em conjunto com a sua equipe t\u00e9cnica das \u00e1reas de intelig\u00eancia, investiga\u00e7\u00e3o e sistema prisional, apresentar sua vis\u00e3o sobre o crime organizado no Brasil e a sua experi\u00eancia pr\u00f3pria\u201d, argumenta o relator no pedido.<\/p>\n<p>Dos estados considerados \u201cmenos seguros\u201d, foram convidados os governadores e secret\u00e1rios de Seguran\u00e7a do Amap\u00e1, Bahia, Pernambuco, Cear\u00e1 e Alagoas. Dos considerados mais seguros, foram convidados os representantes de Santa Catarina, Paran\u00e1, Rio Grande do Sul e Distrito Federal.<\/p>\n<p><strong>Os estados do Rio de Janeiro e S\u00e3o Paulo entram na lista n\u00e3o por serem mais violentos ou mais seguros, \u201cmas porque s\u00e3o base original das principais fac\u00e7\u00f5es criminosas do Brasil\u201d, explicou Alessandro Vieira.<\/strong><\/p>\n<h2>Especialistas<\/h2>\n<p>A CPI do Crime Organizado ainda aprovou um requerimento apresentado pelo relator para ouvir especialistas em seguran\u00e7a p\u00fablica ou pessoas com \u201cnot\u00f3ria experi\u00eancia\u201d em atua\u00e7\u00e3o na \u00e1rea. Entre eles, est\u00e1 o promotor de Justi\u00e7a do Minist\u00e9rio P\u00fablico do Estado de S\u00e3o Paulo Lincoln Gakiya, \u201cpela larga experi\u00eancia na quest\u00e3o relacionada ao PCC\u201d; Renato S\u00e9rgio de Lima, diretor-presidente do F\u00f3rum Brasileiro de Seguran\u00e7a P\u00fablica; e os professores e pesquisadores Joana da Costa Martins Monteiro e Leandro Piquet Carneiro.<\/p>\n<p><strong>O relator da CPI tamb\u00e9m pediu para ouvir profissionais que atuam na comunica\u00e7\u00e3o \u201crelacionada a crimes &#8211; jornalistas investigativos, comentaristas e consultores\u201d.<\/strong><\/p>\n<p>Nesse grupo, foram convidados Josmar Jozino, jornalista investigativo do portal UOL; Rafael Soares, jornalista investigativo do jornal O Globo; e Cec\u00edlia Olliveira, jornalista investigativa do Instituto Fogo Cruzado.<\/p>\n<p>Tamb\u00e9m foram convidados Bruno Paes Manso, pesquisador da USP e ex-jornalista; Allan de Abreu, jornalista investigativo da Revista Piau\u00ed; e Rodrigo Pimentel, articulista e consultor em seguran\u00e7a p\u00fablica, que atuou no Bope do Estado do Rio de Janeiro como capit\u00e3o.<\/p>\n<p><strong>Por \u00faltimo, a CPI aprovou requerimento com pedidos de informa\u00e7\u00f5es para aos minist\u00e9rios da Seguran\u00e7a P\u00fablica e da Defesa referente ao controle de armas, e relat\u00f3rios de intelig\u00eancia produzidos sobre fac\u00e7\u00f5es criminosas ou mil\u00edcias.<\/strong><\/p>\n<p>\u201cN\u00f3s falamos aqui v\u00e1rias vezes, ao longo dos \u00faltimos 7 anos, da dificuldade que n\u00f3s temos para identificar e rastrear armas de fogo e muni\u00e7\u00f5es no Brasil\u201d, disse Alessandro Vieira, ao justificar os pedidos de informa\u00e7\u00f5es.<\/p>\n","protected":false},"excerpt":{"rendered":"<p>A Comiss\u00e3o Parlamentar de Inqu\u00e9rito do Crime Organizado (CPI), instalada nesta ter\u00e7a-feira (4) no Senado, aprovou os convites para dois ministros de Estado e 11 governadores comparecem ao colegiado, al\u00e9m de especialistas em seguran\u00e7a p\u00fablica e chefes de \u00f3rg\u00e3os de seguran\u00e7a. Os requerimentos foram apresentados pelo relator, senador Alessandro Vieira (MDB-SE), que tamb\u00e9m solicitou informa\u00e7\u00f5es [&hellip;]<\/p>\n","protected":false},"author":29,"featured_media":7258,"comment_status":"open","ping_status":"open","sticky":false,"template":"","format":"standard","meta":{"site-sidebar-layout":"default","site-content-layout":"","ast-site-content-layout":"","site-content-style":"default","site-sidebar-style":"default","ast-global-header-display":"","ast-banner-title-visibility":"","ast-main-header-display":"","ast-hfb-above-header-display":"","ast-hfb-below-header-display":"","ast-hfb-mobile-header-display":"","site-post-title":"","ast-breadcrumbs-content":"","ast-featured-img":"","footer-sml-layout":"","theme-transparent-header-meta":"","adv-header-id-meta":"","stick-header-meta":"","header-above-stick-meta":"","header-main-stick-meta":"","header-below-stick-meta":"","astra-migrate-meta-layouts":"default","ast-page-background-enabled":"default","ast-page-background-meta":{"desktop":{"background-color":"var(--ast-global-color-4)","background-image":"","background-repeat":"repeat","background-position":"center center","background-size":"auto","background-attachment":"scroll","background-type":"","background-media":"","overlay-type":"","overlay-color":"","overlay-opacity":"","overlay-gradient":""},"tablet":{"background-color":"","background-image":"","background-repeat":"repeat","background-position":"center center","background-size":"auto","background-attachment":"scroll","background-type":"","background-media":"","overlay-type":"","overlay-color":"","overlay-opacity":"","overlay-gradient":""},"mobile":{"background-color":"","background-image":"","background-repeat":"repeat","background-position":"center center","background-size":"auto","background-attachment":"scroll","background-type":"","background-media":"","overlay-type":"","overlay-color":"","overlay-opacity":"","overlay-gradient":""}},"ast-content-background-meta":{"desktop":{"background-color":"var(--ast-global-color-5)","background-image":"","background-repeat":"repeat","background-position":"center center","background-size":"auto","background-attachment":"scroll","background-type":"","background-media":"","overlay-type":"","overlay-color":"","overlay-opacity":"","overlay-gradient":""},"tablet":{"background-color":"var(--ast-global-color-5)","background-image":"","background-repeat":"repeat","background-position":"center center","background-size":"auto","background-attachment":"scroll","background-type":"","background-media":"","overlay-type":"","overlay-color":"","overlay-opacity":"","overlay-gradient":""},"mobile":{"background-color":"var(--ast-global-color-5)","background-image":"","background-repeat":"repeat","background-position":"center center","background-size":"auto","background-attachment":"scroll","background-type":"","background-media":"","overlay-type":"","overlay-color":"","overlay-opacity":"","overlay-gradient":""}},"footnotes":""},"categories":[1],"tags":[],"class_list":["post-7257","post","type-post","status-publish","format-standard","has-post-thumbnail","hentry","category-sem-categoria"],"_links":{"self":[{"href":"https:\/\/jornalregionalms.com.br\/index.php?rest_route=\/wp\/v2\/posts\/7257","targetHints":{"allow":["GET"]}}],"collection":[{"href":"https:\/\/jornalregionalms.com.br\/index.php?rest_route=\/wp\/v2\/posts"}],"about":[{"href":"https:\/\/jornalregionalms.com.br\/index.php?rest_route=\/wp\/v2\/types\/post"}],"author":[{"embeddable":true,"href":"https:\/\/jornalregionalms.com.br\/index.php?rest_route=\/wp\/v2\/users\/29"}],"replies":[{"embeddable":true,"href":"https:\/\/jornalregionalms.com.br\/index.php?rest_route=%2Fwp%2Fv2%2Fcomments&post=7257"}],"version-history":[{"count":0,"href":"https:\/\/jornalregionalms.com.br\/index.php?rest_route=\/wp\/v2\/posts\/7257\/revisions"}],"wp:featuredmedia":[{"embeddable":true,"href":"https:\/\/jornalregionalms.com.br\/index.php?rest_route=\/wp\/v2\/media\/7258"}],"wp:attachment":[{"href":"https:\/\/jornalregionalms.com.br\/index.php?rest_route=%2Fwp%2Fv2%2Fmedia&parent=7257"}],"wp:term":[{"taxonomy":"category","embeddable":true,"href":"https:\/\/jornalregionalms.com.br\/index.php?rest_route=%2Fwp%2Fv2%2Fcategories&post=7257"},{"taxonomy":"post_tag","embeddable":true,"href":"https:\/\/jornalregionalms.com.br\/index.php?rest_route=%2Fwp%2Fv2%2Ftags&post=7257"}],"curies":[{"name":"wp","href":"https:\/\/api.w.org\/{rel}","templated":true}]}}