{"id":6657,"date":"2025-10-26T08:36:27","date_gmt":"2025-10-26T12:36:27","guid":{"rendered":"https:\/\/jornalregionalms.com.br\/?p=6657"},"modified":"2025-10-26T08:36:27","modified_gmt":"2025-10-26T12:36:27","slug":"enamed-registro-de-presenca-de-aluno-na-prova-vai-ate-11-de-dezembro","status":"publish","type":"post","link":"https:\/\/jornalregionalms.com.br\/?p=6657","title":{"rendered":"Enamed: registro de presen\u00e7a de aluno na prova vai at\u00e9 11 de dezembro"},"content":{"rendered":"<\/p>\n<p><a class=\"\" href=\"https:\/\/agenciabrasil.ebc.com.br\/educacao\/noticia\/2025-10\/enamed-registro-de-presenca-de-aluno-na-prova-vai-ate-11-de-dezembro\"><br \/>\n                    <img decoding=\"async\" src=\"https:\/\/cdn.jsdelivr.net\/gh\/sergiosdlima\/assets-ebc@1.0.0\/abr\/assets\/images\/logo-agenciabrasil.svg\" alt=\"Logo Ag\u00eancia Brasil\"><br \/>\n\t\t\t\t<\/a><\/p>\n<p><strong>O per\u00edodo para registro de presen\u00e7a na prova da primeira edi\u00e7\u00e3o do Exame Nacional de Avalia\u00e7\u00e3o da Forma\u00e7\u00e3o M\u00e9dica (Enamed)\u00a0pela institui\u00e7\u00e3o de ensino superior come\u00e7ou nesta quinta-feira (23) e se estende at\u00e9 11 de dezembro.<\/strong><img decoding=\"async\" src=\"https:\/\/agenciabrasil.ebc.com.br\/ebc.png?id=1664334&#038;o=rss\"><img decoding=\"async\" src=\"https:\/\/agenciabrasil.ebc.com.br\/ebc.gif?id=1664334&#038;o=rss\"><\/p>\n<p>O registro \u00e9 de responsabilidade do coordenador de curso de medicina e deve ser feito diretamente no <a href=\"https:\/\/enade.inep.gov.br\/enade\/#!\/index\" target=\"_blank\">Sistema Enade<\/a>, com <em>login<\/em> e senha do Portal Gov.br.<\/p>\n<\/p>\n<h3>Not\u00edcias relacionadas:<\/h3>\n<ul>\n<li><a href=\"https:\/\/agenciabrasil.ebc.com.br\/educacao\/noticia\/2025-10\/pf-desarticula-organizacao-criminosa-que-tentou-fraudar-o-enamed\">PF desarticula organiza\u00e7\u00e3o criminosa que tentou fraudar o Enamed.<\/a><\/li>\n<li><a href=\"https:\/\/agenciabrasil.ebc.com.br\/educacao\/noticia\/2025-10\/enamed-2025-96-mil-inscritos-farao-prova-neste-domingo-em-225-cidades\">Enamed 2025: 96 mil inscritos far\u00e3o prova neste domingo em 225 cidades.<\/a><\/li>\n<\/ul>\n<p><strong>O Instituto Nacional de Estudos e Pesquisas Educacionais An\u00edsio Teixeira (Inep) registrou 92% de presen\u00e7a no exame, entre os mais de 96,6 mil inscritos confirmados. A prova \u00e9 obrigat\u00f3ria para os concluintes de cursos de medicina.<\/strong><\/p>\n<p><a href=\"https:\/\/www.whatsapp.com\/channel\/0029VaoRTgrInlqYLSk59B2M\" target=\"_blank\">>> Siga o canal da<strong> Ag\u00eancia Brasil <\/strong>no WhatsApp<\/a><\/p>\n<h2>A prova<\/h2>\n<p><strong>A\u00a0prova do Enamed 2025 foi aplicada no \u00faltimo domingo, em 225 cidades de todas as 27 unidades da federa\u00e7\u00e3o.<\/strong>\u00a0Os participantes tiveram cinco horas para concluir as provas com 100 quest\u00f5es de m\u00faltipla escolha.\u00a0<\/p>\n<p><a href=\"https:\/\/agenciabrasil.ebc.com.br\/saude\/noticia\/2025-10\/enamed-candidatos-tem-ate-dia-27-para-contestar-gabarito\" target=\"_blank\">Nesta quarta-feira (22)<\/a>, a vers\u00e3o preliminar do gabarito da prova objetiva e os cadernos de prova do Enamed 2025 foram disponibilizados pelo Instituto Nacional de Estudos e Pesquisas Educacionais An\u00edsio Teixeira (Inep).<\/p>\n<p>O prazo para interpor recursos tamb\u00e9m come\u00e7ou na quarta e ir\u00e1 at\u00e9 segunda-feira (27). <strong>O Inep divulgar\u00e1 o resultado final das provas em 5 de dezembro.<\/strong><\/p>\n<h2>Enamed<\/h2>\n<p>O Exame Nacional de Avalia\u00e7\u00e3o da Forma\u00e7\u00e3o M\u00e9dica \u00e9 realizado anualmente.<\/p>\n<p><strong>O Enamed \u00e9 voltado aos estudantes de medicina que concluem a gradua\u00e7\u00e3o em 2025 e\u00a0servir\u00e1 para avaliar a forma\u00e7\u00e3o m\u00e9dica no Brasil.<\/strong><\/p>\n<p>Tamb\u00e9m participaram do exame m\u00e9dicos j\u00e1 formados interessados em usar os resultados nos processos seletivos das especialidades m\u00e9dicas de acesso direto do Exame Nacional de Resid\u00eancia (Enare).\u00a0<\/p>\n<p>\u00a0<\/p>\n","protected":false},"excerpt":{"rendered":"<p>O per\u00edodo para registro de presen\u00e7a na prova da primeira edi\u00e7\u00e3o do Exame Nacional de Avalia\u00e7\u00e3o da Forma\u00e7\u00e3o M\u00e9dica (Enamed)\u00a0pela institui\u00e7\u00e3o de ensino superior come\u00e7ou nesta quinta-feira (23) e se estende at\u00e9 11 de dezembro. O registro \u00e9 de responsabilidade do coordenador de curso de medicina e deve ser feito diretamente no Sistema Enade, com [&hellip;]<\/p>\n","protected":false},"author":6,"featured_media":6658,"comment_status":"open","ping_status":"open","sticky":false,"template":"","format":"standard","meta":{"site-sidebar-layout":"default","site-content-layout":"","ast-site-content-layout":"","site-content-style":"default","site-sidebar-style":"default","ast-global-header-display":"","ast-banner-title-visibility":"","ast-main-header-display":"","ast-hfb-above-header-display":"","ast-hfb-below-header-display":"","ast-hfb-mobile-header-display":"","site-post-title":"","ast-breadcrumbs-content":"","ast-featured-img":"","footer-sml-layout":"","theme-transparent-header-meta":"","adv-header-id-meta":"","stick-header-meta":"","header-above-stick-meta":"","header-main-stick-meta":"","header-below-stick-meta":"","astra-migrate-meta-layouts":"default","ast-page-background-enabled":"default","ast-page-background-meta":{"desktop":{"background-color":"var(--ast-global-color-4)","background-image":"","background-repeat":"repeat","background-position":"center center","background-size":"auto","background-attachment":"scroll","background-type":"","background-media":"","overlay-type":"","overlay-color":"","overlay-opacity":"","overlay-gradient":""},"tablet":{"background-color":"","background-image":"","background-repeat":"repeat","background-position":"center center","background-size":"auto","background-attachment":"scroll","background-type":"","background-media":"","overlay-type":"","overlay-color":"","overlay-opacity":"","overlay-gradient":""},"mobile":{"background-color":"","background-image":"","background-repeat":"repeat","background-position":"center center","background-size":"auto","background-attachment":"scroll","background-type":"","background-media":"","overlay-type":"","overlay-color":"","overlay-opacity":"","overlay-gradient":""}},"ast-content-background-meta":{"desktop":{"background-color":"var(--ast-global-color-5)","background-image":"","background-repeat":"repeat","background-position":"center center","background-size":"auto","background-attachment":"scroll","background-type":"","background-media":"","overlay-type":"","overlay-color":"","overlay-opacity":"","overlay-gradient":""},"tablet":{"background-color":"var(--ast-global-color-5)","background-image":"","background-repeat":"repeat","background-position":"center center","background-size":"auto","background-attachment":"scroll","background-type":"","background-media":"","overlay-type":"","overlay-color":"","overlay-opacity":"","overlay-gradient":""},"mobile":{"background-color":"var(--ast-global-color-5)","background-image":"","background-repeat":"repeat","background-position":"center center","background-size":"auto","background-attachment":"scroll","background-type":"","background-media":"","overlay-type":"","overlay-color":"","overlay-opacity":"","overlay-gradient":""}},"footnotes":""},"categories":[123],"tags":[],"class_list":["post-6657","post","type-post","status-publish","format-standard","has-post-thumbnail","hentry","category-politica"],"_links":{"self":[{"href":"https:\/\/jornalregionalms.com.br\/index.php?rest_route=\/wp\/v2\/posts\/6657","targetHints":{"allow":["GET"]}}],"collection":[{"href":"https:\/\/jornalregionalms.com.br\/index.php?rest_route=\/wp\/v2\/posts"}],"about":[{"href":"https:\/\/jornalregionalms.com.br\/index.php?rest_route=\/wp\/v2\/types\/post"}],"author":[{"embeddable":true,"href":"https:\/\/jornalregionalms.com.br\/index.php?rest_route=\/wp\/v2\/users\/6"}],"replies":[{"embeddable":true,"href":"https:\/\/jornalregionalms.com.br\/index.php?rest_route=%2Fwp%2Fv2%2Fcomments&post=6657"}],"version-history":[{"count":0,"href":"https:\/\/jornalregionalms.com.br\/index.php?rest_route=\/wp\/v2\/posts\/6657\/revisions"}],"wp:featuredmedia":[{"embeddable":true,"href":"https:\/\/jornalregionalms.com.br\/index.php?rest_route=\/wp\/v2\/media\/6658"}],"wp:attachment":[{"href":"https:\/\/jornalregionalms.com.br\/index.php?rest_route=%2Fwp%2Fv2%2Fmedia&parent=6657"}],"wp:term":[{"taxonomy":"category","embeddable":true,"href":"https:\/\/jornalregionalms.com.br\/index.php?rest_route=%2Fwp%2Fv2%2Fcategories&post=6657"},{"taxonomy":"post_tag","embeddable":true,"href":"https:\/\/jornalregionalms.com.br\/index.php?rest_route=%2Fwp%2Fv2%2Ftags&post=6657"}],"curies":[{"name":"wp","href":"https:\/\/api.w.org\/{rel}","templated":true}]}}