{"id":6655,"date":"2025-10-26T08:36:28","date_gmt":"2025-10-26T12:36:28","guid":{"rendered":"https:\/\/jornalregionalms.com.br\/?p=6655"},"modified":"2025-10-26T08:36:28","modified_gmt":"2025-10-26T12:36:28","slug":"pnd-2025-prova-para-professores-e-aplicada-hoje-em-750-cidades","status":"publish","type":"post","link":"https:\/\/jornalregionalms.com.br\/?p=6655","title":{"rendered":"PND 2025: prova para professores \u00e9 aplicada hoje em 750 cidades"},"content":{"rendered":"<\/p>\n<p><a class=\"\" href=\"https:\/\/agenciabrasil.ebc.com.br\/educacao\/noticia\/2025-10\/pnd-2025-prova-para-professores-e-aplicada-hoje-em-750-cidades\"><br \/>\n                    <img decoding=\"async\" src=\"https:\/\/cdn.jsdelivr.net\/gh\/sergiosdlima\/assets-ebc@1.0.0\/abr\/assets\/images\/logo-agenciabrasil.svg\" alt=\"Logo Ag\u00eancia Brasil\"><br \/>\n\t\t\t\t<\/a><\/p>\n<p>O Instituto Nacional de Estudos e Pesquisas Educacionais An\u00edsio Teixeira (Inep),\u00a0aplica pela primeira vez, neste domingo (26), em <a href=\"https:\/\/www.gov.br\/inep\/pt-br\/areas-de-atuacao\/avaliacao-e-exames-educacionais\/prova-nacional-docente\" target=\"_blank\">750 cidades de todos os estados e no Distrito Federal<\/a>, a Prova Nacional Docente (PND) de 2025. <a href=\"https:\/\/agenciabrasil.ebc.com.br\/educacao\/noticia\/2025-10\/mais-de-1-milhao-de-inscritos-fazem-primeira-pnd-neste-domingo\" target=\"_blank\">Mais de 1 milh\u00e3o<\/a> se inscreveram para participar do certame.<img decoding=\"async\" src=\"https:\/\/agenciabrasil.ebc.com.br\/ebc.png?id=1664565&#038;o=rss\"><img decoding=\"async\" src=\"https:\/\/agenciabrasil.ebc.com.br\/ebc.gif?id=1664565&#038;o=rss\"><\/p>\n<p><strong>Chamado de &#8220;CNU dos Professores&#8221; ou &#8220;Enem dos Professores&#8221;, o exame representa uma\u00a0 porta de entrada no magist\u00e9rio p\u00fablico brasileiro.<\/strong>\u00a0As redes p\u00fablicas de ensino poder\u00e3o optar por usar as notas dos participantes da PND como mecanismo \u00fanico ou complementar de sele\u00e7\u00e3o de docentes para seus quadros a partir de 2026. Os entes federativos v\u00e3o considerar a nota obtida pelo candidato, neste domingo.<\/p>\n<h2>A prova<\/h2>\n<\/p>\n<h3>Not\u00edcias relacionadas:<\/h3>\n<ul>\n<li><a href=\"https:\/\/agenciabrasil.ebc.com.br\/educacao\/noticia\/2025-10\/pnd-2025-saiba-o-que-levar-para-prova-deste-domingo\">PND 2025: saiba o que levar para a prova deste domingo.<\/a><\/li>\n<li><a href=\"https:\/\/agenciabrasil.ebc.com.br\/educacao\/noticia\/2025-10\/mais-de-1-milhao-de-inscritos-fazem-primeira-pnd-neste-domingo\">Mais de 1 milh\u00e3o de inscritos fazem a primeira PND neste domingo.<\/a><\/li>\n<\/ul>\n<p>A prova ter\u00e1 dura\u00e7\u00e3o total de 5 horas e 30 minutos.<\/p>\n<p>O conte\u00fado do exame ter\u00e1 a mesma matriz da avalia\u00e7\u00e3o te\u00f3rica do Exame Nacional de Desempenho dos Estudantes (Enade) das Licenciaturas que, desde a sua edi\u00e7\u00e3o em 2024, foca nos cursos de forma\u00e7\u00e3o docente.\u00a0<\/p>\n<p>De acordo com o <a href=\"http:\/\/https\/\/www.in.gov.br\/en\/web\/dou\/-\/edital-n-72-de-16-de-junho-de-2025-636578606\" target=\"_blank\">edital da PND 2025<\/a>, o exame ser\u00e1 composto por duas partes: forma\u00e7\u00e3o geral de todos os docentes e componente espec\u00edfico.<\/p>\n<p>A forma\u00e7\u00e3o geral incluir\u00e1 30 quest\u00f5es objetivas e uma discursiva, elaboradas a partir de temas ligados \u00e0 forma\u00e7\u00e3o docente.<\/p>\n<p>J\u00e1 a parte espec\u00edfica contar\u00e1 com 50 quest\u00f5es de m\u00faltipla escolha, voltadas ao conte\u00fado e habilidades pr\u00f3prias de cada uma das 17 \u00e1reas da licenciatura. S\u00e3o elas: artes visuais; ci\u00eancias biol\u00f3gicas; ci\u00eancias sociais; computa\u00e7\u00e3o; educa\u00e7\u00e3o f\u00edsica; filosofia; f\u00edsica; geografia; hist\u00f3ria; letras (ingl\u00eas); letras (portugu\u00eas); letras (portugu\u00eas e espanhol); letras (portugu\u00eas e ingl\u00eas); matem\u00e1tica; m\u00fasica; pedagogia e qu\u00edmica.<\/p>\n<h2>Hor\u00e1rio e locais de prova<\/h2>\n<p>Os candidatos devem portar um documento com foto e uma caneta esferogr\u00e1fica preta de tubo transparente. A aplica\u00e7\u00e3o da prova da PND seguir\u00e1 o hor\u00e1rio de Bras\u00edlia, conforme a descri\u00e7\u00e3o:<\/p>\n<ul>\n<li>abertura dos port\u00f5es:\u00a012h;<\/li>\n<li>fechamento dos port\u00f5es:\u00a013h;<\/li>\n<li>in\u00edcio da prova:\u00a013h30;<\/li>\n<li>t\u00e9rmino da prova:\u00a019h.<\/li>\n<\/ul>\n<p>O Cart\u00e3o de Confirma\u00e7\u00e3o de Inscri\u00e7\u00e3o com o local da prova pode ser consultado no <a href=\"https:\/\/pnd.inep.gov.br\/pnd\/#error=login_required&#038;state=01bbd6de-a022-463f-8cb2-2fbef32040ed\" target=\"_blank\">Sistema\u00a0PND<\/a>. O documento confirma o n\u00famero de inscri\u00e7\u00e3o, data e hor\u00e1rios do exame. Nele, consta ainda se o participante contar\u00e1 com atendimento especializado ou tratamento por nome social.\u00a0<\/p>\n<h2>O que levar\u00a0<\/h2>\n<ul>\n<li>Os candidatos devem portar um documento com foto e uma caneta esferogr\u00e1fica preta de tubo transparente.<\/li>\n<li>Apesar de n\u00e3o ser obrigat\u00f3rio, o Inep recomenda levar impresso o Cart\u00e3o de Confirma\u00e7\u00e3o de Inscri\u00e7\u00e3o neste dia do exame.<\/li>\n<\/ul>\n<h2>Sele\u00e7\u00e3o de professores<\/h2>\n<p>Nesta edi\u00e7\u00e3o, 1.508 munic\u00edpios, incluindo 18 capitais, al\u00e9m de 22 secretarias estaduais de educa\u00e7\u00e3o aderiam voluntariamente \u00e0 prova.<\/p>\n<p><a href=\"https:\/\/www.gov.br\/mec\/pt-br\/centrais-de-conteudo\/publicacoes\/pnd_adesao_manifestacao-de-interesse.pdf\" target=\"_blank\">Confira aqui<\/a> as redes de ensino dos estados e cidades participantes da PND.<\/p>\n<p>De acordo com o Minist\u00e9rio da Educa\u00e7\u00e3o (MEC), a PND tem o objetivo de estimular a realiza\u00e7\u00e3o de concursos p\u00fablicos e aumentar o aumento de professores efetivos nas redes de ensino do Brasil.<\/p>\n<h2>Participantes<\/h2>\n<p>A prova atraiu 1.086.914 de pessoas inscritas confirmadas, divididas em dois grupos. O de estudantes de licenciaturas que est\u00e3o concluindo a gradua\u00e7\u00e3o em 2025 e, tamb\u00e9m a licenciados formados que est\u00e3o interessados em ingressar no magist\u00e9rio da rede p\u00fablica.<\/p>\n<p>Segundo o MEC, o estado com maior n\u00famero de inscritos confirmados \u00e9 S\u00e3o Paulo (253.895), seguido de Minas Gerais (97.113) e Rio de Janeiro (72.230).\u00a0<\/p>\n<p>Se considerados os munic\u00edpios, o n\u00famero de inscri\u00e7\u00f5es confirmadas \u00e9 liderado pelo munic\u00edpio de\u00a0S\u00e3o\u00a0Paulo\u00a0(84.633), seguido pelo munic\u00edpio do Rio de Janeiro (28.765) e por Bras\u00edlia e demais cidades do DF (18.754).<\/p>\n<p>A \u00e1rea de <a href=\"http:\/\/ttps\/\/agenciabrasil.ebc.com.br\/educacao\/noticia\/2025-10\/maioria-de-inscricoes-na-prova-nacional-docente-e-na-area-de-pedagogia\" target=\"_blank\">pedagogia<\/a> lidera as inscri\u00e7\u00f5es na\u00a0PND\u00a0com 560.576 pessoas confirmadas. Em segundo lugar, figura a \u00e1rea de letras \u2013 portugu\u00eas, com 73.187 confirma\u00e7\u00f5es; seguida de matem\u00e1tica (72.530) e de educa\u00e7\u00e3o f\u00edsica (65.911).<\/p>\n<h2>A\u00a0PND\u00a0<\/h2>\n<p>A\u00a0PND\u00a0faz parte do programa Mais Professores para o Brasil, que re\u00fane a\u00e7\u00f5es de reconhecimento e qualifica\u00e7\u00e3o do magist\u00e9rio da educa\u00e7\u00e3o b\u00e1sica e de incentivo \u00e0 doc\u00eancia no pa\u00eds.\u00a0<\/p>\n","protected":false},"excerpt":{"rendered":"<p>O Instituto Nacional de Estudos e Pesquisas Educacionais An\u00edsio Teixeira (Inep),\u00a0aplica pela primeira vez, neste domingo (26), em 750 cidades de todos os estados e no Distrito Federal, a Prova Nacional Docente (PND) de 2025. Mais de 1 milh\u00e3o se inscreveram para participar do certame. Chamado de &#8220;CNU dos Professores&#8221; ou &#8220;Enem dos Professores&#8221;, o [&hellip;]<\/p>\n","protected":false},"author":6,"featured_media":6656,"comment_status":"open","ping_status":"open","sticky":false,"template":"","format":"standard","meta":{"site-sidebar-layout":"default","site-content-layout":"","ast-site-content-layout":"","site-content-style":"default","site-sidebar-style":"default","ast-global-header-display":"","ast-banner-title-visibility":"","ast-main-header-display":"","ast-hfb-above-header-display":"","ast-hfb-below-header-display":"","ast-hfb-mobile-header-display":"","site-post-title":"","ast-breadcrumbs-content":"","ast-featured-img":"","footer-sml-layout":"","theme-transparent-header-meta":"","adv-header-id-meta":"","stick-header-meta":"","header-above-stick-meta":"","header-main-stick-meta":"","header-below-stick-meta":"","astra-migrate-meta-layouts":"default","ast-page-background-enabled":"default","ast-page-background-meta":{"desktop":{"background-color":"var(--ast-global-color-4)","background-image":"","background-repeat":"repeat","background-position":"center center","background-size":"auto","background-attachment":"scroll","background-type":"","background-media":"","overlay-type":"","overlay-color":"","overlay-opacity":"","overlay-gradient":""},"tablet":{"background-color":"","background-image":"","background-repeat":"repeat","background-position":"center center","background-size":"auto","background-attachment":"scroll","background-type":"","background-media":"","overlay-type":"","overlay-color":"","overlay-opacity":"","overlay-gradient":""},"mobile":{"background-color":"","background-image":"","background-repeat":"repeat","background-position":"center center","background-size":"auto","background-attachment":"scroll","background-type":"","background-media":"","overlay-type":"","overlay-color":"","overlay-opacity":"","overlay-gradient":""}},"ast-content-background-meta":{"desktop":{"background-color":"var(--ast-global-color-5)","background-image":"","background-repeat":"repeat","background-position":"center center","background-size":"auto","background-attachment":"scroll","background-type":"","background-media":"","overlay-type":"","overlay-color":"","overlay-opacity":"","overlay-gradient":""},"tablet":{"background-color":"var(--ast-global-color-5)","background-image":"","background-repeat":"repeat","background-position":"center center","background-size":"auto","background-attachment":"scroll","background-type":"","background-media":"","overlay-type":"","overlay-color":"","overlay-opacity":"","overlay-gradient":""},"mobile":{"background-color":"var(--ast-global-color-5)","background-image":"","background-repeat":"repeat","background-position":"center center","background-size":"auto","background-attachment":"scroll","background-type":"","background-media":"","overlay-type":"","overlay-color":"","overlay-opacity":"","overlay-gradient":""}},"footnotes":""},"categories":[123],"tags":[],"class_list":["post-6655","post","type-post","status-publish","format-standard","has-post-thumbnail","hentry","category-politica"],"_links":{"self":[{"href":"https:\/\/jornalregionalms.com.br\/index.php?rest_route=\/wp\/v2\/posts\/6655","targetHints":{"allow":["GET"]}}],"collection":[{"href":"https:\/\/jornalregionalms.com.br\/index.php?rest_route=\/wp\/v2\/posts"}],"about":[{"href":"https:\/\/jornalregionalms.com.br\/index.php?rest_route=\/wp\/v2\/types\/post"}],"author":[{"embeddable":true,"href":"https:\/\/jornalregionalms.com.br\/index.php?rest_route=\/wp\/v2\/users\/6"}],"replies":[{"embeddable":true,"href":"https:\/\/jornalregionalms.com.br\/index.php?rest_route=%2Fwp%2Fv2%2Fcomments&post=6655"}],"version-history":[{"count":0,"href":"https:\/\/jornalregionalms.com.br\/index.php?rest_route=\/wp\/v2\/posts\/6655\/revisions"}],"wp:featuredmedia":[{"embeddable":true,"href":"https:\/\/jornalregionalms.com.br\/index.php?rest_route=\/wp\/v2\/media\/6656"}],"wp:attachment":[{"href":"https:\/\/jornalregionalms.com.br\/index.php?rest_route=%2Fwp%2Fv2%2Fmedia&parent=6655"}],"wp:term":[{"taxonomy":"category","embeddable":true,"href":"https:\/\/jornalregionalms.com.br\/index.php?rest_route=%2Fwp%2Fv2%2Fcategories&post=6655"},{"taxonomy":"post_tag","embeddable":true,"href":"https:\/\/jornalregionalms.com.br\/index.php?rest_route=%2Fwp%2Fv2%2Ftags&post=6655"}],"curies":[{"name":"wp","href":"https:\/\/api.w.org\/{rel}","templated":true}]}}