{"id":6651,"date":"2025-10-26T08:36:25","date_gmt":"2025-10-26T12:36:25","guid":{"rendered":"https:\/\/jornalregionalms.com.br\/?p=6651"},"modified":"2025-10-26T08:36:25","modified_gmt":"2025-10-26T12:36:25","slug":"cni-encontro-lula-trump-representa-avanco-concreto-em-negociacoes","status":"publish","type":"post","link":"https:\/\/jornalregionalms.com.br\/?p=6651","title":{"rendered":"CNI: encontro Lula-Trump representa &#8220;avan\u00e7o concreto&#8221; em negocia\u00e7\u00f5es"},"content":{"rendered":"<\/p>\n<p><a class=\"\" href=\"https:\/\/agenciabrasil.ebc.com.br\/economia\/noticia\/2025-10\/cni-encontro-lula-trump-representa-avanco-concreto-em-negociacoes\"><br \/>\n                    <img decoding=\"async\" src=\"https:\/\/cdn.jsdelivr.net\/gh\/sergiosdlima\/assets-ebc@1.0.0\/abr\/assets\/images\/logo-agenciabrasil.svg\" alt=\"Logo Ag\u00eancia Brasil\"><br \/>\n\t\t\t\t<\/a><\/p>\n<p><strong>A Confedera\u00e7\u00e3o Nacional de Ind\u00fastria (CNI) declarou neste domingo (26) que a reuni\u00e3o entre o presidente Luiz In\u00e1cio Lula da Silva e o presidente dos Estados Unidos, Donald Trump, representa um \u201cavan\u00e7o concreto\u201d na tentativa de suspens\u00e3o do tarifa\u00e7o contra as exporta\u00e7\u00f5es brasileiras.<\/strong><img decoding=\"async\" src=\"https:\/\/agenciabrasil.ebc.com.br\/ebc.png?id=1664566&#038;o=rss\"><img decoding=\"async\" src=\"https:\/\/agenciabrasil.ebc.com.br\/ebc.gif?id=1664566&#038;o=rss\"><\/p>\n<p>Em nota \u00e0 imprensa, o presidente da entidade, Ricardo Alban, disse que o in\u00edcio do di\u00e1logo entre os dois pa\u00edses \u00e9 um passo importante para a retomada das exporta\u00e7\u00f5es.<\/p>\n<blockquote>\n<h3>Not\u00edcias relacionadas:<\/h3>\n<ul>\n<li><a href=\"https:\/\/agenciabrasil.ebc.com.br\/internacional\/noticia\/2025-10\/nas-redes-sociais-lula-comenta-otima-reuniao-com-trump-na-malasia\">Nas redes sociais, Lula comenta &#8220;\u00f3tima reuni\u00e3o&#8221; com Trump na Mal\u00e1sia.<\/a><\/li>\n<li><a href=\"https:\/\/agenciabrasil.ebc.com.br\/internacional\/noticia\/2025-10\/reunioes-para-suspender-tarifaco-comecam-ainda-hoje-diz-mauro-vieira\">Reuni\u00f5es para suspender tarifa\u00e7o come\u00e7am ainda hoje, diz Mauro Vieira.<\/a><\/li>\n<li><a href=\"https:\/\/agenciabrasil.ebc.com.br\/internacional\/noticia\/2025-10\/lula-se-reune-com-trump-na-malasia-e-discute-relacoes-entre-brasil-eua\">Lula se re\u00fane com Trump na Mal\u00e1sia e discute rela\u00e7\u00f5es entre Brasil-EUA.<\/a><\/li>\n<\/ul>\n<p>\u201cO an\u00fancio do in\u00edcio das negocia\u00e7\u00f5es sobre o tarifa\u00e7o, com disposi\u00e7\u00e3o real das duas partes para alcan\u00e7ar um acordo, \u00e9 um passo relevante. Acreditamos que teremos uma solu\u00e7\u00e3o que vai devolver previsibilidade e competitividade \u00e0s exporta\u00e7\u00f5es brasileiras, fortalecendo a ind\u00fastria e o emprego no pa\u00eds\u201d, declarou.\n<\/p><\/blockquote>\n<p>Ap\u00f3s o encontro entre Lula e Trump, o ministro das Rela\u00e7\u00f5es Exteriores, Mauro Vieira, confirmou que a primeira reuni\u00e3o entre as diplomacias do Brasil e dos Estados Unidos para revis\u00e3o do tarifa\u00e7o <a href=\"https:\/\/agenciabrasil.ebc.com.br\/internacional\/noticia\/2025-10\/reunioes-para-suspender-tarifaco-comecam-ainda-hoje-diz-mauro-vieira\" target=\"_blank\">ocorrer\u00e1 ainda neste domingo<\/a>.<\/p>\n<p>As negocia\u00e7\u00f5es ser\u00e3o conduzidas pelo pr\u00f3prio chanceler, que ter\u00e1 aux\u00edlio do secret\u00e1rio-executivo do Minist\u00e9rio do Desenvolvimento, Ind\u00fastria, Com\u00e9rcio e Servi\u00e7os, M\u00e1rcio Fernando Elias Rosa. Pelo lado norte-americano, as negocia\u00e7\u00f5es ser\u00e3o conduzidas pelo secret\u00e1rio de Estado, Marco Rubio, e o secret\u00e1rio do Tesouro, Scott Bessent.<\/p>\n<p>Em julho deste ano, Trump anunciou um tarifa\u00e7o de 50% sobre todos os produtos brasileiros que s\u00e3o exportados para os Estados Unidos. Em seguida, ministros do governo brasileiro e do Supremo Tribunal Federal (STF) tamb\u00e9m foram alvo da revoga\u00e7\u00e3o de vistos de viagem e outras san\u00e7\u00f5es pela administra\u00e7\u00e3o norte-americana.\u00a0<\/p>\n","protected":false},"excerpt":{"rendered":"<p>A Confedera\u00e7\u00e3o Nacional de Ind\u00fastria (CNI) declarou neste domingo (26) que a reuni\u00e3o entre o presidente Luiz In\u00e1cio Lula da Silva e o presidente dos Estados Unidos, Donald Trump, representa um \u201cavan\u00e7o concreto\u201d na tentativa de suspens\u00e3o do tarifa\u00e7o contra as exporta\u00e7\u00f5es brasileiras. Em nota \u00e0 imprensa, o presidente da entidade, Ricardo Alban, disse que [&hellip;]<\/p>\n","protected":false},"author":28,"featured_media":6652,"comment_status":"open","ping_status":"open","sticky":false,"template":"","format":"standard","meta":{"site-sidebar-layout":"default","site-content-layout":"","ast-site-content-layout":"","site-content-style":"default","site-sidebar-style":"default","ast-global-header-display":"","ast-banner-title-visibility":"","ast-main-header-display":"","ast-hfb-above-header-display":"","ast-hfb-below-header-display":"","ast-hfb-mobile-header-display":"","site-post-title":"","ast-breadcrumbs-content":"","ast-featured-img":"","footer-sml-layout":"","theme-transparent-header-meta":"","adv-header-id-meta":"","stick-header-meta":"","header-above-stick-meta":"","header-main-stick-meta":"","header-below-stick-meta":"","astra-migrate-meta-layouts":"default","ast-page-background-enabled":"default","ast-page-background-meta":{"desktop":{"background-color":"var(--ast-global-color-4)","background-image":"","background-repeat":"repeat","background-position":"center center","background-size":"auto","background-attachment":"scroll","background-type":"","background-media":"","overlay-type":"","overlay-color":"","overlay-opacity":"","overlay-gradient":""},"tablet":{"background-color":"","background-image":"","background-repeat":"repeat","background-position":"center center","background-size":"auto","background-attachment":"scroll","background-type":"","background-media":"","overlay-type":"","overlay-color":"","overlay-opacity":"","overlay-gradient":""},"mobile":{"background-color":"","background-image":"","background-repeat":"repeat","background-position":"center center","background-size":"auto","background-attachment":"scroll","background-type":"","background-media":"","overlay-type":"","overlay-color":"","overlay-opacity":"","overlay-gradient":""}},"ast-content-background-meta":{"desktop":{"background-color":"var(--ast-global-color-5)","background-image":"","background-repeat":"repeat","background-position":"center center","background-size":"auto","background-attachment":"scroll","background-type":"","background-media":"","overlay-type":"","overlay-color":"","overlay-opacity":"","overlay-gradient":""},"tablet":{"background-color":"var(--ast-global-color-5)","background-image":"","background-repeat":"repeat","background-position":"center center","background-size":"auto","background-attachment":"scroll","background-type":"","background-media":"","overlay-type":"","overlay-color":"","overlay-opacity":"","overlay-gradient":""},"mobile":{"background-color":"var(--ast-global-color-5)","background-image":"","background-repeat":"repeat","background-position":"center center","background-size":"auto","background-attachment":"scroll","background-type":"","background-media":"","overlay-type":"","overlay-color":"","overlay-opacity":"","overlay-gradient":""}},"footnotes":""},"categories":[126],"tags":[],"class_list":["post-6651","post","type-post","status-publish","format-standard","has-post-thumbnail","hentry","category-policial"],"_links":{"self":[{"href":"https:\/\/jornalregionalms.com.br\/index.php?rest_route=\/wp\/v2\/posts\/6651","targetHints":{"allow":["GET"]}}],"collection":[{"href":"https:\/\/jornalregionalms.com.br\/index.php?rest_route=\/wp\/v2\/posts"}],"about":[{"href":"https:\/\/jornalregionalms.com.br\/index.php?rest_route=\/wp\/v2\/types\/post"}],"author":[{"embeddable":true,"href":"https:\/\/jornalregionalms.com.br\/index.php?rest_route=\/wp\/v2\/users\/28"}],"replies":[{"embeddable":true,"href":"https:\/\/jornalregionalms.com.br\/index.php?rest_route=%2Fwp%2Fv2%2Fcomments&post=6651"}],"version-history":[{"count":0,"href":"https:\/\/jornalregionalms.com.br\/index.php?rest_route=\/wp\/v2\/posts\/6651\/revisions"}],"wp:featuredmedia":[{"embeddable":true,"href":"https:\/\/jornalregionalms.com.br\/index.php?rest_route=\/wp\/v2\/media\/6652"}],"wp:attachment":[{"href":"https:\/\/jornalregionalms.com.br\/index.php?rest_route=%2Fwp%2Fv2%2Fmedia&parent=6651"}],"wp:term":[{"taxonomy":"category","embeddable":true,"href":"https:\/\/jornalregionalms.com.br\/index.php?rest_route=%2Fwp%2Fv2%2Fcategories&post=6651"},{"taxonomy":"post_tag","embeddable":true,"href":"https:\/\/jornalregionalms.com.br\/index.php?rest_route=%2Fwp%2Fv2%2Ftags&post=6651"}],"curies":[{"name":"wp","href":"https:\/\/api.w.org\/{rel}","templated":true}]}}