{"id":6649,"date":"2025-10-26T08:36:21","date_gmt":"2025-10-26T12:36:21","guid":{"rendered":"https:\/\/jornalregionalms.com.br\/?p=6649"},"modified":"2025-10-26T08:36:21","modified_gmt":"2025-10-26T12:36:21","slug":"flamengo-tropeca-e-palmeiras-pode-abrir-na-lideranca-do-brasileirao","status":"publish","type":"post","link":"https:\/\/jornalregionalms.com.br\/?p=6649","title":{"rendered":"Flamengo trope\u00e7a e Palmeiras pode abrir na lideran\u00e7a do Brasileir\u00e3o"},"content":{"rendered":"<p>O torcedor do Flamengo esperava acordar na lideran\u00e7a provis\u00f3ria do Campeonato Brasileiro. Faltou, por\u00e9m, combinar com o Fortaleza. A derrota rubro-negra para o Le\u00e3o do Pici, por 1 a 0, na noite de s\u00e1bado (25), na Arena Castel\u00e3o, foi comemorada tamb\u00e9m pelo Palmeiras, que n\u00e3o apenas manteve o primeiro lugar como pode abrir dist\u00e2ncia na ponta da tabela ainda neste domingo (26).<img decoding=\"async\" src=\"https:\/\/agenciabrasil.ebc.com.br\/ebc.png?id=1664561&#038;o=rss\"><img decoding=\"async\" src=\"https:\/\/agenciabrasil.ebc.com.br\/ebc.gif?id=1664561&#038;o=rss\"><\/p>\n<p>\u00a0<\/p>\n<p>A equipe carioca tem os mesmos 61 pontos do Verd\u00e3o, mas fica atr\u00e1s pelo n\u00famero de vit\u00f3rias. \u00c0s 20h30 (hor\u00e1rio de Bras\u00edlia), o Alviverde recebe o Cruzeiro, terceiro colocado, no Allianz Parque, em S\u00e3o Paulo. Em caso de triunfo, a equipe paulista recupera a vantagem de tr\u00eas pontos que tinha para o rival antes desta 30\u00aa rodada. J\u00e1 os mineiros, se vencerem, diminuem para dois pontos a diferen\u00e7a para Palmeiras e Flamengo e deixam a briga pelo t\u00edtulo mais embolada.<\/p>\n<p>\u00a0<\/p>\n<p>O Fortaleza, por sua vez, ganhou respiro na luta pela perman\u00eancia na elite do Brasileir\u00e3o. A equipe cearense foi a 27 pontos, no 18\u00ba lugar, a quatro pontos do Santos, primeiro time fora da zona de rebaixamento, que re\u00fane as quatro piores campanhas da competi\u00e7\u00e3o (o chamado Z-4). O Le\u00e3o do Pici pode ser ultrapassado pelo Juventude (26 pontos), que visita o Gr\u00eamio neste domingo, \u00e0s 16h, na Arena tricolor, em Porto Alegre.<\/p>\n<p>\u00a0<\/p>\n<p>O gol da vit\u00f3ria dos anfitri\u00f5es saiu aos 11 minutos do primeiro tempo, com Breno Lopes. O atacante &#8211; ironicamente, ex-Palmeiras &#8211; recebeu na intermedi\u00e1ria pela direita, avan\u00e7ou e chutou rasteiro e cruzado, de fora da \u00e1rea, no canto esquerdo do goleiro Agust\u00edn Rossi. O Flamengo pressionou atr\u00e1s da virada ou, pelo menos, do empate, mas o Tricolor resistiu e garantiu os tr\u00eas pontos, para del\u00edrio da torcida local &#8211; e do Palmeiras.<\/p>\n<p>\u00a0<\/p>\n<p><strong>Mais jogos de s\u00e1bado<\/strong><\/p>\n<p>\u00a0<\/p>\n<p>Quem tamb\u00e9m comemorou o resultado da Arena Castel\u00e3o foi o Mirassol. Sensa\u00e7\u00e3o do Brasileir\u00e3o, os paulistas bateram o Sport por 2 a 1 na Ilha do Retiro, em Recife. O Le\u00e3o do interior, ca\u00e7ula da S\u00e9rie A e quarto colocado, chegou a 55 pontos e est\u00e1 a seis de Flamengo e Palmeiras &#8211; mas com um jogo a mais que o Rubro-Negro carioca e dois a mais que o Verd\u00e3o. Os pernambucanos, com 17 pontos, continuam na \u00faltima posi\u00e7\u00e3o.<\/p>\n<p>\u00a0<\/p>\n<p>O Sport perdeu o meia Matheusinho logo aos 20 minutos, expulso. Sete minutos depois, o Mirassol aproveitou a vantagem num\u00e9rica e saiu na frente com Negueba. Os donos da casa conseguiram igualar aos 37, com o tamb\u00e9m atacante Derik Lacerda, de cabe\u00e7a. Logo no primeiro minuto do segundo tempo, por\u00e9m, o meia Guilherme Marques deu o triunfo aos paulistas.<\/p>\n<p>\u00a0<\/p>\n<p>O Cear\u00e1, por sua vez, lamentou a vit\u00f3ria do Fortaleza. E n\u00e3o somente pela rivalidade. \u00c9 que o Voz\u00e3o perdeu do Atl\u00e9tico-MG por 1 a 0, em confronto direto para se distanciar do Z-4. O volante Alan Franco balan\u00e7ou as redes da Arena MRV, em Belo Horizonte, aos 23 segundos do primeiro tempo, marcando o gol mais r\u00e1pido do Brasileir\u00e3o. O Galo agora tem 36 pontos e subiu para 12\u00ba. O Alvinegro cearense, com 35 pontos, caiu para 14\u00ba.<\/p>\n<p>\u00a0<\/p>\n<p>Outro time em situa\u00e7\u00e3o complicada no Brasileir\u00e3o \u00e9 o Internacional, superado pelo Fluminense por 1 a 0 no Maracan\u00e3. O lateral Samuel Xavier, aos 15 minutos do segundo tempo, fez o gol da vit\u00f3ria tricolor no Rio de Janeiro. Os cariocas foram a 44 pontos, em s\u00e9timo, a dois pontos do Botafogo, \u00faltima equipe na zona de classifica\u00e7\u00e3o \u00e0 pr\u00f3xima Libertadores, que envolve os seis primeiros colocados (o chamado G-6). O Colorado, com 35 pontos, continua perto do Z-4, na 15\u00aa posi\u00e7\u00e3o.<\/p>\n<p>\u00a0<\/p>\n<p>Primeiro time dentro do Z-4, o Vit\u00f3ria teve a chance de dormir fora da zona de rebaixamento, mas foi derrotado em casa pelo Corinthians, por 1 a 0. O Tim\u00e3o teve Breno Bidon expulso aos 33 minutos da etapa final, mas chegou ao triunfo no Barrad\u00e3o, em Salvador, mesmo com um a menos, com o gol do tamb\u00e9m volante Charles, aos 41.<\/p>\n<p>\u00a0<\/p>\n<p>O Alvinegro soma 39 pontos, na d\u00e9cima posi\u00e7\u00e3o. O Rubro-Negro baiano segue na 17\u00aa posi\u00e7\u00e3o, com os mesmos 31 pontos do Santos, mas ficando atr\u00e1s por ter uma vit\u00f3ria a menos. Neste domingo, o Peixe encara o Botafogo \u00e0s 16h, no Est\u00e1dio Nilton Santos, no Rio de Janeiro, e pode aproveitar a derrota do Le\u00e3o para se afastar do Z-4. O jogo ser\u00e1 transmitido ao vivo pela R\u00e1dio Nacional.<\/p>\n<p>\u00a0<\/p>\n<p>Na \u00faltima partida de s\u00e1bado, o S\u00e3o Paulo freou a sequ\u00eancia de tr\u00eas derrotas seguidas e venceu o Bahia por 2 a 0, no Morumbis. O atacante Luciano &#8211; que chegou ao cent\u00e9simo gol pelo clube &#8211; e o volante Dami\u00e1n Bobadilla marcaram para o time da capital paulista, que foi a 41 pontos, na oitava posi\u00e7\u00e3o. O Esquadr\u00e3o de A\u00e7o, que buscava a terceira vit\u00f3ria consecutiva, permanece com 49 pontos, em quinto.<\/p>\n","protected":false},"excerpt":{"rendered":"<p>O torcedor do Flamengo esperava acordar na lideran\u00e7a provis\u00f3ria do Campeonato Brasileiro. Faltou, por\u00e9m, combinar com o Fortaleza. A derrota rubro-negra para o Le\u00e3o do Pici, por 1 a 0, na noite de s\u00e1bado (25), na Arena Castel\u00e3o, foi comemorada tamb\u00e9m pelo Palmeiras, que n\u00e3o apenas manteve o primeiro lugar como pode abrir dist\u00e2ncia na [&hellip;]<\/p>\n","protected":false},"author":96,"featured_media":6650,"comment_status":"open","ping_status":"open","sticky":false,"template":"","format":"standard","meta":{"site-sidebar-layout":"default","site-content-layout":"","ast-site-content-layout":"","site-content-style":"default","site-sidebar-style":"default","ast-global-header-display":"","ast-banner-title-visibility":"","ast-main-header-display":"","ast-hfb-above-header-display":"","ast-hfb-below-header-display":"","ast-hfb-mobile-header-display":"","site-post-title":"","ast-breadcrumbs-content":"","ast-featured-img":"","footer-sml-layout":"","theme-transparent-header-meta":"","adv-header-id-meta":"","stick-header-meta":"","header-above-stick-meta":"","header-main-stick-meta":"","header-below-stick-meta":"","astra-migrate-meta-layouts":"default","ast-page-background-enabled":"default","ast-page-background-meta":{"desktop":{"background-color":"var(--ast-global-color-4)","background-image":"","background-repeat":"repeat","background-position":"center center","background-size":"auto","background-attachment":"scroll","background-type":"","background-media":"","overlay-type":"","overlay-color":"","overlay-opacity":"","overlay-gradient":""},"tablet":{"background-color":"","background-image":"","background-repeat":"repeat","background-position":"center center","background-size":"auto","background-attachment":"scroll","background-type":"","background-media":"","overlay-type":"","overlay-color":"","overlay-opacity":"","overlay-gradient":""},"mobile":{"background-color":"","background-image":"","background-repeat":"repeat","background-position":"center center","background-size":"auto","background-attachment":"scroll","background-type":"","background-media":"","overlay-type":"","overlay-color":"","overlay-opacity":"","overlay-gradient":""}},"ast-content-background-meta":{"desktop":{"background-color":"var(--ast-global-color-5)","background-image":"","background-repeat":"repeat","background-position":"center center","background-size":"auto","background-attachment":"scroll","background-type":"","background-media":"","overlay-type":"","overlay-color":"","overlay-opacity":"","overlay-gradient":""},"tablet":{"background-color":"var(--ast-global-color-5)","background-image":"","background-repeat":"repeat","background-position":"center center","background-size":"auto","background-attachment":"scroll","background-type":"","background-media":"","overlay-type":"","overlay-color":"","overlay-opacity":"","overlay-gradient":""},"mobile":{"background-color":"var(--ast-global-color-5)","background-image":"","background-repeat":"repeat","background-position":"center center","background-size":"auto","background-attachment":"scroll","background-type":"","background-media":"","overlay-type":"","overlay-color":"","overlay-opacity":"","overlay-gradient":""}},"footnotes":""},"categories":[1],"tags":[],"class_list":["post-6649","post","type-post","status-publish","format-standard","has-post-thumbnail","hentry","category-sem-categoria"],"_links":{"self":[{"href":"https:\/\/jornalregionalms.com.br\/index.php?rest_route=\/wp\/v2\/posts\/6649","targetHints":{"allow":["GET"]}}],"collection":[{"href":"https:\/\/jornalregionalms.com.br\/index.php?rest_route=\/wp\/v2\/posts"}],"about":[{"href":"https:\/\/jornalregionalms.com.br\/index.php?rest_route=\/wp\/v2\/types\/post"}],"author":[{"embeddable":true,"href":"https:\/\/jornalregionalms.com.br\/index.php?rest_route=\/wp\/v2\/users\/96"}],"replies":[{"embeddable":true,"href":"https:\/\/jornalregionalms.com.br\/index.php?rest_route=%2Fwp%2Fv2%2Fcomments&post=6649"}],"version-history":[{"count":0,"href":"https:\/\/jornalregionalms.com.br\/index.php?rest_route=\/wp\/v2\/posts\/6649\/revisions"}],"wp:featuredmedia":[{"embeddable":true,"href":"https:\/\/jornalregionalms.com.br\/index.php?rest_route=\/wp\/v2\/media\/6650"}],"wp:attachment":[{"href":"https:\/\/jornalregionalms.com.br\/index.php?rest_route=%2Fwp%2Fv2%2Fmedia&parent=6649"}],"wp:term":[{"taxonomy":"category","embeddable":true,"href":"https:\/\/jornalregionalms.com.br\/index.php?rest_route=%2Fwp%2Fv2%2Fcategories&post=6649"},{"taxonomy":"post_tag","embeddable":true,"href":"https:\/\/jornalregionalms.com.br\/index.php?rest_route=%2Fwp%2Fv2%2Ftags&post=6649"}],"curies":[{"name":"wp","href":"https:\/\/api.w.org\/{rel}","templated":true}]}}