{"id":6647,"date":"2025-10-26T08:36:22","date_gmt":"2025-10-26T12:36:22","guid":{"rendered":"https:\/\/jornalregionalms.com.br\/?p=6647"},"modified":"2025-10-26T08:36:22","modified_gmt":"2025-10-26T12:36:22","slug":"radio-nacional-acompanha-botafogo-x-santos-ao-vivo-neste-domingo","status":"publish","type":"post","link":"https:\/\/jornalregionalms.com.br\/?p=6647","title":{"rendered":"R\u00e1dio Nacional acompanha Botafogo x Santos ao vivo neste domingo"},"content":{"rendered":"<\/p>\n<p><a class=\"\" href=\"https:\/\/agenciabrasil.ebc.com.br\/esportes\/noticia\/2025-10\/radio-nacional-acompanha-botafogo-x-santos-ao-vivo-neste-domingo\"><br \/>\n                    <img decoding=\"async\" src=\"https:\/\/cdn.jsdelivr.net\/gh\/sergiosdlima\/assets-ebc@1.0.0\/abr\/assets\/images\/logo-agenciabrasil.svg\" alt=\"Logo Ag\u00eancia Brasil\"><br \/>\n\t\t\t\t<\/a><\/p>\n<p>O confronto entre Botafogo e Santos, pela 30\u00aa\u00a0rodada da\u00a0S\u00e9rie A\u00a0do\u00a0Campeonato Brasileiro, ser\u00e1 transmitido\u00a0ao vivo, neste domingo (26), \u00e0s 16h, na\u00a0<strong>R\u00e1dio Nacional<\/strong>. A jornada esportiva na faixa\u00a0Show de Bola Nacional\u00a0come\u00e7a meia hora antes do in\u00edcio da partida, com not\u00edcias sobre as equipes, detalhes da escala\u00e7\u00e3o dos times e a tabela atualizada dos clubes na competi\u00e7\u00e3o.\u00a0<img decoding=\"async\" src=\"https:\/\/agenciabrasil.ebc.com.br\/ebc.png?id=1664164&#038;o=rss\"><img decoding=\"async\" src=\"https:\/\/agenciabrasil.ebc.com.br\/ebc.gif?id=1664164&#038;o=rss\"><\/p>\n<p><strong>A transmiss\u00e3o da partida entra no ar para parte da rede em AM e OC, al\u00e9m do FM no Rio de Janeiro e no Alto Solim\u00f5es<\/strong>. A Nacional FM nas demais pra\u00e7as segue com o conte\u00fado musical. O ouvinte pode ficar ligado nas produ\u00e7\u00f5es preferidas pelo dial, no app\u00a0R\u00e1dios EBC\u00a0e no\u00a0site da emissora. Os \u00e1udios ainda est\u00e3o dispon\u00edveis em tempo real por <em>streaming<\/em> nas duas plataformas.<\/p>\n<\/p>\n<h3>Not\u00edcias relacionadas:<\/h3>\n<ul>\n<li><a href=\"https:\/\/agenciabrasil.ebc.com.br\/esportes\/noticia\/2025-10\/apostas-ilegais-atleta-e-tecnico-de-times-da-nba-sao-presos-pelo-fbi\">Apostas ilegais: atleta e t\u00e9cnico de times da NBA s\u00e3o presos pelo FBI.<\/a><\/li>\n<li><a href=\"https:\/\/agenciabrasil.ebc.com.br\/esportes\/noticia\/2025-10\/mercosul-ganha-rota-turistica-de-futebol\">Mercosul ganha Rota Tur\u00edstica de Futebol.<\/a><\/li>\n<li><a href=\"https:\/\/agenciabrasil.ebc.com.br\/esportes\/noticia\/2025-10\/cbf-sorteia-mandos-de-campo-das-semifinais-da-copa-do-brasil\">CBF sorteia mandos de campo das semifinais da Copa do Brasil.<\/a><\/li>\n<\/ul>\n<p><strong>O duelo entre Botafogo e Santos acontece no est\u00e1dio Nilton Santos, o Engenh\u00e3o, no Rio de Janeiro<\/strong>. Para esta cobertura, a Nacional escalou Luciana Zogaib na locu\u00e7\u00e3o e Rodrigo Ricardo nos coment\u00e1rios. Brenda Balbi atua na reportagem e no plant\u00e3o da informa\u00e7\u00e3o.\u00a0<\/p>\n<p><strong>At\u00e9 agora, o Botafogo ocupa a sexta posi\u00e7\u00e3o na tabela do torneio, com 46 pontos. J\u00e1 o Santos soma 31 pontos e est\u00e1 em 16o lugar na competi\u00e7\u00e3o<\/strong>.<\/p>\n<h2>Informa\u00e7\u00f5es sobre o Campeonato Brasileiro<\/h2>\n<p>O Campeonato Brasileiro \u00e9 a liga brasileira de futebol profissional entre clubes do Brasil, sendo a principal competi\u00e7\u00e3o futebol\u00edstica no pa\u00eds. Por meio da disputa, s\u00e3o indicados os representantes brasileiros para a Copa Libertadores da Am\u00e9rica (juntamente com o campe\u00e3o da Copa do Brasil).<\/p>\n<p>Vinte clubes participam do torneio. <strong>No decorrer da temporada, cada time joga duas vezes contra os outros (em um sistema de pontos corridos), uma vez em seu est\u00e1dio e a outra no de seu advers\u00e1rio, em um total de 38 jogos<\/strong>.\u00a0<\/p>\n<p>As equipes recebem tr\u00eas pontos por vit\u00f3ria e um por empate. Os clubes s\u00e3o classificados pelo total de pontos, depois pelo saldo de gols e, em seguida, pelos gols marcados. Em caso de empate entre dois ou mais times, os crit\u00e9rios de desempate s\u00e3o: maior n\u00famero de vit\u00f3rias; maior saldo de gols; maior n\u00famero de gols pr\u00f3; confronto direto; menor n\u00famero de cart\u00f5es vermelhos recebidos; e menor n\u00famero de cart\u00f5es amarelos recebidos.<\/p>\n<h2>Cobertura esportiva da Nacional<\/h2>\n<p>Esporte que \u00e9 paix\u00e3o do povo brasileiro, o futebol \u00e9 um dos destaques da programa\u00e7\u00e3o da R\u00e1dio Nacional, emissora p\u00fablica refer\u00eancia em transmiss\u00f5es de partidas no pa\u00eds h\u00e1 d\u00e9cadas. <strong>Os jogos das principais competi\u00e7\u00f5es e as not\u00edcias mais importantes t\u00eam espa\u00e7o nas jornadas esportivas di\u00e1rias<\/strong>.<\/p>\n<p>A Nacional apresenta, ao vivo, v\u00e1rios duelos de diversos campeonatos. Os torcedores podem ficar ligados pelo r\u00e1dio, site ou <em>streaming<\/em> para acompanhar as emo\u00e7\u00f5es das disputas entre os maiores clubes brasileiros.<strong> O destaque de janeiro \u00e9 o estadual do Rio de Janeiro em dias e hor\u00e1rios diversos, de acordo com a tabela da competi\u00e7\u00e3o<\/strong>.<\/p>\n<p>Antes e depois dos confrontos, o ouvinte se informa sobre a prepara\u00e7\u00e3o das equipes e a repercuss\u00e3o do placar nas ondas da Nacional. A an\u00e1lise sobre os resultados da rodada ainda ganha janela di\u00e1ria para um rico debate em produ\u00e7\u00f5es consagradas no radiojornalismo esportivo. O tradicional programa No Mundo da Bola tem edi\u00e7\u00f5es de segunda a sexta, ao vivo, \u00e0s 18h, com 30 minutos.<\/p>\n<p>Durante a programa\u00e7\u00e3o da emissora p\u00fablica, as atra\u00e7\u00f5es tamb\u00e9m trazem a participa\u00e7\u00e3o do time de esportes com informa\u00e7\u00f5es atualizadas.<strong> A ideia \u00e9 oferecer ao p\u00fablico notici\u00e1rio preciso, conte\u00fado relevante, coment\u00e1rios embasados e opini\u00e3o fundamentada sobre o que acontece de mais recente no futebol do pa\u00eds e no exterior<\/strong>.<\/p>\n<h2>Saiba como sintonizar a R\u00e1dio Nacional<\/h2>\n<p>Bras\u00edlia: FM 96,1 MHz e AM 980 Khz<\/p>\n<p>Rio de Janeiro: FM 87,1 MHz e AM 1130 kHz<\/p>\n<p>S\u00e3o Paulo: FM 87,1 MHz<\/p>\n<p>Recife: FM 87,1 MHz<\/p>\n<p>S\u00e3o Lu\u00eds: FM 93,7 MHz<\/p>\n<p>Amaz\u00f4nia: 11.780KHz e 6.180KHz OC<\/p>\n<p>Alto Solim\u00f5es: FM 96,1 MHz<\/p>\n","protected":false},"excerpt":{"rendered":"<p>O confronto entre Botafogo e Santos, pela 30\u00aa\u00a0rodada da\u00a0S\u00e9rie A\u00a0do\u00a0Campeonato Brasileiro, ser\u00e1 transmitido\u00a0ao vivo, neste domingo (26), \u00e0s 16h, na\u00a0R\u00e1dio Nacional. A jornada esportiva na faixa\u00a0Show de Bola Nacional\u00a0come\u00e7a meia hora antes do in\u00edcio da partida, com not\u00edcias sobre as equipes, detalhes da escala\u00e7\u00e3o dos times e a tabela atualizada dos clubes na competi\u00e7\u00e3o.\u00a0 A [&hellip;]<\/p>\n","protected":false},"author":185,"featured_media":6648,"comment_status":"open","ping_status":"open","sticky":false,"template":"","format":"standard","meta":{"site-sidebar-layout":"default","site-content-layout":"","ast-site-content-layout":"","site-content-style":"default","site-sidebar-style":"default","ast-global-header-display":"","ast-banner-title-visibility":"","ast-main-header-display":"","ast-hfb-above-header-display":"","ast-hfb-below-header-display":"","ast-hfb-mobile-header-display":"","site-post-title":"","ast-breadcrumbs-content":"","ast-featured-img":"","footer-sml-layout":"","theme-transparent-header-meta":"","adv-header-id-meta":"","stick-header-meta":"","header-above-stick-meta":"","header-main-stick-meta":"","header-below-stick-meta":"","astra-migrate-meta-layouts":"default","ast-page-background-enabled":"default","ast-page-background-meta":{"desktop":{"background-color":"var(--ast-global-color-4)","background-image":"","background-repeat":"repeat","background-position":"center center","background-size":"auto","background-attachment":"scroll","background-type":"","background-media":"","overlay-type":"","overlay-color":"","overlay-opacity":"","overlay-gradient":""},"tablet":{"background-color":"","background-image":"","background-repeat":"repeat","background-position":"center center","background-size":"auto","background-attachment":"scroll","background-type":"","background-media":"","overlay-type":"","overlay-color":"","overlay-opacity":"","overlay-gradient":""},"mobile":{"background-color":"","background-image":"","background-repeat":"repeat","background-position":"center center","background-size":"auto","background-attachment":"scroll","background-type":"","background-media":"","overlay-type":"","overlay-color":"","overlay-opacity":"","overlay-gradient":""}},"ast-content-background-meta":{"desktop":{"background-color":"var(--ast-global-color-5)","background-image":"","background-repeat":"repeat","background-position":"center center","background-size":"auto","background-attachment":"scroll","background-type":"","background-media":"","overlay-type":"","overlay-color":"","overlay-opacity":"","overlay-gradient":""},"tablet":{"background-color":"var(--ast-global-color-5)","background-image":"","background-repeat":"repeat","background-position":"center center","background-size":"auto","background-attachment":"scroll","background-type":"","background-media":"","overlay-type":"","overlay-color":"","overlay-opacity":"","overlay-gradient":""},"mobile":{"background-color":"var(--ast-global-color-5)","background-image":"","background-repeat":"repeat","background-position":"center center","background-size":"auto","background-attachment":"scroll","background-type":"","background-media":"","overlay-type":"","overlay-color":"","overlay-opacity":"","overlay-gradient":""}},"footnotes":""},"categories":[1],"tags":[],"class_list":["post-6647","post","type-post","status-publish","format-standard","has-post-thumbnail","hentry","category-sem-categoria"],"_links":{"self":[{"href":"https:\/\/jornalregionalms.com.br\/index.php?rest_route=\/wp\/v2\/posts\/6647","targetHints":{"allow":["GET"]}}],"collection":[{"href":"https:\/\/jornalregionalms.com.br\/index.php?rest_route=\/wp\/v2\/posts"}],"about":[{"href":"https:\/\/jornalregionalms.com.br\/index.php?rest_route=\/wp\/v2\/types\/post"}],"author":[{"embeddable":true,"href":"https:\/\/jornalregionalms.com.br\/index.php?rest_route=\/wp\/v2\/users\/185"}],"replies":[{"embeddable":true,"href":"https:\/\/jornalregionalms.com.br\/index.php?rest_route=%2Fwp%2Fv2%2Fcomments&post=6647"}],"version-history":[{"count":0,"href":"https:\/\/jornalregionalms.com.br\/index.php?rest_route=\/wp\/v2\/posts\/6647\/revisions"}],"wp:featuredmedia":[{"embeddable":true,"href":"https:\/\/jornalregionalms.com.br\/index.php?rest_route=\/wp\/v2\/media\/6648"}],"wp:attachment":[{"href":"https:\/\/jornalregionalms.com.br\/index.php?rest_route=%2Fwp%2Fv2%2Fmedia&parent=6647"}],"wp:term":[{"taxonomy":"category","embeddable":true,"href":"https:\/\/jornalregionalms.com.br\/index.php?rest_route=%2Fwp%2Fv2%2Fcategories&post=6647"},{"taxonomy":"post_tag","embeddable":true,"href":"https:\/\/jornalregionalms.com.br\/index.php?rest_route=%2Fwp%2Fv2%2Ftags&post=6647"}],"curies":[{"name":"wp","href":"https:\/\/api.w.org\/{rel}","templated":true}]}}