{"id":6645,"date":"2025-10-25T20:34:11","date_gmt":"2025-10-26T00:34:11","guid":{"rendered":"https:\/\/jornalregionalms.com.br\/?p=6645"},"modified":"2025-10-25T20:34:11","modified_gmt":"2025-10-26T00:34:11","slug":"ebc-promove-debate-na-unb-para-marcar-18-anos-de-existencia","status":"publish","type":"post","link":"https:\/\/jornalregionalms.com.br\/?p=6645","title":{"rendered":"EBC promove debate na UnB para marcar 18 anos de exist\u00eancia"},"content":{"rendered":"<\/p>\n<p><a class=\"\" href=\"https:\/\/agenciabrasil.ebc.com.br\/geral\/noticia\/2025-10\/ebc-promove-debate-na-unb-para-marcar-18-anos-de-existencia\"><br \/>\n                    <img decoding=\"async\" src=\"https:\/\/cdn.jsdelivr.net\/gh\/sergiosdlima\/assets-ebc@1.0.0\/abr\/assets\/images\/logo-agenciabrasil.svg\" alt=\"Logo Ag\u00eancia Brasil\"><br \/>\n\t\t\t\t<\/a><\/p>\n<p>A <strong>Empresa Brasil de Comunica\u00e7\u00e3o<\/strong> (<strong>EBC<\/strong>) realiza na pr\u00f3xima ter\u00e7a-feira (28) um <strong>debate<\/strong> em parceria com a <strong>Universidade de Bras\u00edlia (UnB)<\/strong> para marcar os 1<strong>8 anos de cria\u00e7\u00e3o da empresa<\/strong>. O evento ocorrer\u00e1 \u00e0s 10h no Audit\u00f3rio Pompeu de Sousa da Faculdade de Comunica\u00e7\u00e3o (FAC) da UnB.<img decoding=\"async\" src=\"https:\/\/agenciabrasil.ebc.com.br\/ebc.png?id=1664379&#038;o=rss\"><img decoding=\"async\" src=\"https:\/\/agenciabrasil.ebc.com.br\/ebc.gif?id=1664379&#038;o=rss\"><\/p>\n<p>S\u00e3o presen\u00e7as confirmadas no encontro a primeira presidenta da <strong>EBC<\/strong>, Tereza Cruvinel; os ex-presidentes Ricardo Melo, Kariane Costa e H\u00e9lio Doyle; a ex-ministra da Secretaria de Comunica\u00e7\u00e3o da Presid\u00eancia da Rep\u00fablica (Secom\/PR) Helena Chagas; al\u00e9m do ex-presidente da Radiobr\u00e1s e professor da Universidade de S\u00e3o Paulo (USP), Eug\u00eanio Bucci, e do presidente do Comit\u00ea Editorial e de Programa\u00e7\u00e3o (Comep), Pedro Rafael Vilela.<\/p>\n<\/p>\n<h3>Not\u00edcias relacionadas:<\/h3>\n<ul>\n<li><a href=\"https:\/\/agenciabrasil.ebc.com.br\/direitos-humanos\/noticia\/2025-10\/ebc-define-recomendacao-sobre-tratamento-criancas-e-adolescentes\">EBC define recomenda\u00e7\u00e3o sobre tratamento a crian\u00e7as e adolescentes.<\/a><\/li>\n<li><a href=\"https:\/\/agenciabrasil.ebc.com.br\/geral\/noticia\/2025-10\/agencia-brasil-e-jornalistas-da-ebc-recebem-premio-na-area-de-economia\">Ag\u00eancia Brasil e jornalistas da EBC recebem pr\u00eamio na \u00e1rea de economia.<\/a><\/li>\n<li><a href=\"https:\/\/agenciabrasil.ebc.com.br\/geral\/noticia\/2025-10\/fotografos-se-despedem-da-ebc-apos-45-anos-na-comunicacao-publica\">Fot\u00f3grafos se despedem da EBC ap\u00f3s 45 anos na comunica\u00e7\u00e3o p\u00fablica.<\/a><\/li>\n<\/ul>\n<p>Tamb\u00e9m participam do evento a diretora da Faculdade de Comunica\u00e7\u00e3o da UnB Dione Moura e o professor Fernando Oliveira Paulino, coordenador do Laborat\u00f3rio de Pol\u00edticas de Comunica\u00e7\u00e3o (LaPCom) e presidente da Associa\u00e7\u00e3o Latino-Americana de Investigadores da Comunica\u00e7\u00e3o (ALAIC).<\/p>\n<blockquote>\n<p>\u201cA <strong>EBC <\/strong>volta para a universidade, onde cresceu o debate sobre comunica\u00e7\u00e3o p\u00fablica no pa\u00eds, para debater n\u00e3o s\u00f3 nossas origens, mas o futuro que precisamos construir, de uma empresa p\u00fablica relevante para a sociedade e essencial para a democracia em nosso pa\u00eds\u201d, afirma o atual presidente da empresa, Andr\u00e9 Basbaum.<\/p>\n<\/blockquote>\n<h2>Hist\u00f3rico<\/h2>\n<p>Em <strong>24 de outubro de 2007<\/strong>, um <strong>decreto presidencial cria a Empresa Brasil de Comunica\u00e7\u00e3o (EBC)<\/strong>. A empresa surge fruto do debate ocorrido no ano anterior no F\u00f3rum da TV P\u00fablica, realizado em 2006, com participa\u00e7\u00e3o do Minist\u00e9rio da Cultura e da Secretaria de Comunica\u00e7\u00e3o Social da Presid\u00eancia da Rep\u00fablica.<\/p>\n<p><strong>Criada a partir da fus\u00e3o das estruturas da TVE e da Radiobr\u00e1s, a EBC tamb\u00e9m herda o patrim\u00f4nio da comunica\u00e7\u00e3o p\u00fablica brasileira iniciada h\u00e1 mais de 100 anos<\/strong>, com a funda\u00e7\u00e3o da R\u00e1dio Sociedade no Rio, que se tornaria depois a <strong>R\u00e1dio MEC<\/strong>. Em 2025, a<strong> R\u00e1dio MEC<\/strong> completou 102 anos de exist\u00eancia.<\/p>\n<h2>Servi\u00e7o<\/h2>\n<p>O evento \u00e9 aberto ao p\u00fablico e \u00e0 comunidade acad\u00eamica mediante inscri\u00e7\u00e3o pelo <em>e-mail<\/em> cerimonial@ebc.com.br informando nome, \u00f3rg\u00e3o ou faculdade, CPF e telefone.<\/p>\n","protected":false},"excerpt":{"rendered":"<p>A Empresa Brasil de Comunica\u00e7\u00e3o (EBC) realiza na pr\u00f3xima ter\u00e7a-feira (28) um debate em parceria com a Universidade de Bras\u00edlia (UnB) para marcar os 18 anos de cria\u00e7\u00e3o da empresa. O evento ocorrer\u00e1 \u00e0s 10h no Audit\u00f3rio Pompeu de Sousa da Faculdade de Comunica\u00e7\u00e3o (FAC) da UnB. S\u00e3o presen\u00e7as confirmadas no encontro a primeira presidenta [&hellip;]<\/p>\n","protected":false},"author":62,"featured_media":6646,"comment_status":"open","ping_status":"open","sticky":false,"template":"","format":"standard","meta":{"site-sidebar-layout":"default","site-content-layout":"","ast-site-content-layout":"","site-content-style":"default","site-sidebar-style":"default","ast-global-header-display":"","ast-banner-title-visibility":"","ast-main-header-display":"","ast-hfb-above-header-display":"","ast-hfb-below-header-display":"","ast-hfb-mobile-header-display":"","site-post-title":"","ast-breadcrumbs-content":"","ast-featured-img":"","footer-sml-layout":"","theme-transparent-header-meta":"","adv-header-id-meta":"","stick-header-meta":"","header-above-stick-meta":"","header-main-stick-meta":"","header-below-stick-meta":"","astra-migrate-meta-layouts":"default","ast-page-background-enabled":"default","ast-page-background-meta":{"desktop":{"background-color":"var(--ast-global-color-4)","background-image":"","background-repeat":"repeat","background-position":"center center","background-size":"auto","background-attachment":"scroll","background-type":"","background-media":"","overlay-type":"","overlay-color":"","overlay-opacity":"","overlay-gradient":""},"tablet":{"background-color":"","background-image":"","background-repeat":"repeat","background-position":"center center","background-size":"auto","background-attachment":"scroll","background-type":"","background-media":"","overlay-type":"","overlay-color":"","overlay-opacity":"","overlay-gradient":""},"mobile":{"background-color":"","background-image":"","background-repeat":"repeat","background-position":"center center","background-size":"auto","background-attachment":"scroll","background-type":"","background-media":"","overlay-type":"","overlay-color":"","overlay-opacity":"","overlay-gradient":""}},"ast-content-background-meta":{"desktop":{"background-color":"var(--ast-global-color-5)","background-image":"","background-repeat":"repeat","background-position":"center center","background-size":"auto","background-attachment":"scroll","background-type":"","background-media":"","overlay-type":"","overlay-color":"","overlay-opacity":"","overlay-gradient":""},"tablet":{"background-color":"var(--ast-global-color-5)","background-image":"","background-repeat":"repeat","background-position":"center center","background-size":"auto","background-attachment":"scroll","background-type":"","background-media":"","overlay-type":"","overlay-color":"","overlay-opacity":"","overlay-gradient":""},"mobile":{"background-color":"var(--ast-global-color-5)","background-image":"","background-repeat":"repeat","background-position":"center center","background-size":"auto","background-attachment":"scroll","background-type":"","background-media":"","overlay-type":"","overlay-color":"","overlay-opacity":"","overlay-gradient":""}},"footnotes":""},"categories":[1],"tags":[],"class_list":["post-6645","post","type-post","status-publish","format-standard","has-post-thumbnail","hentry","category-sem-categoria"],"_links":{"self":[{"href":"https:\/\/jornalregionalms.com.br\/index.php?rest_route=\/wp\/v2\/posts\/6645","targetHints":{"allow":["GET"]}}],"collection":[{"href":"https:\/\/jornalregionalms.com.br\/index.php?rest_route=\/wp\/v2\/posts"}],"about":[{"href":"https:\/\/jornalregionalms.com.br\/index.php?rest_route=\/wp\/v2\/types\/post"}],"author":[{"embeddable":true,"href":"https:\/\/jornalregionalms.com.br\/index.php?rest_route=\/wp\/v2\/users\/62"}],"replies":[{"embeddable":true,"href":"https:\/\/jornalregionalms.com.br\/index.php?rest_route=%2Fwp%2Fv2%2Fcomments&post=6645"}],"version-history":[{"count":0,"href":"https:\/\/jornalregionalms.com.br\/index.php?rest_route=\/wp\/v2\/posts\/6645\/revisions"}],"wp:featuredmedia":[{"embeddable":true,"href":"https:\/\/jornalregionalms.com.br\/index.php?rest_route=\/wp\/v2\/media\/6646"}],"wp:attachment":[{"href":"https:\/\/jornalregionalms.com.br\/index.php?rest_route=%2Fwp%2Fv2%2Fmedia&parent=6645"}],"wp:term":[{"taxonomy":"category","embeddable":true,"href":"https:\/\/jornalregionalms.com.br\/index.php?rest_route=%2Fwp%2Fv2%2Fcategories&post=6645"},{"taxonomy":"post_tag","embeddable":true,"href":"https:\/\/jornalregionalms.com.br\/index.php?rest_route=%2Fwp%2Fv2%2Ftags&post=6645"}],"curies":[{"name":"wp","href":"https:\/\/api.w.org\/{rel}","templated":true}]}}