{"id":6643,"date":"2025-10-25T20:34:12","date_gmt":"2025-10-26T00:34:12","guid":{"rendered":"https:\/\/jornalregionalms.com.br\/?p=6643"},"modified":"2025-10-25T20:34:12","modified_gmt":"2025-10-26T00:34:12","slug":"belo-horizonte-passa-a-ter-dia-do-casamento-monogamico-cristao","status":"publish","type":"post","link":"https:\/\/jornalregionalms.com.br\/?p=6643","title":{"rendered":"Belo Horizonte passa a ter Dia do Casamento Monog\u00e2mico Crist\u00e3o"},"content":{"rendered":"<\/p>\n<p><a class=\"\" href=\"https:\/\/agenciabrasil.ebc.com.br\/geral\/noticia\/2025-10\/belo-horizonte-passa-ter-dia-do-casamento-monogamico-cristao\"><br \/>\n                    <img decoding=\"async\" src=\"https:\/\/cdn.jsdelivr.net\/gh\/sergiosdlima\/assets-ebc@1.0.0\/abr\/assets\/images\/logo-agenciabrasil.svg\" alt=\"Logo Ag\u00eancia Brasil\"><br \/>\n\t\t\t\t<\/a><\/p>\n<p>O prefeito de Belo Horizonte, \u00c1lvaro Dami\u00e3o, instituiu uma nova data comemorativa para o munic\u00edpio, o Dia Municipal da Fidelidade Conjugal e do Casamento Monog\u00e2mico Crist\u00e3o, a ser celebrado no dia 18 de maio. A nova lei foi publicada neste s\u00e1bado (25) no Di\u00e1rio Oficial de Belo Horizonte.<img decoding=\"async\" src=\"https:\/\/agenciabrasil.ebc.com.br\/ebc.png?id=1664500&#038;o=rss\"><img decoding=\"async\" src=\"https:\/\/agenciabrasil.ebc.com.br\/ebc.gif?id=1664500&#038;o=rss\"><\/p>\n<p>A data foi proposta em projeto de lei aprovado pela C\u00e2mara Municipal, de autoria do vereador Nen\u00e9m da Farm\u00e1cia (Mobiliza). <strong>Segundo o vereador, a escolha dessa data \u201cest\u00e1 relacionada ao desejo de destacar a import\u00e2ncia de valores fundamentais que sustentam muitas fam\u00edlias em nossa cidade. A fidelidade conjugal e o casamento monog\u00e2mico s\u00e3o pilares que, para grande parte da popula\u00e7\u00e3o, representam o alicerce de uma conviv\u00eancia saud\u00e1vel, estruturada e duradoura no contexto familiar\u201d, diz a justificativa da proposi\u00e7\u00e3o.<\/strong>\u00a0\u00a0<\/p>\n<\/p>\n<h3>Not\u00edcias relacionadas:<\/h3>\n<ul>\n<li><a href=\"https:\/\/agenciabrasil.ebc.com.br\/geral\/noticia\/2025-10\/ebc-promove-debate-na-unb-para-marcar-18-anos-de-existencia\">EBC promove debate na UnB para marcar 18 anos de exist\u00eancia.<\/a><\/li>\n<li><a href=\"https:\/\/agenciabrasil.ebc.com.br\/geral\/noticia\/2025-10\/anp-autoriza-funcionamento-parcial-da-refit\">ANP autoriza funcionamento parcial da Refit.<\/a><\/li>\n<li><a href=\"https:\/\/agenciabrasil.ebc.com.br\/geral\/noticia\/2025-10\/pf-pode-interromper-emissao-de-passaporte-por-falta-de-dinheiro\">PF pode interromper emiss\u00e3o de passaporte por falta de verba.<\/a><\/li>\n<\/ul>\n<p>O texto de Nen\u00e9m da Farm\u00e1cia diz ainda que, ao instituir essa data, \u201cbusca-se, principalmente, promover a reflex\u00e3o sobre o papel essencial da uni\u00e3o est\u00e1vel entre um homem e uma mulher, destacando os benef\u00edcios sociais dessa forma de relacionamento para a comunidade como um todo\u201d.<\/p>\n<p>Para a advogada especialista em direitos LGBTQIA+ e direito das fam\u00edlias, Bianca Figueira Santos, a lei aprovada no munic\u00edpio fere a Constitui\u00e7\u00e3o Federal e pode ser questionada na Justi\u00e7a.<\/p>\n<blockquote>\n<p>\u201cEssa lei \u00e9 preocupante porque, embora pare\u00e7a uma homenagem inofensiva a valores familiares, ela fere princ\u00edpios fundamentais da Constitui\u00e7\u00e3o, como o da laicidade do Estado e o da igualdade entre os cidad\u00e3os. Ao criar uma data oficial para celebrar apenas o casamento crist\u00e3o, monog\u00e2mico e heterossexual, o poder p\u00fablico exclui e desvaloriza outras formas leg\u00edtimas de fam\u00edlia, amor e f\u00e9 que tamb\u00e9m existem e s\u00e3o reconhecidas pela sociedade e pela Justi\u00e7a brasileira\u201d, afirma.<\/p>\n<\/blockquote>\n<p><strong>De acordo com a advogada, o impacto simb\u00f3lico da nova data \u00e9 grande e negativo. Ela ressalta que, desde 2011, o Supremo Tribunal Federal (STF) reconhece as uni\u00f5es est\u00e1veis homoafetivas como entidades familiares, e o casamento civil entre pessoas do mesmo sexo \u00e9 uma realidade no Brasil.<\/strong><\/p>\n<blockquote>\n<p>\u201cAo celebrar institucionalmente apenas o casamento \u2018entre homem e mulher\u2019, a lei refor\u00e7a uma mensagem de exclus\u00e3o e nega reconhecimento p\u00fablico \u00e0s fam\u00edlias formadas por casais homoafetivos. Isso contraria o princ\u00edpio da igualdade e alimenta uma vis\u00e3o discriminat\u00f3ria, como se existissem fam\u00edlias \u2018corretas\u2019 e outras \u2018ileg\u00edtimas\u2019\u201d, defende.<\/p>\n<\/blockquote>\n<p>\u00a0<\/p>\n","protected":false},"excerpt":{"rendered":"<p>O prefeito de Belo Horizonte, \u00c1lvaro Dami\u00e3o, instituiu uma nova data comemorativa para o munic\u00edpio, o Dia Municipal da Fidelidade Conjugal e do Casamento Monog\u00e2mico Crist\u00e3o, a ser celebrado no dia 18 de maio. A nova lei foi publicada neste s\u00e1bado (25) no Di\u00e1rio Oficial de Belo Horizonte. A data foi proposta em projeto de [&hellip;]<\/p>\n","protected":false},"author":1,"featured_media":6644,"comment_status":"open","ping_status":"open","sticky":false,"template":"","format":"standard","meta":{"site-sidebar-layout":"default","site-content-layout":"","ast-site-content-layout":"","site-content-style":"default","site-sidebar-style":"default","ast-global-header-display":"","ast-banner-title-visibility":"","ast-main-header-display":"","ast-hfb-above-header-display":"","ast-hfb-below-header-display":"","ast-hfb-mobile-header-display":"","site-post-title":"","ast-breadcrumbs-content":"","ast-featured-img":"","footer-sml-layout":"","theme-transparent-header-meta":"","adv-header-id-meta":"","stick-header-meta":"","header-above-stick-meta":"","header-main-stick-meta":"","header-below-stick-meta":"","astra-migrate-meta-layouts":"default","ast-page-background-enabled":"default","ast-page-background-meta":{"desktop":{"background-color":"var(--ast-global-color-4)","background-image":"","background-repeat":"repeat","background-position":"center center","background-size":"auto","background-attachment":"scroll","background-type":"","background-media":"","overlay-type":"","overlay-color":"","overlay-opacity":"","overlay-gradient":""},"tablet":{"background-color":"","background-image":"","background-repeat":"repeat","background-position":"center center","background-size":"auto","background-attachment":"scroll","background-type":"","background-media":"","overlay-type":"","overlay-color":"","overlay-opacity":"","overlay-gradient":""},"mobile":{"background-color":"","background-image":"","background-repeat":"repeat","background-position":"center center","background-size":"auto","background-attachment":"scroll","background-type":"","background-media":"","overlay-type":"","overlay-color":"","overlay-opacity":"","overlay-gradient":""}},"ast-content-background-meta":{"desktop":{"background-color":"var(--ast-global-color-5)","background-image":"","background-repeat":"repeat","background-position":"center center","background-size":"auto","background-attachment":"scroll","background-type":"","background-media":"","overlay-type":"","overlay-color":"","overlay-opacity":"","overlay-gradient":""},"tablet":{"background-color":"var(--ast-global-color-5)","background-image":"","background-repeat":"repeat","background-position":"center center","background-size":"auto","background-attachment":"scroll","background-type":"","background-media":"","overlay-type":"","overlay-color":"","overlay-opacity":"","overlay-gradient":""},"mobile":{"background-color":"var(--ast-global-color-5)","background-image":"","background-repeat":"repeat","background-position":"center center","background-size":"auto","background-attachment":"scroll","background-type":"","background-media":"","overlay-type":"","overlay-color":"","overlay-opacity":"","overlay-gradient":""}},"footnotes":""},"categories":[1],"tags":[],"class_list":["post-6643","post","type-post","status-publish","format-standard","has-post-thumbnail","hentry","category-sem-categoria"],"_links":{"self":[{"href":"https:\/\/jornalregionalms.com.br\/index.php?rest_route=\/wp\/v2\/posts\/6643","targetHints":{"allow":["GET"]}}],"collection":[{"href":"https:\/\/jornalregionalms.com.br\/index.php?rest_route=\/wp\/v2\/posts"}],"about":[{"href":"https:\/\/jornalregionalms.com.br\/index.php?rest_route=\/wp\/v2\/types\/post"}],"author":[{"embeddable":true,"href":"https:\/\/jornalregionalms.com.br\/index.php?rest_route=\/wp\/v2\/users\/1"}],"replies":[{"embeddable":true,"href":"https:\/\/jornalregionalms.com.br\/index.php?rest_route=%2Fwp%2Fv2%2Fcomments&post=6643"}],"version-history":[{"count":0,"href":"https:\/\/jornalregionalms.com.br\/index.php?rest_route=\/wp\/v2\/posts\/6643\/revisions"}],"wp:featuredmedia":[{"embeddable":true,"href":"https:\/\/jornalregionalms.com.br\/index.php?rest_route=\/wp\/v2\/media\/6644"}],"wp:attachment":[{"href":"https:\/\/jornalregionalms.com.br\/index.php?rest_route=%2Fwp%2Fv2%2Fmedia&parent=6643"}],"wp:term":[{"taxonomy":"category","embeddable":true,"href":"https:\/\/jornalregionalms.com.br\/index.php?rest_route=%2Fwp%2Fv2%2Fcategories&post=6643"},{"taxonomy":"post_tag","embeddable":true,"href":"https:\/\/jornalregionalms.com.br\/index.php?rest_route=%2Fwp%2Fv2%2Ftags&post=6643"}],"curies":[{"name":"wp","href":"https:\/\/api.w.org\/{rel}","templated":true}]}}