{"id":6641,"date":"2025-10-25T20:34:10","date_gmt":"2025-10-26T00:34:10","guid":{"rendered":"https:\/\/jornalregionalms.com.br\/?p=6641"},"modified":"2025-10-25T20:34:10","modified_gmt":"2025-10-26T00:34:10","slug":"capital-de-sp-cria-no-bras-o-primeiro-ecoponto-exclusivo-para-tecidos","status":"publish","type":"post","link":"https:\/\/jornalregionalms.com.br\/?p=6641","title":{"rendered":"Capital de SP cria no Br\u00e1s o primeiro ecoponto exclusivo para tecidos"},"content":{"rendered":"<p>O primeiro ecoponto exclusivo para descarte de sobras de tecido foi inaugurado nesta semana na regi\u00e3o do Br\u00e1s em S\u00e3o Paulo.<img decoding=\"async\" src=\"https:\/\/agenciabrasil.ebc.com.br\/ebc.png?id=1664052&#038;o=rss\"><img decoding=\"async\" src=\"https:\/\/agenciabrasil.ebc.com.br\/ebc.gif?id=1664052&#038;o=rss\"><\/p>\n<p>Este \u00e9 o primeiro ecoponto destinado a receber res\u00edduos de tecido e foi instalado na regi\u00e3o do Br\u00e1s, o maior polo de com\u00e9rcio de moda da Am\u00e9rica Latina, que concentra mais de seis mil ind\u00fastrias t\u00eaxteis e lojas de confec\u00e7\u00e3o.<\/p>\n<p>O Ecoponto T\u00eaxtil Br\u00e1s funciona 24h por dia e tem capacidade para armazenar at\u00e9 trezentas toneladas de res\u00edduos de tecido por m\u00eas &#8211; um n\u00famero pr\u00f3ximo do que \u00e9 descartado de forma irregular pelas ruas da regi\u00e3o.<\/p>\n<p>Com o novo servi\u00e7o, o descarte irregular deve diminuir e os materiais passam a receber tratamento para serem aproveitados como combust\u00edvel derivado de res\u00edduo, emitindo menos gases na atmosfera do que combust\u00edveis f\u00f3sseis e minerais. Os refugos de tecido transformados em combust\u00edvel podem ser usados em fornos industriais de cimento, de cal ou biomassa.<\/p>\n<p>Instalado na Rua Cachoeira, n\u00famero 958, o servi\u00e7o gratuito est\u00e1 apto a receber res\u00edduos como roupas, cobertores e retalhos. O local \u00e9 destinado exclusivamente a esse tipo de sobras. Outros materiais como vidro e m\u00f3veis, por exemplo, devem ser descartados em um dos <a href=\"https:\/\/drive.google.com\/file\/d\/1D8mCmLDJLYuzjufqyjovvylUC4gLDTy7\/view\" target=\"_blank\">129 ecopontos<\/a> convencionais dispon\u00edveis na cidade de S\u00e3o Paulo. A informa\u00e7\u00e3o com os endere\u00e7os\u00a0est\u00e1 no <a href=\"https:\/\/sp156.prefeitura.sp.gov.br\/portal\/servicos\/informacao?conteudo=3313\" target=\"_blank\">site da Secretaria Municipal das Subprefeituras<\/a>.<\/p>\n<p>  <span class=\"hms hms-format-m-ss\">1:55<\/span><\/p>\n","protected":false},"excerpt":{"rendered":"<p>O primeiro ecoponto exclusivo para descarte de sobras de tecido foi inaugurado nesta semana na regi\u00e3o do Br\u00e1s em S\u00e3o Paulo. Este \u00e9 o primeiro ecoponto destinado a receber res\u00edduos de tecido e foi instalado na regi\u00e3o do Br\u00e1s, o maior polo de com\u00e9rcio de moda da Am\u00e9rica Latina, que concentra mais de seis mil [&hellip;]<\/p>\n","protected":false},"author":105,"featured_media":6642,"comment_status":"open","ping_status":"open","sticky":false,"template":"","format":"standard","meta":{"site-sidebar-layout":"default","site-content-layout":"","ast-site-content-layout":"","site-content-style":"default","site-sidebar-style":"default","ast-global-header-display":"","ast-banner-title-visibility":"","ast-main-header-display":"","ast-hfb-above-header-display":"","ast-hfb-below-header-display":"","ast-hfb-mobile-header-display":"","site-post-title":"","ast-breadcrumbs-content":"","ast-featured-img":"","footer-sml-layout":"","theme-transparent-header-meta":"","adv-header-id-meta":"","stick-header-meta":"","header-above-stick-meta":"","header-main-stick-meta":"","header-below-stick-meta":"","astra-migrate-meta-layouts":"default","ast-page-background-enabled":"default","ast-page-background-meta":{"desktop":{"background-color":"var(--ast-global-color-4)","background-image":"","background-repeat":"repeat","background-position":"center center","background-size":"auto","background-attachment":"scroll","background-type":"","background-media":"","overlay-type":"","overlay-color":"","overlay-opacity":"","overlay-gradient":""},"tablet":{"background-color":"","background-image":"","background-repeat":"repeat","background-position":"center center","background-size":"auto","background-attachment":"scroll","background-type":"","background-media":"","overlay-type":"","overlay-color":"","overlay-opacity":"","overlay-gradient":""},"mobile":{"background-color":"","background-image":"","background-repeat":"repeat","background-position":"center center","background-size":"auto","background-attachment":"scroll","background-type":"","background-media":"","overlay-type":"","overlay-color":"","overlay-opacity":"","overlay-gradient":""}},"ast-content-background-meta":{"desktop":{"background-color":"var(--ast-global-color-5)","background-image":"","background-repeat":"repeat","background-position":"center center","background-size":"auto","background-attachment":"scroll","background-type":"","background-media":"","overlay-type":"","overlay-color":"","overlay-opacity":"","overlay-gradient":""},"tablet":{"background-color":"var(--ast-global-color-5)","background-image":"","background-repeat":"repeat","background-position":"center center","background-size":"auto","background-attachment":"scroll","background-type":"","background-media":"","overlay-type":"","overlay-color":"","overlay-opacity":"","overlay-gradient":""},"mobile":{"background-color":"var(--ast-global-color-5)","background-image":"","background-repeat":"repeat","background-position":"center center","background-size":"auto","background-attachment":"scroll","background-type":"","background-media":"","overlay-type":"","overlay-color":"","overlay-opacity":"","overlay-gradient":""}},"footnotes":""},"categories":[1],"tags":[],"class_list":["post-6641","post","type-post","status-publish","format-standard","has-post-thumbnail","hentry","category-sem-categoria"],"_links":{"self":[{"href":"https:\/\/jornalregionalms.com.br\/index.php?rest_route=\/wp\/v2\/posts\/6641","targetHints":{"allow":["GET"]}}],"collection":[{"href":"https:\/\/jornalregionalms.com.br\/index.php?rest_route=\/wp\/v2\/posts"}],"about":[{"href":"https:\/\/jornalregionalms.com.br\/index.php?rest_route=\/wp\/v2\/types\/post"}],"author":[{"embeddable":true,"href":"https:\/\/jornalregionalms.com.br\/index.php?rest_route=\/wp\/v2\/users\/105"}],"replies":[{"embeddable":true,"href":"https:\/\/jornalregionalms.com.br\/index.php?rest_route=%2Fwp%2Fv2%2Fcomments&post=6641"}],"version-history":[{"count":0,"href":"https:\/\/jornalregionalms.com.br\/index.php?rest_route=\/wp\/v2\/posts\/6641\/revisions"}],"wp:featuredmedia":[{"embeddable":true,"href":"https:\/\/jornalregionalms.com.br\/index.php?rest_route=\/wp\/v2\/media\/6642"}],"wp:attachment":[{"href":"https:\/\/jornalregionalms.com.br\/index.php?rest_route=%2Fwp%2Fv2%2Fmedia&parent=6641"}],"wp:term":[{"taxonomy":"category","embeddable":true,"href":"https:\/\/jornalregionalms.com.br\/index.php?rest_route=%2Fwp%2Fv2%2Fcategories&post=6641"},{"taxonomy":"post_tag","embeddable":true,"href":"https:\/\/jornalregionalms.com.br\/index.php?rest_route=%2Fwp%2Fv2%2Ftags&post=6641"}],"curies":[{"name":"wp","href":"https:\/\/api.w.org\/{rel}","templated":true}]}}