{"id":6639,"date":"2025-10-25T20:34:06","date_gmt":"2025-10-26T00:34:06","guid":{"rendered":"https:\/\/jornalregionalms.com.br\/?p=6639"},"modified":"2025-10-25T20:34:06","modified_gmt":"2025-10-26T00:34:06","slug":"metanol-sao-paulo-tem-setima-morte-apos-consumo-de-bebita-adulterada","status":"publish","type":"post","link":"https:\/\/jornalregionalms.com.br\/?p=6639","title":{"rendered":"Metanol: S\u00e3o Paulo tem s\u00e9tima morte ap\u00f3s consumo de bebita adulterada"},"content":{"rendered":"<\/p>\n<p><a class=\"\" href=\"https:\/\/agenciabrasil.ebc.com.br\/saude\/noticia\/2025-10\/metanol-sao-paulo-tem-setima-morte-apos-consumo-de-bebita-adulterada\"><br \/>\n                    <img decoding=\"async\" src=\"https:\/\/cdn.jsdelivr.net\/gh\/sergiosdlima\/assets-ebc@1.0.0\/abr\/assets\/images\/logo-agenciabrasil.svg\" alt=\"Logo Ag\u00eancia Brasil\"><br \/>\n\t\t\t\t<\/a><\/p>\n<p><strong>Um jovem de 25 anos morreu ap\u00f3s ingerir bebida alco\u00f3lica adulterada com metanol.<\/strong> O \u00f3bito aconteceu em 23 de setembro, em Osasco, regi\u00e3o metropolitana de S\u00e3o Paulo, tornando-se o s\u00e9timo no estado, desde que come\u00e7aram a surgir os casos, no final de setembro.<img decoding=\"async\" src=\"https:\/\/agenciabrasil.ebc.com.br\/ebc.png?id=1664115&#038;o=rss\"><img decoding=\"async\" src=\"https:\/\/agenciabrasil.ebc.com.br\/ebc.gif?id=1664115&#038;o=rss\"><\/p>\n<p>O caso foi divulgado no \u00faltimo boletim liberado pelo governo paulista, nesta ter\u00e7a-feira (22).<\/p>\n<\/p>\n<h3>Not\u00edcias relacionadas:<\/h3>\n<ul>\n<li><a href=\"https:\/\/agenciabrasil.ebc.com.br\/saude\/noticia\/2025-09\/saiba-os-principais-sinais-e-sintomas-de-intoxicacao-por-metanol\">Saiba os principais sinais e sintomas de intoxica\u00e7\u00e3o por metanol.<\/a><\/li>\n<li><a href=\"https:\/\/agenciabrasil.ebc.com.br\/saude\/noticia\/2025-10\/metanol-entenda-como-e-feita-analise-de-bebidas-adulteradas\">Metanol: Entenda como \u00e9 feita a an\u00e1lise de bebidas adulteradas .<\/a><\/li>\n<li><a href=\"https:\/\/agenciabrasil.ebc.com.br\/saude\/noticia\/2025-09\/metanol-saiba-o-que-e-substancia-presente-em-bebida-adulterada\">Metanol: saiba o que \u00e9 a subst\u00e2ncia presente em bebida adulterada.<\/a><\/li>\n<\/ul>\n<p>O estado de S\u00e3o Paulo \u00e9 o mais afetado por este tipo de intoxica\u00e7\u00e3o. S\u00e3o 42 ocorr\u00eancias confirmadas, sendo tr\u00eas mortes na capital: um homem de 54 anos, um de 46 e outro de 45. H\u00e1 ainda uma mulher de 30 anos, de S\u00e3o Bernardo do Campo; dois homens de 23 e 25 anos, de Osasco; e um homem de 37 anos, de Jundia\u00ed.<\/p>\n<p><strong>Desde o m\u00eas passado, o Brasil j\u00e1 acumula dez mortes confirmadas por ingest\u00e3o de bebidas contaminadas com metanol, segundo o Minist\u00e9rio da Sa\u00fade. <\/strong><\/p>\n<p>Al\u00e9m das sete em S\u00e3o Paulo, Pernambuco teve dois \u00f3bitos e o Paran\u00e1 registrou um. Outros onze casos est\u00e3o sob investiga\u00e7\u00e3o nos estados de\u00a0S\u00e3o Paulo, Minas Gerais, Mato Grosso do Sul, Pernambuco e Para\u00edba.<\/p>\n<p><strong>Os casos de intoxica\u00e7\u00e3o confirmados em todo o pa\u00eds chegam a 53.\u00a0Vinte e oito mortes suspeitas foram descartadas.<\/strong><\/p>\n<p>H\u00e1 confirma\u00e7\u00e3o de casos de intoxica\u00e7\u00e3o no Paran\u00e1 (6), Pernambuco (3), Rio Grande do Sul (1) e Mato Grosso (1). Outras 59 ocorr\u00eancias est\u00e3o sob an\u00e1lise em S\u00e3o Paulo, Rio de Janeiro, Paran\u00e1, Pernambuco, Piau\u00ed, Cear\u00e1, Goi\u00e1s, Mato Grosso, Mato Grosso do Sul e Tocantins.<\/p>\n<p><a href=\"https:\/\/www.whatsapp.com\/channel\/0029VaoRTgrInlqYLSk59B2M\" target=\"_blank\">>> Siga o canal da <strong>Ag\u00eancia Brasil <\/strong>no WhatsApp<\/a><\/p>\n<p><strong>Confira as informa\u00e7\u00f5es do Rep\u00f3rter Brasil Tarde, da TV Brasil, sobre os casos de intoxica\u00e7\u00e3o por metanol<\/strong><\/p>\n<p><iframe allow=\"accelerometer; autoplay; clipboard-write; encrypted-media; gyroscope; picture-in-picture; web-share\" allowfullscreen=\"\" frameborder=\"0\" height=\"315\" referrerpolicy=\"strict-origin-when-cross-origin\" src=\"https:\/\/www.youtube.com\/embed\/6pLWzPUACaI?si=gxpKBAbr2K38zMTb&#038;start=164\" title=\"YouTube video player\" width=\"560\" sandbox=\"allow-scripts allow-same-origin\"><\/iframe><\/p>\n<h2>Sintomas<\/h2>\n<p><strong>Os principais sinais de intoxica\u00e7\u00e3o por metanol s\u00e3o vis\u00e3o turva, desconforto g\u00e1strico e quadros de gastrite.\u00a0<\/strong><\/p>\n<p>No caso do aparecimento desses sinais, \u00e9 necess\u00e1rio procurar a unidade de atendimento mais pr\u00f3xima de casa. A intoxica\u00e7\u00e3o por metanol pode causar cegueira irrevers\u00edvel e \u00f3bito.<\/p>\n<h2>Emerg\u00eancia m\u00e9dica<\/h2>\n<p>A intoxica\u00e7\u00e3o por metanol \u00e9 uma emerg\u00eancia m\u00e9dica de extrema gravidade. A subst\u00e2ncia, quando ingerida, \u00e9 metabolizada no organismo em produtos t\u00f3xicos (como formalde\u00eddo e \u00e1cido f\u00f3rmico), que podem levar \u00e0 morte.<\/p>\n<p>Os principais sintomas da intoxica\u00e7\u00e3o s\u00e3o: vis\u00e3o turva ou perda de vis\u00e3o (podendo chegar \u00e0 cegueira) e mal-estar generalizado (n\u00e1useas, v\u00f4mitos, dores abdominais, sudorese).<\/p>\n<p>Em caso de identifica\u00e7\u00e3o dos sintomas, buscar imediatamente os servi\u00e7os de emerg\u00eancia m\u00e9dica e contatar pelo menos uma das institui\u00e7\u00f5es a seguir:<\/p>\n<ul>\n<li>Disque-Intoxica\u00e7\u00e3o da Anvisa: 0800 722 6001;<\/li>\n<li>CIATox da sua cidade para orienta\u00e7\u00e3o especializada (<a href=\"https:\/\/www.gov.br\/saude\/pt-br\/assuntos\/saude-de-a-a-z\/a\/animais-peconhentos\/ciatox\" target=\"_blank\">veja a lista aqui<\/a>);\u00a0\u00a0<\/li>\n<li>Centro de Controle de Intoxica\u00e7\u00f5es de S\u00e3o Paulo (CCI): (11) 5012-5311 ou de qualquer lugar do pa\u00eds 0800-771-3733;<\/li>\n<\/ul>\n<p>\u00c9 importante identificar e orientar poss\u00edveis contatos que tenham consumido a mesma bebida, recomendando que procurem imediatamente um servi\u00e7o de sa\u00fade para avalia\u00e7\u00e3o e tratamento adequado.<\/p>\n<p>A demora no atendimento e na identifica\u00e7\u00e3o da intoxica\u00e7\u00e3o aumenta a probabilidade do desfecho mais grave, com o \u00f3bito do paciente.<\/p>\n<p>\u00a0<\/p>\n","protected":false},"excerpt":{"rendered":"<p>Um jovem de 25 anos morreu ap\u00f3s ingerir bebida alco\u00f3lica adulterada com metanol. O \u00f3bito aconteceu em 23 de setembro, em Osasco, regi\u00e3o metropolitana de S\u00e3o Paulo, tornando-se o s\u00e9timo no estado, desde que come\u00e7aram a surgir os casos, no final de setembro. O caso foi divulgado no \u00faltimo boletim liberado pelo governo paulista, nesta [&hellip;]<\/p>\n","protected":false},"author":15,"featured_media":6640,"comment_status":"open","ping_status":"open","sticky":false,"template":"","format":"standard","meta":{"site-sidebar-layout":"default","site-content-layout":"","ast-site-content-layout":"","site-content-style":"default","site-sidebar-style":"default","ast-global-header-display":"","ast-banner-title-visibility":"","ast-main-header-display":"","ast-hfb-above-header-display":"","ast-hfb-below-header-display":"","ast-hfb-mobile-header-display":"","site-post-title":"","ast-breadcrumbs-content":"","ast-featured-img":"","footer-sml-layout":"","theme-transparent-header-meta":"","adv-header-id-meta":"","stick-header-meta":"","header-above-stick-meta":"","header-main-stick-meta":"","header-below-stick-meta":"","astra-migrate-meta-layouts":"default","ast-page-background-enabled":"default","ast-page-background-meta":{"desktop":{"background-color":"var(--ast-global-color-4)","background-image":"","background-repeat":"repeat","background-position":"center center","background-size":"auto","background-attachment":"scroll","background-type":"","background-media":"","overlay-type":"","overlay-color":"","overlay-opacity":"","overlay-gradient":""},"tablet":{"background-color":"","background-image":"","background-repeat":"repeat","background-position":"center center","background-size":"auto","background-attachment":"scroll","background-type":"","background-media":"","overlay-type":"","overlay-color":"","overlay-opacity":"","overlay-gradient":""},"mobile":{"background-color":"","background-image":"","background-repeat":"repeat","background-position":"center center","background-size":"auto","background-attachment":"scroll","background-type":"","background-media":"","overlay-type":"","overlay-color":"","overlay-opacity":"","overlay-gradient":""}},"ast-content-background-meta":{"desktop":{"background-color":"var(--ast-global-color-5)","background-image":"","background-repeat":"repeat","background-position":"center center","background-size":"auto","background-attachment":"scroll","background-type":"","background-media":"","overlay-type":"","overlay-color":"","overlay-opacity":"","overlay-gradient":""},"tablet":{"background-color":"var(--ast-global-color-5)","background-image":"","background-repeat":"repeat","background-position":"center center","background-size":"auto","background-attachment":"scroll","background-type":"","background-media":"","overlay-type":"","overlay-color":"","overlay-opacity":"","overlay-gradient":""},"mobile":{"background-color":"var(--ast-global-color-5)","background-image":"","background-repeat":"repeat","background-position":"center center","background-size":"auto","background-attachment":"scroll","background-type":"","background-media":"","overlay-type":"","overlay-color":"","overlay-opacity":"","overlay-gradient":""}},"footnotes":""},"categories":[1],"tags":[],"class_list":["post-6639","post","type-post","status-publish","format-standard","has-post-thumbnail","hentry","category-sem-categoria"],"_links":{"self":[{"href":"https:\/\/jornalregionalms.com.br\/index.php?rest_route=\/wp\/v2\/posts\/6639","targetHints":{"allow":["GET"]}}],"collection":[{"href":"https:\/\/jornalregionalms.com.br\/index.php?rest_route=\/wp\/v2\/posts"}],"about":[{"href":"https:\/\/jornalregionalms.com.br\/index.php?rest_route=\/wp\/v2\/types\/post"}],"author":[{"embeddable":true,"href":"https:\/\/jornalregionalms.com.br\/index.php?rest_route=\/wp\/v2\/users\/15"}],"replies":[{"embeddable":true,"href":"https:\/\/jornalregionalms.com.br\/index.php?rest_route=%2Fwp%2Fv2%2Fcomments&post=6639"}],"version-history":[{"count":0,"href":"https:\/\/jornalregionalms.com.br\/index.php?rest_route=\/wp\/v2\/posts\/6639\/revisions"}],"wp:featuredmedia":[{"embeddable":true,"href":"https:\/\/jornalregionalms.com.br\/index.php?rest_route=\/wp\/v2\/media\/6640"}],"wp:attachment":[{"href":"https:\/\/jornalregionalms.com.br\/index.php?rest_route=%2Fwp%2Fv2%2Fmedia&parent=6639"}],"wp:term":[{"taxonomy":"category","embeddable":true,"href":"https:\/\/jornalregionalms.com.br\/index.php?rest_route=%2Fwp%2Fv2%2Fcategories&post=6639"},{"taxonomy":"post_tag","embeddable":true,"href":"https:\/\/jornalregionalms.com.br\/index.php?rest_route=%2Fwp%2Fv2%2Ftags&post=6639"}],"curies":[{"name":"wp","href":"https:\/\/api.w.org\/{rel}","templated":true}]}}