{"id":6633,"date":"2025-10-25T20:34:03","date_gmt":"2025-10-26T00:34:03","guid":{"rendered":"https:\/\/jornalregionalms.com.br\/?p=6633"},"modified":"2025-10-25T20:34:03","modified_gmt":"2025-10-26T00:34:03","slug":"lula-aguarda-reuniao-com-trump-e-aposta-em-solucao-a-tarifaco","status":"publish","type":"post","link":"https:\/\/jornalregionalms.com.br\/?p=6633","title":{"rendered":"Lula aguarda reuni\u00e3o com Trump e aposta em solu\u00e7\u00e3o a tarifa\u00e7o"},"content":{"rendered":"<\/p>\n<p><a class=\"\" href=\"https:\/\/agenciabrasil.ebc.com.br\/politica\/noticia\/2025-10\/lula-aguarda-reuniao-com-trump-e-aposta-em-solucao-tarifaco\"><br \/>\n                    <img decoding=\"async\" src=\"https:\/\/cdn.jsdelivr.net\/gh\/sergiosdlima\/assets-ebc@1.0.0\/abr\/assets\/images\/logo-agenciabrasil.svg\" alt=\"Logo Ag\u00eancia Brasil\"><br \/>\n\t\t\t\t<\/a><\/p>\n<p>O presidente Luiz In\u00e1cio Lula da Silva afirmou, na madrugada deste s\u00e1bado (25), que espera se reunir com o presidente dos Estados Unidos, Donald Trump. Os dois mandat\u00e1rios est\u00e3o no pa\u00eds asi\u00e1tico para participar\u00a0da 47\u00aa c\u00fapula da Associa\u00e7\u00e3o das Na\u00e7\u00f5es do Sudeste Asi\u00e1tico (Asean). \u201cEspero que \u2018role\u2019. Eu vim aqui e estou \u00e0 disposi\u00e7\u00e3o para que a gente possa encontrar uma solu\u00e7\u00e3o.\u201d<img decoding=\"async\" src=\"https:\/\/agenciabrasil.ebc.com.br\/ebc.png?id=1664472&#038;o=rss\"><img decoding=\"async\" src=\"https:\/\/agenciabrasil.ebc.com.br\/ebc.gif?id=1664472&#038;o=rss\"><\/p>\n<p>A declara\u00e7\u00e3o foi dada em entrevista coletiva aos jornalistas em frente ao hotel que hospeda a comitiva brasileira na Mal\u00e1sia.\u00a0<\/p>\n<blockquote>\n<h3>Not\u00edcias relacionadas:<\/h3>\n<ul>\n<li><a href=\"https:\/\/agenciabrasil.ebc.com.br\/politica\/noticia\/2025-10\/lula-cobra-compromisso-global-no-combate-mudancas-climaticas\">Presidente cobra compromisso global no combate a mudan\u00e7as clim\u00e1ticas.<\/a><\/li>\n<li><a href=\"https:\/\/agenciabrasil.ebc.com.br\/meio-ambiente\/noticia\/2025-09\/brasil-anuncia-us-1-bilhao-para-fundo-de-florestas-tropicais\">Brasil anuncia US$ 1 bilh\u00e3o para fundo de florestas tropicais .<\/a><\/li>\n<li><a href=\"https:\/\/agenciabrasil.ebc.com.br\/politica\/noticia\/2025-10\/lula-critica-guerra-em-gaza-e-inercia-na-criacao-do-estado-palestino\">Lula critica guerra em Gaza a in\u00e9rcia na cria\u00e7\u00e3o do Estado palestino.<\/a><\/li>\n<\/ul>\n<p>&#8220;Vamos colocar na mesa os problemas e tentar encontrar uma solu\u00e7\u00e3o. Ent\u00e3o, pode ficar certo que vai ter uma solu\u00e7\u00e3o.\u201d\n<\/p><\/blockquote>\n<p>Aos jornalistas, Lula negou que tenham sido colocadas condi\u00e7\u00f5es para negocia\u00e7\u00e3o bilateral em torno do impasse gerado pelo aumento de 50% das tarifas de importa\u00e7\u00e3o dos produtos brasileiros pelos Estados Unidos, a partir do in\u00edcio de agosto.<\/p>\n<blockquote>\n<p>\u201cEu trabalho com otimismo para que a gente possa encontrar uma solu\u00e7\u00e3o. N\u00e3o tem exig\u00eancia dele e n\u00e3o tem exig\u00eancia minha ainda.\u201d<\/p>\n<\/blockquote>\n<h2>Trump<\/h2>\n<div class=\"dnd-widget-wrapper context-medio_4colunas type-image atom-align-right\">\n<div class=\"dnd-atom-rendered\"><!-- scald=441873:medio_4colunas {\"additionalClasses\":\"\"} --><br \/>\n            <img decoding=\"async\" src=\"https:\/\/agenciabrasil.ebc.com.br\/sites\/default\/files\/thumbnails\/image\/loading_v2.gif\" data-echo=\"https:\/\/imagens.ebc.com.br\/EPLSP2gJ8ywgJqoJjaE4sQ8Nif0=\/365x0\/smart\/https:\/\/agenciabrasil.ebc.com.br\/sites\/default\/files\/thumbnails\/image\/2025\/10\/25\/donald-trump.jpg?itok=DkFu5x4x\" alt=\"Presidente dos EUA, Donald Trump, fala com jornalistas a bordo do avi\u00e3o presidencial For\u00e7a A\u00e9rea Um\n24\/10\/2025 Reuters\/Evelyn Hockstein\/Proibida reprodu\u00e7\u00e3o\" title=\"Reuters\/Evelyn Hockstein\/proibida reprodu\u00e7\u00e3o\"><br \/>\n        <noscript><img decoding=\"async\" src=\"https:\/\/imagens.ebc.com.br\/EPLSP2gJ8ywgJqoJjaE4sQ8Nif0=\/365x0\/smart\/https:\/\/agenciabrasil.ebc.com.br\/sites\/default\/files\/thumbnails\/image\/2025\/10\/25\/donald-trump.jpg?itok=DkFu5x4x\" alt=\"Presidente dos EUA, Donald Trump, fala com jornalistas a bordo do avi\u00e3o presidencial For\u00e7a A\u00e9rea Um\n24\/10\/2025 Reuters\/Evelyn Hockstein\/Proibida reprodu\u00e7\u00e3o\" title=\"Reuters\/Evelyn Hockstein\/proibida reprodu\u00e7\u00e3o\"><\/noscript><br \/>\n    <!-- END scald=441873 --><\/div>\n<div class=\"dnd-caption-wrapper\">\n<div class=\"meta\">Donald Trump\u00a0fala com jornalistas a bordo do avi\u00e3o presidencial. Foto:\u00a0<strong>Reuters\/Evelyn Hockstein<\/strong>\u00a0<!--END copyright=441873--><\/div>\n<\/div>\n<\/div>\n<p>A caminho da Mal\u00e1sia, a bordo do avi\u00e3o\u00a0Air Force One, o presidente dos Estados Unidos, Donald Trump, afirmou aos jornalistas, pela primeira vez, que poderia considerar a redu\u00e7\u00e3o das tarifas sobre as exporta\u00e7\u00f5es do Brasil a seu pa\u00eds. \u201cSim,\u00a0sob as circunst\u00e2ncias certas, com certeza\u201d, ponderou o l\u00edder norte-americano.<\/p>\n<p>Al\u00e9m disso, confirmou que deve se encontrar com Lula neste domingo (26). \u201cAcho que vamos nos encontrar novamente. N\u00f3s nos encontraremos brevemente nas Na\u00e7\u00f5es Unidas\u201d.<\/p>\n<p>A\u00a0expectativa \u00e9 de que os dois presidentes se re\u00fanam em Kuala Lumpur, capital da Mal\u00e1sia, neste domingo.<\/p>\n","protected":false},"excerpt":{"rendered":"<p>O presidente Luiz In\u00e1cio Lula da Silva afirmou, na madrugada deste s\u00e1bado (25), que espera se reunir com o presidente dos Estados Unidos, Donald Trump. Os dois mandat\u00e1rios est\u00e3o no pa\u00eds asi\u00e1tico para participar\u00a0da 47\u00aa c\u00fapula da Associa\u00e7\u00e3o das Na\u00e7\u00f5es do Sudeste Asi\u00e1tico (Asean). \u201cEspero que \u2018role\u2019. Eu vim aqui e estou \u00e0 disposi\u00e7\u00e3o para [&hellip;]<\/p>\n","protected":false},"author":6,"featured_media":6634,"comment_status":"open","ping_status":"open","sticky":false,"template":"","format":"standard","meta":{"site-sidebar-layout":"default","site-content-layout":"","ast-site-content-layout":"","site-content-style":"default","site-sidebar-style":"default","ast-global-header-display":"","ast-banner-title-visibility":"","ast-main-header-display":"","ast-hfb-above-header-display":"","ast-hfb-below-header-display":"","ast-hfb-mobile-header-display":"","site-post-title":"","ast-breadcrumbs-content":"","ast-featured-img":"","footer-sml-layout":"","theme-transparent-header-meta":"","adv-header-id-meta":"","stick-header-meta":"","header-above-stick-meta":"","header-main-stick-meta":"","header-below-stick-meta":"","astra-migrate-meta-layouts":"default","ast-page-background-enabled":"default","ast-page-background-meta":{"desktop":{"background-color":"var(--ast-global-color-4)","background-image":"","background-repeat":"repeat","background-position":"center center","background-size":"auto","background-attachment":"scroll","background-type":"","background-media":"","overlay-type":"","overlay-color":"","overlay-opacity":"","overlay-gradient":""},"tablet":{"background-color":"","background-image":"","background-repeat":"repeat","background-position":"center center","background-size":"auto","background-attachment":"scroll","background-type":"","background-media":"","overlay-type":"","overlay-color":"","overlay-opacity":"","overlay-gradient":""},"mobile":{"background-color":"","background-image":"","background-repeat":"repeat","background-position":"center center","background-size":"auto","background-attachment":"scroll","background-type":"","background-media":"","overlay-type":"","overlay-color":"","overlay-opacity":"","overlay-gradient":""}},"ast-content-background-meta":{"desktop":{"background-color":"var(--ast-global-color-5)","background-image":"","background-repeat":"repeat","background-position":"center center","background-size":"auto","background-attachment":"scroll","background-type":"","background-media":"","overlay-type":"","overlay-color":"","overlay-opacity":"","overlay-gradient":""},"tablet":{"background-color":"var(--ast-global-color-5)","background-image":"","background-repeat":"repeat","background-position":"center center","background-size":"auto","background-attachment":"scroll","background-type":"","background-media":"","overlay-type":"","overlay-color":"","overlay-opacity":"","overlay-gradient":""},"mobile":{"background-color":"var(--ast-global-color-5)","background-image":"","background-repeat":"repeat","background-position":"center center","background-size":"auto","background-attachment":"scroll","background-type":"","background-media":"","overlay-type":"","overlay-color":"","overlay-opacity":"","overlay-gradient":""}},"footnotes":""},"categories":[1],"tags":[],"class_list":["post-6633","post","type-post","status-publish","format-standard","has-post-thumbnail","hentry","category-sem-categoria"],"_links":{"self":[{"href":"https:\/\/jornalregionalms.com.br\/index.php?rest_route=\/wp\/v2\/posts\/6633","targetHints":{"allow":["GET"]}}],"collection":[{"href":"https:\/\/jornalregionalms.com.br\/index.php?rest_route=\/wp\/v2\/posts"}],"about":[{"href":"https:\/\/jornalregionalms.com.br\/index.php?rest_route=\/wp\/v2\/types\/post"}],"author":[{"embeddable":true,"href":"https:\/\/jornalregionalms.com.br\/index.php?rest_route=\/wp\/v2\/users\/6"}],"replies":[{"embeddable":true,"href":"https:\/\/jornalregionalms.com.br\/index.php?rest_route=%2Fwp%2Fv2%2Fcomments&post=6633"}],"version-history":[{"count":0,"href":"https:\/\/jornalregionalms.com.br\/index.php?rest_route=\/wp\/v2\/posts\/6633\/revisions"}],"wp:featuredmedia":[{"embeddable":true,"href":"https:\/\/jornalregionalms.com.br\/index.php?rest_route=\/wp\/v2\/media\/6634"}],"wp:attachment":[{"href":"https:\/\/jornalregionalms.com.br\/index.php?rest_route=%2Fwp%2Fv2%2Fmedia&parent=6633"}],"wp:term":[{"taxonomy":"category","embeddable":true,"href":"https:\/\/jornalregionalms.com.br\/index.php?rest_route=%2Fwp%2Fv2%2Fcategories&post=6633"},{"taxonomy":"post_tag","embeddable":true,"href":"https:\/\/jornalregionalms.com.br\/index.php?rest_route=%2Fwp%2Fv2%2Ftags&post=6633"}],"curies":[{"name":"wp","href":"https:\/\/api.w.org\/{rel}","templated":true}]}}