{"id":6625,"date":"2025-10-25T20:33:57","date_gmt":"2025-10-26T00:33:57","guid":{"rendered":"https:\/\/jornalregionalms.com.br\/?p=6625"},"modified":"2025-10-25T20:33:57","modified_gmt":"2025-10-26T00:33:57","slug":"reforco-na-seguranca-de-belem-para-a-cop30-ja-comecou","status":"publish","type":"post","link":"https:\/\/jornalregionalms.com.br\/?p=6625","title":{"rendered":"Refor\u00e7o na seguran\u00e7a de Bel\u00e9m para a COP30 j\u00e1 come\u00e7ou"},"content":{"rendered":"<p>Cerca de 1.200 servidores da Pol\u00edcia Federal v\u00e3o atuar na seguran\u00e7a da COP30, em Bel\u00e9m, no Par\u00e1. O plano come\u00e7ou a funcionar na cidade no in\u00edcio do m\u00eas, informou a PF neste s\u00e1bado (25).<img decoding=\"async\" src=\"https:\/\/agenciabrasil.ebc.com.br\/ebc.png?id=1664486&#038;o=rss\"><img decoding=\"async\" src=\"https:\/\/agenciabrasil.ebc.com.br\/ebc.gif?id=1664486&#038;o=rss\"><\/p>\n<p>O desafio \u00e9 garantir a prote\u00e7\u00e3o de um n\u00famero recorde de delega\u00e7\u00f5es estrangeiras e assegurar a liberdade de express\u00e3o. Segundo a Pol\u00edcia Federal, a natureza da agenda clim\u00e1tica atrai pa\u00edses com vis\u00f5es frequentemente contr\u00e1rias, por isso exige um esquema de seguran\u00e7a adaptado.<\/p>\n<p>Al\u00e9m disso, a Confer\u00eancia ocorre ap\u00f3s edi\u00e7\u00f5es em pa\u00edses com liberdades civis mais restritas e o Brasil dar\u00e1 mais espa\u00e7o para povos ind\u00edgenas e movimentos sociais. Pelo menos, 3 mil ind\u00edgenas s\u00e3o esperados. Ent\u00e3o, o foco vai ser a manuten\u00e7\u00e3o do funcionamento da cidade e uma &#8220;conviv\u00eancia harm\u00f4nica&#8221; entre os participantes.<\/p>\n<p>Em termos log\u00edsticos, a PF vai refor\u00e7ar a atividade de imigra\u00e7\u00e3o e fiscaliza\u00e7\u00e3o de portos &#8211; como o de Outeiro, que vai receber dois navios de cruzeiro, \u2013 e na base A\u00e9rea de Bel\u00e9m, por onde v\u00e3o chegar as autoridades.<\/p>\n<p>Ainda ser\u00e3o realizadas a\u00e7\u00f5es investigativas para preven\u00e7\u00e3o de crimes cibern\u00e9ticos e de terrorismo, com varreduras e contramedidas antibombas.<\/p>\n<p>  <span class=\"hms hms-format-m-ss\">1:09<\/span><\/p>\n","protected":false},"excerpt":{"rendered":"<p>Cerca de 1.200 servidores da Pol\u00edcia Federal v\u00e3o atuar na seguran\u00e7a da COP30, em Bel\u00e9m, no Par\u00e1. O plano come\u00e7ou a funcionar na cidade no in\u00edcio do m\u00eas, informou a PF neste s\u00e1bado (25). O desafio \u00e9 garantir a prote\u00e7\u00e3o de um n\u00famero recorde de delega\u00e7\u00f5es estrangeiras e assegurar a liberdade de express\u00e3o. Segundo a [&hellip;]<\/p>\n","protected":false},"author":116,"featured_media":6626,"comment_status":"open","ping_status":"open","sticky":false,"template":"","format":"standard","meta":{"site-sidebar-layout":"default","site-content-layout":"","ast-site-content-layout":"","site-content-style":"default","site-sidebar-style":"default","ast-global-header-display":"","ast-banner-title-visibility":"","ast-main-header-display":"","ast-hfb-above-header-display":"","ast-hfb-below-header-display":"","ast-hfb-mobile-header-display":"","site-post-title":"","ast-breadcrumbs-content":"","ast-featured-img":"","footer-sml-layout":"","theme-transparent-header-meta":"","adv-header-id-meta":"","stick-header-meta":"","header-above-stick-meta":"","header-main-stick-meta":"","header-below-stick-meta":"","astra-migrate-meta-layouts":"default","ast-page-background-enabled":"default","ast-page-background-meta":{"desktop":{"background-color":"var(--ast-global-color-4)","background-image":"","background-repeat":"repeat","background-position":"center center","background-size":"auto","background-attachment":"scroll","background-type":"","background-media":"","overlay-type":"","overlay-color":"","overlay-opacity":"","overlay-gradient":""},"tablet":{"background-color":"","background-image":"","background-repeat":"repeat","background-position":"center center","background-size":"auto","background-attachment":"scroll","background-type":"","background-media":"","overlay-type":"","overlay-color":"","overlay-opacity":"","overlay-gradient":""},"mobile":{"background-color":"","background-image":"","background-repeat":"repeat","background-position":"center center","background-size":"auto","background-attachment":"scroll","background-type":"","background-media":"","overlay-type":"","overlay-color":"","overlay-opacity":"","overlay-gradient":""}},"ast-content-background-meta":{"desktop":{"background-color":"var(--ast-global-color-5)","background-image":"","background-repeat":"repeat","background-position":"center center","background-size":"auto","background-attachment":"scroll","background-type":"","background-media":"","overlay-type":"","overlay-color":"","overlay-opacity":"","overlay-gradient":""},"tablet":{"background-color":"var(--ast-global-color-5)","background-image":"","background-repeat":"repeat","background-position":"center center","background-size":"auto","background-attachment":"scroll","background-type":"","background-media":"","overlay-type":"","overlay-color":"","overlay-opacity":"","overlay-gradient":""},"mobile":{"background-color":"var(--ast-global-color-5)","background-image":"","background-repeat":"repeat","background-position":"center center","background-size":"auto","background-attachment":"scroll","background-type":"","background-media":"","overlay-type":"","overlay-color":"","overlay-opacity":"","overlay-gradient":""}},"footnotes":""},"categories":[1],"tags":[],"class_list":["post-6625","post","type-post","status-publish","format-standard","has-post-thumbnail","hentry","category-sem-categoria"],"_links":{"self":[{"href":"https:\/\/jornalregionalms.com.br\/index.php?rest_route=\/wp\/v2\/posts\/6625","targetHints":{"allow":["GET"]}}],"collection":[{"href":"https:\/\/jornalregionalms.com.br\/index.php?rest_route=\/wp\/v2\/posts"}],"about":[{"href":"https:\/\/jornalregionalms.com.br\/index.php?rest_route=\/wp\/v2\/types\/post"}],"author":[{"embeddable":true,"href":"https:\/\/jornalregionalms.com.br\/index.php?rest_route=\/wp\/v2\/users\/116"}],"replies":[{"embeddable":true,"href":"https:\/\/jornalregionalms.com.br\/index.php?rest_route=%2Fwp%2Fv2%2Fcomments&post=6625"}],"version-history":[{"count":0,"href":"https:\/\/jornalregionalms.com.br\/index.php?rest_route=\/wp\/v2\/posts\/6625\/revisions"}],"wp:featuredmedia":[{"embeddable":true,"href":"https:\/\/jornalregionalms.com.br\/index.php?rest_route=\/wp\/v2\/media\/6626"}],"wp:attachment":[{"href":"https:\/\/jornalregionalms.com.br\/index.php?rest_route=%2Fwp%2Fv2%2Fmedia&parent=6625"}],"wp:term":[{"taxonomy":"category","embeddable":true,"href":"https:\/\/jornalregionalms.com.br\/index.php?rest_route=%2Fwp%2Fv2%2Fcategories&post=6625"},{"taxonomy":"post_tag","embeddable":true,"href":"https:\/\/jornalregionalms.com.br\/index.php?rest_route=%2Fwp%2Fv2%2Ftags&post=6625"}],"curies":[{"name":"wp","href":"https:\/\/api.w.org\/{rel}","templated":true}]}}