{"id":6623,"date":"2025-10-25T20:33:54","date_gmt":"2025-10-26T00:33:54","guid":{"rendered":"https:\/\/jornalregionalms.com.br\/?p=6623"},"modified":"2025-10-25T20:33:54","modified_gmt":"2025-10-26T00:33:54","slug":"revalida-2025-2-prazo-para-envio-de-diploma-medico-termina-hoje","status":"publish","type":"post","link":"https:\/\/jornalregionalms.com.br\/?p=6623","title":{"rendered":"Revalida 2025\/2: prazo para envio de diploma m\u00e9dico termina hoje"},"content":{"rendered":"<\/p>\n<p><a class=\"\" href=\"https:\/\/agenciabrasil.ebc.com.br\/educacao\/noticia\/2025-10\/revalida-20252-prazo-para-envio-de-diploma-medico-termina-hoje\"><br \/>\n                    <img decoding=\"async\" src=\"https:\/\/cdn.jsdelivr.net\/gh\/sergiosdlima\/assets-ebc@1.0.0\/abr\/assets\/images\/logo-agenciabrasil.svg\" alt=\"Logo Ag\u00eancia Brasil\"><br \/>\n\t\t\t\t<\/a><\/p>\n<p><strong>O prazo para os candidatos da primeira etapa da segunda edi\u00e7\u00e3o de 2025 do Exame Nacional de Revalida\u00e7\u00e3o de Diplomas M\u00e9dicos Expedidos por Institui\u00e7\u00e3o de Educa\u00e7\u00e3o Superior Estrangeira (Revalida 2025\/2) enviarem a documenta\u00e7\u00e3o que comprovem a forma\u00e7\u00e3o m\u00e9dica termina \u00e0s 23 horas e 59 minutos desta sexta-feira (24).<\/strong><img decoding=\"async\" src=\"https:\/\/agenciabrasil.ebc.com.br\/ebc.png?id=1664350&#038;o=rss\"><img decoding=\"async\" src=\"https:\/\/agenciabrasil.ebc.com.br\/ebc.gif?id=1664350&#038;o=rss\"><\/p>\n<p>O envio do diploma m\u00e9dicos expedido por institui\u00e7\u00f5es de educa\u00e7\u00e3o superior estrangeira \u00e9 etapa \u00e9 essencial para candidato avan\u00e7ar para segunda fase do exame, a prova de habilidades cl\u00ednicas.<\/p>\n<\/p>\n<h3>Not\u00edcias relacionadas:<\/h3>\n<ul>\n<li><a href=\"https:\/\/agenciabrasil.ebc.com.br\/saude\/noticia\/2025-10\/revalida-2025-cartao-de-confirmacao-de-inscricao-esta-disponivel\">Revalida 2025: cart\u00e3o de confirma\u00e7\u00e3o de inscri\u00e7\u00e3o est\u00e1 dispon\u00edvel.<\/a><\/li>\n<li><a href=\"https:\/\/agenciabrasil.ebc.com.br\/saude\/noticia\/2025-09\/prazo-para-recurso-da-2a-fase-do-revalida-2025-e-ampliado-ate-domingo\">Prazo para recurso da 2\u00aa fase do Revalida 2025 \u00e9 ampliado at\u00e9 domingo.<\/a><\/li>\n<\/ul>\n<p><strong>O Revalida tem o objetivo de verificar a aquisi\u00e7\u00e3o de conhecimentos, habilidades e compet\u00eancias em medicina no exterior consideradas necess\u00e1rias para o exerc\u00edcio profissional no Brasil.<\/strong><\/p>\n<p>Caso a documenta\u00e7\u00e3o comprobat\u00f3ria de conclus\u00e3o de curso tenha sido enviada e aprovada em edi\u00e7\u00f5es anteriores, n\u00e3o ser\u00e1 necess\u00e1rio envi\u00e1-la novamente, pois a homologa\u00e7\u00e3o desta etapa \u00e9 autom\u00e1tica por meio do Sistema Revalida.<\/p>\n<p><a href=\"https:\/\/www.whatsapp.com\/channel\/0029VaoRTgrInlqYLSk59B2M\" target=\"_blank\">>> Siga o canal da <strong>Ag\u00eancia Brasil <\/strong>no WhatsApp<\/a><\/p>\n<h2>Instru\u00e7\u00f5es de envio<\/h2>\n<p><strong>O diploma, certificado ou declara\u00e7\u00e3o que comprove a conclus\u00e3o de curso de medicina no exterior deve ser enviado frente e verso por meio do <a href=\"https:\/\/revalida.inep.gov.br\/revalida\/\" target=\"_blank\">Sistema Revalida<\/a>, no formato PDF, PNG ou JPG, com o tamanho m\u00e1ximo de 2 <em>megabyte<\/em> (MB).<\/strong><\/p>\n<p>O candidato da primeira etapa do Revalida deve informar tamb\u00e9m dados da institui\u00e7\u00e3o de educa\u00e7\u00e3o superior estrangeira de origem do diploma m\u00e9dico e o ano de conclus\u00e3o do curso de medicina.<\/p>\n<p>O documento estrangeiro precisa ser reconhecido pelo Minist\u00e9rio da Educa\u00e7\u00e3o do pa\u00eds onde o candidato estudou ou \u00f3rg\u00e3o equivalente. \u00c9 preciso estar autenticado pela autoridade consular brasileira.<\/p>\n<p><strong>Aqueles diplomas ou certificados em idioma diferente da l\u00edngua portuguesa, inglesa, francesa ou espanhola deve ser acompanhado de tradu\u00e7\u00e3o juramentada.<\/strong><\/p>\n<p>O participante da primeira etapa do Revalida 2025\/2 que n\u00e3o enviar qualquer documenta\u00e7\u00e3o comprobat\u00f3ria de conclus\u00e3o de curso (diploma, certificado ou declara\u00e7\u00e3o) estar\u00e1 automaticamente reprovado.<strong> O edital estabelece ainda que n\u00e3o ser\u00e3o aceitos os documentos enviados fora do prazo.<\/strong><\/p>\n<h2>Resultado<\/h2>\n<p><strong>Em 17 de novembro, o Instituto Nacional de Estudos e Pesquisas Educacionais An\u00edsio Teixeira (Inep) publicar\u00e1 no Sistema Revalida\u00a0o resultado preliminar sobre a aceita\u00e7\u00e3o do documento comprobat\u00f3rio.<\/strong><\/p>\n<p><strong>Se envio for reprovado, o participante poder\u00e1 solicitar recurso ao Inep entre 17 e 21 de novembro.<\/strong><\/p>\n<p><a href=\"https:\/\/www.in.gov.br\/en\/web\/dou\/-\/edital-n-86-de-2-de-julho-de-2025-639825685\" target=\"_blank\">Caso o documento n\u00e3o esteja em conformidade as regras do edital<\/a>\u00a0do Revalida 2\/2025, o participante n\u00e3o poder\u00e1 realizar a inscri\u00e7\u00e3o na segunda etapa do exame, mesmo que tenha obtido desempenho m\u00ednimo esperado (nota de corte) nas provas aplicadas no \u00faltimo domingo (19).<\/p>\n<p>\u00a0<strong>O resultado final ser\u00e1 conhecido em 5 de dezembro.<\/strong><\/p>\n<h2>Revalida<\/h2>\n<p><strong>O processo do Revalida serve para avaliar a forma\u00e7\u00e3o de brasileiros e estrangeiros que se formaram no exterior e querem exercer a medicina no Brasil.<\/strong><\/p>\n<p>O exame tem duas edi\u00e7\u00f5es anuais e \u00e9 direcionado tanto aos estrangeiros formados em medicina fora do Brasil quanto aos brasileiros que se graduaram em outro pa\u00eds e querem exercer a profiss\u00e3o em sua terra natal.<\/p>\n<p>O Revalida \u00e9 realizado em duas edi\u00e7\u00f5es anuais e composto por duas etapas (te\u00f3rica e\u00a0de habilidades cl\u00ednicas) que abordam, de forma interdisciplinar, as cinco grandes \u00e1reas da medicina: cl\u00ednica m\u00e9dica, cirurgia, ginecologia e obstetr\u00edcia, pediatria e medicina da fam\u00edlia, e comunidade (sa\u00fade coletiva).<\/p>\n<p><strong>O Revalida n\u00e3o classifica institui\u00e7\u00f5es de educa\u00e7\u00e3o superior de outros pa\u00edses.<\/strong><\/p>\n<p>\u00a0<\/p>\n","protected":false},"excerpt":{"rendered":"<p>O prazo para os candidatos da primeira etapa da segunda edi\u00e7\u00e3o de 2025 do Exame Nacional de Revalida\u00e7\u00e3o de Diplomas M\u00e9dicos Expedidos por Institui\u00e7\u00e3o de Educa\u00e7\u00e3o Superior Estrangeira (Revalida 2025\/2) enviarem a documenta\u00e7\u00e3o que comprovem a forma\u00e7\u00e3o m\u00e9dica termina \u00e0s 23 horas e 59 minutos desta sexta-feira (24). O envio do diploma m\u00e9dicos expedido por [&hellip;]<\/p>\n","protected":false},"author":6,"featured_media":6624,"comment_status":"open","ping_status":"open","sticky":false,"template":"","format":"standard","meta":{"site-sidebar-layout":"default","site-content-layout":"","ast-site-content-layout":"","site-content-style":"default","site-sidebar-style":"default","ast-global-header-display":"","ast-banner-title-visibility":"","ast-main-header-display":"","ast-hfb-above-header-display":"","ast-hfb-below-header-display":"","ast-hfb-mobile-header-display":"","site-post-title":"","ast-breadcrumbs-content":"","ast-featured-img":"","footer-sml-layout":"","theme-transparent-header-meta":"","adv-header-id-meta":"","stick-header-meta":"","header-above-stick-meta":"","header-main-stick-meta":"","header-below-stick-meta":"","astra-migrate-meta-layouts":"default","ast-page-background-enabled":"default","ast-page-background-meta":{"desktop":{"background-color":"var(--ast-global-color-4)","background-image":"","background-repeat":"repeat","background-position":"center center","background-size":"auto","background-attachment":"scroll","background-type":"","background-media":"","overlay-type":"","overlay-color":"","overlay-opacity":"","overlay-gradient":""},"tablet":{"background-color":"","background-image":"","background-repeat":"repeat","background-position":"center center","background-size":"auto","background-attachment":"scroll","background-type":"","background-media":"","overlay-type":"","overlay-color":"","overlay-opacity":"","overlay-gradient":""},"mobile":{"background-color":"","background-image":"","background-repeat":"repeat","background-position":"center center","background-size":"auto","background-attachment":"scroll","background-type":"","background-media":"","overlay-type":"","overlay-color":"","overlay-opacity":"","overlay-gradient":""}},"ast-content-background-meta":{"desktop":{"background-color":"var(--ast-global-color-5)","background-image":"","background-repeat":"repeat","background-position":"center center","background-size":"auto","background-attachment":"scroll","background-type":"","background-media":"","overlay-type":"","overlay-color":"","overlay-opacity":"","overlay-gradient":""},"tablet":{"background-color":"var(--ast-global-color-5)","background-image":"","background-repeat":"repeat","background-position":"center center","background-size":"auto","background-attachment":"scroll","background-type":"","background-media":"","overlay-type":"","overlay-color":"","overlay-opacity":"","overlay-gradient":""},"mobile":{"background-color":"var(--ast-global-color-5)","background-image":"","background-repeat":"repeat","background-position":"center center","background-size":"auto","background-attachment":"scroll","background-type":"","background-media":"","overlay-type":"","overlay-color":"","overlay-opacity":"","overlay-gradient":""}},"footnotes":""},"categories":[123],"tags":[],"class_list":["post-6623","post","type-post","status-publish","format-standard","has-post-thumbnail","hentry","category-politica"],"_links":{"self":[{"href":"https:\/\/jornalregionalms.com.br\/index.php?rest_route=\/wp\/v2\/posts\/6623","targetHints":{"allow":["GET"]}}],"collection":[{"href":"https:\/\/jornalregionalms.com.br\/index.php?rest_route=\/wp\/v2\/posts"}],"about":[{"href":"https:\/\/jornalregionalms.com.br\/index.php?rest_route=\/wp\/v2\/types\/post"}],"author":[{"embeddable":true,"href":"https:\/\/jornalregionalms.com.br\/index.php?rest_route=\/wp\/v2\/users\/6"}],"replies":[{"embeddable":true,"href":"https:\/\/jornalregionalms.com.br\/index.php?rest_route=%2Fwp%2Fv2%2Fcomments&post=6623"}],"version-history":[{"count":0,"href":"https:\/\/jornalregionalms.com.br\/index.php?rest_route=\/wp\/v2\/posts\/6623\/revisions"}],"wp:featuredmedia":[{"embeddable":true,"href":"https:\/\/jornalregionalms.com.br\/index.php?rest_route=\/wp\/v2\/media\/6624"}],"wp:attachment":[{"href":"https:\/\/jornalregionalms.com.br\/index.php?rest_route=%2Fwp%2Fv2%2Fmedia&parent=6623"}],"wp:term":[{"taxonomy":"category","embeddable":true,"href":"https:\/\/jornalregionalms.com.br\/index.php?rest_route=%2Fwp%2Fv2%2Fcategories&post=6623"},{"taxonomy":"post_tag","embeddable":true,"href":"https:\/\/jornalregionalms.com.br\/index.php?rest_route=%2Fwp%2Fv2%2Ftags&post=6623"}],"curies":[{"name":"wp","href":"https:\/\/api.w.org\/{rel}","templated":true}]}}