{"id":6357,"date":"2025-10-21T18:27:31","date_gmt":"2025-10-21T22:27:31","guid":{"rendered":"https:\/\/jornalregionalms.com.br\/?p=6357"},"modified":"2025-10-21T18:27:31","modified_gmt":"2025-10-21T22:27:31","slug":"pf-faz-operacao-contra-importacao-clandestina-de-remedio-emagrecedor","status":"publish","type":"post","link":"https:\/\/jornalregionalms.com.br\/?p=6357","title":{"rendered":"PF faz opera\u00e7\u00e3o contra importa\u00e7\u00e3o clandestina de rem\u00e9dio emagrecedor"},"content":{"rendered":"<\/p>\n<p><a class=\"\" href=\"https:\/\/agenciabrasil.ebc.com.br\/geral\/noticia\/2025-10\/pf-faz-operacao-contra-importacao-clandestina-de-remedio-emagrecedor\"><br \/>\n                    <img decoding=\"async\" src=\"https:\/\/cdn.jsdelivr.net\/gh\/sergiosdlima\/assets-ebc@1.0.0\/abr\/assets\/images\/logo-agenciabrasil.svg\" alt=\"Logo Ag\u00eancia Brasil\"><br \/>\n\t\t\t\t<\/a><\/p>\n<p>Agentes da Pol\u00edcia Federal realizaram nesta ter\u00e7a-feira (21) uma opera\u00e7\u00e3o contra a importa\u00e7\u00e3o e a recepta\u00e7\u00e3o de rem\u00e9dios para emagrecer de\u00a0proced\u00eancia desconhecida que eram usados em cl\u00ednicas m\u00e9dicas.<img decoding=\"async\" src=\"https:\/\/agenciabrasil.ebc.com.br\/ebc.png?id=1663742&#038;o=rss\"><img decoding=\"async\" src=\"https:\/\/agenciabrasil.ebc.com.br\/ebc.gif?id=1663742&#038;o=rss\"><\/p>\n<p>Os policiais\u00a0federais cumpriram tr\u00eas mandados de busca e apreens\u00e3o em uma cl\u00ednica m\u00e9dica e resid\u00eancias de investigados, localizadas nas cidades do Rio de Janeiro e\u00a0S\u00e3o Gon\u00e7alo, na regi\u00e3o metropolitana da capital fluminense.<\/p>\n<\/p>\n<h3>Not\u00edcias relacionadas:<\/h3>\n<ul>\n<li><a href=\"https:\/\/agenciabrasil.ebc.com.br\/justica\/noticia\/2025-10\/pf-quer-investigar-entrada-de-ex-assessor-de-bolsonaro-nos-eua\">PF quer investigar entrada de ex-assessor de Bolsonaro nos EUA.<\/a><\/li>\n<li><a href=\"https:\/\/agenciabrasil.ebc.com.br\/geral\/noticia\/2025-10\/operacao-da-pf-em-guarulhos-impede-trafico-de-animais-silvestres\">Opera\u00e7\u00e3o da PF em Guarulhos impede tr\u00e1fico de animais silvestres.<\/a><\/li>\n<li><a href=\"https:\/\/agenciabrasil.ebc.com.br\/justica\/noticia\/2025-10\/moraes-autoriza-investigacao-sobre-interferencia-de-bolsonaro-na-pf\">Moraes autoriza investiga\u00e7\u00e3o sobre interfer\u00eancia de Bolsonaro na PF.<\/a><\/li>\n<\/ul>\n<p><strong>As investiga\u00e7\u00f5es tiveram como ponto de partida a pris\u00e3o de um servidor da Ag\u00eancia Nacional de Vigil\u00e2ncia Sanit\u00e1ria (Anvisa)<\/strong>,\u00a0que havia furtado cerca de 100 canetas emagrecedoras apreendidas pela ag\u00eancia reguladora, que colabora com a PF no inqu\u00e9rito.<\/p>\n<p>A Pol\u00edcia Federal identificou aumento expressivo de apreens\u00f5es de rem\u00e9dios para emagrecimento na fiscaliza\u00e7\u00e3o aeroportu\u00e1ria. Importados clandestinamente, esses f\u00e1rmacos s\u00e3o\u00a0desviados para comercializa\u00e7\u00e3o em cl\u00ednicas m\u00e9dicas.\u00a0<\/p>\n<p><a href=\"https:\/\/www.whatsapp.com\/channel\/0029VaoRTgrInlqYLSk59B2M\" target=\"_blank\">>> Siga o canal da <strong>Ag\u00eancia Brasil <\/strong>no WhatsApp<\/a><\/p>\n<p><strong>A importa\u00e7\u00e3o clandestina de rem\u00e9dios\u00a0desse\u00a0tipo representa um risco para a sa\u00fade p\u00fablica<\/strong>, porque \u00e9 imposs\u00edvel verificar\u00a0sua\u00a0real proced\u00eancia e garantir\u00a0procedimentos regulares de armazenamento e transporte.<\/p>\n<p>Os investigados v\u00e3o responder pelos crimes de Importa\u00e7\u00e3o e venda de medicamento de proced\u00eancia ignorada, bem como recepta\u00e7\u00e3o qualificada.<\/p>\n","protected":false},"excerpt":{"rendered":"<p>Agentes da Pol\u00edcia Federal realizaram nesta ter\u00e7a-feira (21) uma opera\u00e7\u00e3o contra a importa\u00e7\u00e3o e a recepta\u00e7\u00e3o de rem\u00e9dios para emagrecer de\u00a0proced\u00eancia desconhecida que eram usados em cl\u00ednicas m\u00e9dicas. Os policiais\u00a0federais cumpriram tr\u00eas mandados de busca e apreens\u00e3o em uma cl\u00ednica m\u00e9dica e resid\u00eancias de investigados, localizadas nas cidades do Rio de Janeiro e\u00a0S\u00e3o Gon\u00e7alo, na [&hellip;]<\/p>\n","protected":false},"author":32,"featured_media":6358,"comment_status":"open","ping_status":"open","sticky":false,"template":"","format":"standard","meta":{"site-sidebar-layout":"default","site-content-layout":"","ast-site-content-layout":"","site-content-style":"default","site-sidebar-style":"default","ast-global-header-display":"","ast-banner-title-visibility":"","ast-main-header-display":"","ast-hfb-above-header-display":"","ast-hfb-below-header-display":"","ast-hfb-mobile-header-display":"","site-post-title":"","ast-breadcrumbs-content":"","ast-featured-img":"","footer-sml-layout":"","theme-transparent-header-meta":"","adv-header-id-meta":"","stick-header-meta":"","header-above-stick-meta":"","header-main-stick-meta":"","header-below-stick-meta":"","astra-migrate-meta-layouts":"default","ast-page-background-enabled":"default","ast-page-background-meta":{"desktop":{"background-color":"var(--ast-global-color-4)","background-image":"","background-repeat":"repeat","background-position":"center center","background-size":"auto","background-attachment":"scroll","background-type":"","background-media":"","overlay-type":"","overlay-color":"","overlay-opacity":"","overlay-gradient":""},"tablet":{"background-color":"","background-image":"","background-repeat":"repeat","background-position":"center center","background-size":"auto","background-attachment":"scroll","background-type":"","background-media":"","overlay-type":"","overlay-color":"","overlay-opacity":"","overlay-gradient":""},"mobile":{"background-color":"","background-image":"","background-repeat":"repeat","background-position":"center center","background-size":"auto","background-attachment":"scroll","background-type":"","background-media":"","overlay-type":"","overlay-color":"","overlay-opacity":"","overlay-gradient":""}},"ast-content-background-meta":{"desktop":{"background-color":"var(--ast-global-color-5)","background-image":"","background-repeat":"repeat","background-position":"center center","background-size":"auto","background-attachment":"scroll","background-type":"","background-media":"","overlay-type":"","overlay-color":"","overlay-opacity":"","overlay-gradient":""},"tablet":{"background-color":"var(--ast-global-color-5)","background-image":"","background-repeat":"repeat","background-position":"center center","background-size":"auto","background-attachment":"scroll","background-type":"","background-media":"","overlay-type":"","overlay-color":"","overlay-opacity":"","overlay-gradient":""},"mobile":{"background-color":"var(--ast-global-color-5)","background-image":"","background-repeat":"repeat","background-position":"center center","background-size":"auto","background-attachment":"scroll","background-type":"","background-media":"","overlay-type":"","overlay-color":"","overlay-opacity":"","overlay-gradient":""}},"footnotes":""},"categories":[1],"tags":[],"class_list":["post-6357","post","type-post","status-publish","format-standard","has-post-thumbnail","hentry","category-sem-categoria"],"_links":{"self":[{"href":"https:\/\/jornalregionalms.com.br\/index.php?rest_route=\/wp\/v2\/posts\/6357","targetHints":{"allow":["GET"]}}],"collection":[{"href":"https:\/\/jornalregionalms.com.br\/index.php?rest_route=\/wp\/v2\/posts"}],"about":[{"href":"https:\/\/jornalregionalms.com.br\/index.php?rest_route=\/wp\/v2\/types\/post"}],"author":[{"embeddable":true,"href":"https:\/\/jornalregionalms.com.br\/index.php?rest_route=\/wp\/v2\/users\/32"}],"replies":[{"embeddable":true,"href":"https:\/\/jornalregionalms.com.br\/index.php?rest_route=%2Fwp%2Fv2%2Fcomments&post=6357"}],"version-history":[{"count":0,"href":"https:\/\/jornalregionalms.com.br\/index.php?rest_route=\/wp\/v2\/posts\/6357\/revisions"}],"wp:featuredmedia":[{"embeddable":true,"href":"https:\/\/jornalregionalms.com.br\/index.php?rest_route=\/wp\/v2\/media\/6358"}],"wp:attachment":[{"href":"https:\/\/jornalregionalms.com.br\/index.php?rest_route=%2Fwp%2Fv2%2Fmedia&parent=6357"}],"wp:term":[{"taxonomy":"category","embeddable":true,"href":"https:\/\/jornalregionalms.com.br\/index.php?rest_route=%2Fwp%2Fv2%2Fcategories&post=6357"},{"taxonomy":"post_tag","embeddable":true,"href":"https:\/\/jornalregionalms.com.br\/index.php?rest_route=%2Fwp%2Fv2%2Ftags&post=6357"}],"curies":[{"name":"wp","href":"https:\/\/api.w.org\/{rel}","templated":true}]}}