{"id":6355,"date":"2025-10-21T18:27:32","date_gmt":"2025-10-21T22:27:32","guid":{"rendered":"https:\/\/jornalregionalms.com.br\/?p=6355"},"modified":"2025-10-21T18:27:32","modified_gmt":"2025-10-21T22:27:32","slug":"delegacia-da-pf-no-aeroporto-de-guarulhos-tera-capacidade-duplicada","status":"publish","type":"post","link":"https:\/\/jornalregionalms.com.br\/?p=6355","title":{"rendered":"Delegacia da PF no Aeroporto de Guarulhos ter\u00e1 capacidade duplicada"},"content":{"rendered":"<\/p>\n<p><a class=\"\" href=\"https:\/\/agenciabrasil.ebc.com.br\/geral\/noticia\/2025-10\/delegacia-da-pf-no-aeroporto-de-guarulhos-tera-capacidade-duplicada\"><br \/>\n                    <img decoding=\"async\" src=\"https:\/\/cdn.jsdelivr.net\/gh\/sergiosdlima\/assets-ebc@1.0.0\/abr\/assets\/images\/logo-agenciabrasil.svg\" alt=\"Logo Ag\u00eancia Brasil\"><br \/>\n\t\t\t\t<\/a><\/p>\n<p>O ministro de Portos e Aeroportos, Silvio Costa Filho, anunciou nesta ter\u00e7a-feira\u00a0(21) o in\u00edcio das obras de amplia\u00e7\u00e3o e de moderniza\u00e7\u00e3o da Delegacia Especial da Pol\u00edcia Federal no Aeroporto Internacional de Guarulhos. Os investimentos nessas obras, informou o ministro durante agenda na cidade paulista, somam R$ 22 milh\u00f5es e devem ser entregues no prazo de 18 meses.<img decoding=\"async\" src=\"https:\/\/agenciabrasil.ebc.com.br\/ebc.png?id=1663754&#038;o=rss\"><img decoding=\"async\" src=\"https:\/\/agenciabrasil.ebc.com.br\/ebc.gif?id=1663754&#038;o=rss\"><\/p>\n<p><strong>Essa amplia\u00e7\u00e3o dever\u00e1 duplicar a capacidade de atendimento da PF no aeroporto. <\/strong>A \u00e1rea \u00e0 disposi\u00e7\u00e3o da corpora\u00e7\u00e3o\u00a0vai\u00a0passar\u00a0de 1,4 mil metros quadrados (m\u00b2) para 2,6 mil m\u00b2, o que deve melhorar e fortalecer a atua\u00e7\u00e3o do \u00f3rg\u00e3o nas \u00e1reas de imigra\u00e7\u00e3o, controle de fronteiras, preven\u00e7\u00e3o ao tr\u00e1fico internacional de drogas e repress\u00e3o a crimes transnacionais.<\/p>\n<\/p>\n<h3>Not\u00edcias relacionadas:<\/h3>\n<ul>\n<li><a href=\"https:\/\/agenciabrasil.ebc.com.br\/geral\/noticia\/2025-10\/pf-combate-trafico-internacional-de-drogas-no-aeroporto-de-guarulhos\">PF combate tr\u00e1fico internacional de drogas no Aeroporto de Guarulhos .<\/a><\/li>\n<li><a href=\"https:\/\/agenciabrasil.ebc.com.br\/geral\/noticia\/2025-10\/pf-faz-operacao-contra-importacao-clandestina-de-remedio-emagrecedor\">PF faz opera\u00e7\u00e3o contra importa\u00e7\u00e3o clandestina de rem\u00e9dio emagrecedor.<\/a><\/li>\n<li><a href=\"https:\/\/agenciabrasil.ebc.com.br\/economia\/noticia\/2025-09\/galeao-deve-chegar-30-milhoes-de-passageiros-em-3-anos-diz-ministro\">Gale\u00e3o deve chegar a 30 milh\u00f5es de passageiros em 3 anos, diz ministro.<\/a><\/li>\n<\/ul>\n<p><strong>S\u00f3 neste ano, mais de 2,2 mil pris\u00f5es foram realizadas pela delegacia do \u00f3rg\u00e3o instalada no Aeroporto de Guarulhos, segundo a PF. <\/strong>O\u00a0ministro acrescentou que mais de 60% dos estrangeiros que chegam ao pa\u00eds\u00a0entram pelo Aeroporto de Guarulhos \u2500 em 2025, o Brasil j\u00e1 recebeu 9 milh\u00f5es de turistas estrangeiros.<\/p>\n<p>\u201cEsse \u00e9 um momento hist\u00f3rico para o aeroporto. N\u00e3o s\u00e3o apenas os R$ 22 milh\u00f5es para a amplia\u00e7\u00e3o, o que \u00e9 muito importante, mas a gente est\u00e1 discutindo um programa com investimentos na ordem de mais de R$ 300 milh\u00f5es\u201d, disse o ministro, durante uma cerim\u00f4nia realizada no terminal aeroportu\u00e1rio\u00a0nesta\u00a0tarde.<\/p>\n<p><a href=\"https:\/\/www.whatsapp.com\/channel\/0029VaoRTgrInlqYLSk59B2M\" target=\"_blank\">>> Siga o canal da <strong>Ag\u00eancia Brasil <\/strong>no WhatsApp<\/a><\/p>\n<p>Todos esses investimentos, disse o ministro, est\u00e3o previstos para a melhoria da fiscaliza\u00e7\u00e3o na \u00e1rea de tecnologia da informa\u00e7\u00e3o, monitoramento e para mecanismos de opera\u00e7\u00e3o de bagagem. \u201cTem um conjunto de investimentos que est\u00e3o sendo feitos aqui\u00a0que dialoga\u00a0com a necessidade de a gente poder cada vez mais estruturar a seguran\u00e7a do aeroporto de Guarulhos\u201d, disse Costa Filho.<\/p>\n<p>\u00a0<\/p>\n<div class=\"dnd-widget-wrapper context-cheio_8colunas type-image\">\n<div class=\"dnd-atom-rendered\"><!-- scald=441302:cheio_8colunas --><br \/>\n            <img decoding=\"async\" src=\"https:\/\/agenciabrasil.ebc.com.br\/sites\/default\/files\/thumbnails\/image\/loading_v2.gif\" data-echo=\"https:\/\/imagens.ebc.com.br\/zzlurGLOAWG_xNzI8UT2RXdEHq8=\/754x0\/smart\/https:\/\/agenciabrasil.ebc.com.br\/sites\/default\/files\/thumbnails\/image\/2025\/10\/21\/pint4904.jpg?itok=3y3I9C2m\" alt=\"S\u00e3o Paulo (SP), 21\/10\/2025 - Ministro dos Portos e Aeroportos, Silvio Costa Filho, participa da Cerim\u00f4nia de Lan\u00e7amento das obras de amplia\u00e7\u00e3o da Delegacia Especial da Pol\u00edcia Federal no aeroporto de Guarulhos. Foto: Paulo Pinto\/Ag\u00eancia Brasil\" title=\"Paulo Pinto\/Ag\u00eancia Brasil\"><br \/>\n        <noscript><img decoding=\"async\" src=\"https:\/\/imagens.ebc.com.br\/zzlurGLOAWG_xNzI8UT2RXdEHq8=\/754x0\/smart\/https:\/\/agenciabrasil.ebc.com.br\/sites\/default\/files\/thumbnails\/image\/2025\/10\/21\/pint4904.jpg?itok=3y3I9C2m\" alt=\"S\u00e3o Paulo (SP), 21\/10\/2025 - Ministro dos Portos e Aeroportos, Silvio Costa Filho, participa da Cerim\u00f4nia de Lan\u00e7amento das obras de amplia\u00e7\u00e3o da Delegacia Especial da Pol\u00edcia Federal no aeroporto de Guarulhos. Foto: Paulo Pinto\/Ag\u00eancia Brasil\" title=\"Paulo Pinto\/Ag\u00eancia Brasil\"><\/noscript><br \/>\n    <!-- END scald=441302 --><\/div>\n<div class=\"dnd-caption-wrapper\">\n<h6 class=\"meta\">Ministro dos Portos e Aeroportos, Silvio Costa Filho, participa da Cerim\u00f4nia de Lan\u00e7amento das obras de amplia\u00e7\u00e3o da Delegacia Especial da Pol\u00edcia Federal no aeroporto de Guarulhos.\u00a0<strong>Paulo Pinto\/Ag\u00eancia Brasil<\/strong><!--END copyright=441302--><\/h6>\n<\/div>\n<\/div>\n<p><strong>Segundo a Pol\u00edcia Federal, a nova estrutura prev\u00ea a readequa\u00e7\u00e3o completa do pavimento t\u00e9rreo, e a constru\u00e7\u00e3o de um novo andar superior<\/strong>, com laborat\u00f3rio de per\u00edcia, \u00e1reas de plant\u00e3o, salas de audi\u00eancia, gabinete ampliado, espa\u00e7os para papiloscopia, canil K9, cart\u00f3rios e atendimento de passaportes.<\/p>\n<p>A iniciativa faz parte do programa federal <a href=\"https:\/\/agenciabrasil.ebc.com.br\/geral\/noticia\/2023-06\/governo-lanca-programa-para-aumentar-seguranca-em-aeroportos\">Aeroportos Mais Seguros<\/a> que, segundo o ministro, tem expectativa de movimentar R$ 1 bilh\u00e3o de investimentos nos aeroportos de todo o pa\u00eds.<\/p>\n<p><strong>No ano passado, mais de 43 milh\u00f5es de passageiros passaram pelo Aeroporto de Guarulhos, o maior terminal a\u00e9reo da Am\u00e9rica Latina.<\/strong><\/p>\n<blockquote>\n<p>\u201cEsse aeroporto \u00e9 extremamente importante para o Brasil e para a Am\u00e9rica Latina. Essa \u00e9 a maior fronteira da Am\u00e9rica Latina. Ent\u00e3o, a import\u00e2ncia da PF nesse aeroporto \u00e9 essencial. Essa parceria\u00a0visa a proporcionar melhores condi\u00e7\u00f5es de trabalho, para garantir n\u00e3o s\u00f3 a seguran\u00e7a do voo, mas do passageiro e da sociedade como um todo\u201d, disse Rodrigo Luis Sanfurgo de Carvalho, superintendente da PF em S\u00e3o Paulo.<\/p>\n<\/blockquote>\n<h2>Congonhas<\/h2>\n<p>Segundo o ministro de Portos\u00a0 Aeroportos, nos pr\u00f3ximos dias, <strong>o governo federal tamb\u00e9m dever\u00e1 anunciar um programa de melhorias para o Aeroporto de Congonhas, na capital paulista.<\/strong><\/p>\n<p>\u201cNos pr\u00f3ximos 20 dias, n\u00f3s vamos anunciar mais R$ 2,5 milh\u00f5es de investimentos no Aeroporto de Congonhas, que vai mudar completamente a sua infraestrutura. Estamos fazendo diversos investimentos aqui no estado de S\u00e3o Paulo, tais como no Aeroporto de Americana e no de Ol\u00edmpia\u201d, declarou. \u201cEstamos fortalecendo a avia\u00e7\u00e3o no Estado de S\u00e3o Paulo, que \u00e9 fundamental, e n\u00e3o s\u00f3 para esses grandes <em>players<\/em>, que s\u00e3o os aeroportos de Guarulhos, Congonhas e Viracopos, mas tamb\u00e9m para a avia\u00e7\u00e3o regional\u201d, falou o ministro.<\/p>\n<h2>Litoral paulista<\/h2>\n<p>Mais cedo, o ministro esteve nas cidades de S\u00e3o Sebasti\u00e3o e Caraguatatuba, no litoral norte paulista. <strong>Em S\u00e3o Sebasti\u00e3o, Silvio Costa Filho anunciou o arrendamento da \u00e1rea SSB01 do Porto de S\u00e3o Sebasti\u00e3o<\/strong>, que prev\u00ea um p\u00eder de atraca\u00e7\u00e3o, amplia\u00e7\u00e3o do p\u00e1tio, um novo sistema para carga e descarga de caminh\u00f5es, al\u00e9m de dragagem para aprofundar os canais de acesso.<\/p>\n<p>Segundo o minist\u00e9rio, essas obras devem gerar 5 mil empregos durante a constru\u00e7\u00e3o e 1,3 mil postos de trabalho permanentes na opera\u00e7\u00e3o.<\/p>\n<p><strong>J\u00e1 em Caraguatatuba, o ministro anunciou o projeto do novo aer\u00f3dromo do munic\u00edpio<\/strong>, que est\u00e1 em fase de licenciamento. A previs\u00e3o \u00e9 de que seja constru\u00edda uma pista de pouso e decolagem de 880 metros, projetada para receber aeronaves de pequeno porte, tanto de avia\u00e7\u00e3o geral quanto executiva.<\/p>\n<p>O aer\u00f3dromo tamb\u00e9m ser\u00e1 equipado para operar por instrumentos (IFR), o que permitir\u00e1 pousos e decolagens com seguran\u00e7a mesmo em condi\u00e7\u00f5es meteorol\u00f3gicas desfavor\u00e1veis.<\/p>\n","protected":false},"excerpt":{"rendered":"<p>O ministro de Portos e Aeroportos, Silvio Costa Filho, anunciou nesta ter\u00e7a-feira\u00a0(21) o in\u00edcio das obras de amplia\u00e7\u00e3o e de moderniza\u00e7\u00e3o da Delegacia Especial da Pol\u00edcia Federal no Aeroporto Internacional de Guarulhos. Os investimentos nessas obras, informou o ministro durante agenda na cidade paulista, somam R$ 22 milh\u00f5es e devem ser entregues no prazo de [&hellip;]<\/p>\n","protected":false},"author":80,"featured_media":6356,"comment_status":"open","ping_status":"open","sticky":false,"template":"","format":"standard","meta":{"site-sidebar-layout":"default","site-content-layout":"","ast-site-content-layout":"","site-content-style":"default","site-sidebar-style":"default","ast-global-header-display":"","ast-banner-title-visibility":"","ast-main-header-display":"","ast-hfb-above-header-display":"","ast-hfb-below-header-display":"","ast-hfb-mobile-header-display":"","site-post-title":"","ast-breadcrumbs-content":"","ast-featured-img":"","footer-sml-layout":"","theme-transparent-header-meta":"","adv-header-id-meta":"","stick-header-meta":"","header-above-stick-meta":"","header-main-stick-meta":"","header-below-stick-meta":"","astra-migrate-meta-layouts":"default","ast-page-background-enabled":"default","ast-page-background-meta":{"desktop":{"background-color":"var(--ast-global-color-4)","background-image":"","background-repeat":"repeat","background-position":"center center","background-size":"auto","background-attachment":"scroll","background-type":"","background-media":"","overlay-type":"","overlay-color":"","overlay-opacity":"","overlay-gradient":""},"tablet":{"background-color":"","background-image":"","background-repeat":"repeat","background-position":"center center","background-size":"auto","background-attachment":"scroll","background-type":"","background-media":"","overlay-type":"","overlay-color":"","overlay-opacity":"","overlay-gradient":""},"mobile":{"background-color":"","background-image":"","background-repeat":"repeat","background-position":"center center","background-size":"auto","background-attachment":"scroll","background-type":"","background-media":"","overlay-type":"","overlay-color":"","overlay-opacity":"","overlay-gradient":""}},"ast-content-background-meta":{"desktop":{"background-color":"var(--ast-global-color-5)","background-image":"","background-repeat":"repeat","background-position":"center center","background-size":"auto","background-attachment":"scroll","background-type":"","background-media":"","overlay-type":"","overlay-color":"","overlay-opacity":"","overlay-gradient":""},"tablet":{"background-color":"var(--ast-global-color-5)","background-image":"","background-repeat":"repeat","background-position":"center center","background-size":"auto","background-attachment":"scroll","background-type":"","background-media":"","overlay-type":"","overlay-color":"","overlay-opacity":"","overlay-gradient":""},"mobile":{"background-color":"var(--ast-global-color-5)","background-image":"","background-repeat":"repeat","background-position":"center center","background-size":"auto","background-attachment":"scroll","background-type":"","background-media":"","overlay-type":"","overlay-color":"","overlay-opacity":"","overlay-gradient":""}},"footnotes":""},"categories":[1],"tags":[],"class_list":["post-6355","post","type-post","status-publish","format-standard","has-post-thumbnail","hentry","category-sem-categoria"],"_links":{"self":[{"href":"https:\/\/jornalregionalms.com.br\/index.php?rest_route=\/wp\/v2\/posts\/6355","targetHints":{"allow":["GET"]}}],"collection":[{"href":"https:\/\/jornalregionalms.com.br\/index.php?rest_route=\/wp\/v2\/posts"}],"about":[{"href":"https:\/\/jornalregionalms.com.br\/index.php?rest_route=\/wp\/v2\/types\/post"}],"author":[{"embeddable":true,"href":"https:\/\/jornalregionalms.com.br\/index.php?rest_route=\/wp\/v2\/users\/80"}],"replies":[{"embeddable":true,"href":"https:\/\/jornalregionalms.com.br\/index.php?rest_route=%2Fwp%2Fv2%2Fcomments&post=6355"}],"version-history":[{"count":0,"href":"https:\/\/jornalregionalms.com.br\/index.php?rest_route=\/wp\/v2\/posts\/6355\/revisions"}],"wp:featuredmedia":[{"embeddable":true,"href":"https:\/\/jornalregionalms.com.br\/index.php?rest_route=\/wp\/v2\/media\/6356"}],"wp:attachment":[{"href":"https:\/\/jornalregionalms.com.br\/index.php?rest_route=%2Fwp%2Fv2%2Fmedia&parent=6355"}],"wp:term":[{"taxonomy":"category","embeddable":true,"href":"https:\/\/jornalregionalms.com.br\/index.php?rest_route=%2Fwp%2Fv2%2Fcategories&post=6355"},{"taxonomy":"post_tag","embeddable":true,"href":"https:\/\/jornalregionalms.com.br\/index.php?rest_route=%2Fwp%2Fv2%2Ftags&post=6355"}],"curies":[{"name":"wp","href":"https:\/\/api.w.org\/{rel}","templated":true}]}}