{"id":5596,"date":"2025-10-08T15:27:18","date_gmt":"2025-10-08T19:27:18","guid":{"rendered":"https:\/\/jornalregionalms.com.br\/?p=5596"},"modified":"2025-10-08T15:27:18","modified_gmt":"2025-10-08T19:27:18","slug":"trajetoria-politica-do-nordeste-e-marcada-por-controle-de-oligarquias","status":"publish","type":"post","link":"https:\/\/jornalregionalms.com.br\/?p=5596","title":{"rendered":"Trajet\u00f3ria pol\u00edtica do Nordeste \u00e9 marcada por controle de oligarquias"},"content":{"rendered":"<p>A trajet\u00f3ria pol\u00edtica do Nordeste \u00e9 marcada por uma hist\u00f3ria de contrastes. Durante s\u00e9culos, o poder se concentrou nas m\u00e3os das oligarquias. O coronelismo moldava as rela\u00e7\u00f5es de depend\u00eancia e controle do voto. Na Era Vargas e depois na Ditadura Militar, a centraliza\u00e7\u00e3o do poder no Rio de Janeiro e mais tarde em Bras\u00edlia, limitou a autonomia regional. Mas, com a redemocratiza\u00e7\u00e3o, o cen\u00e1rio passou a ser mais plural.\u00a0Sobre essas transforma\u00e7\u00f5es, a cientista pol\u00edtica Monalisa Torres destaca que, por muito tempo, as elites se beneficiaram do atraso econ\u00f4mico, o que agravou as desigualdades sociais:<img decoding=\"async\" src=\"https:\/\/agenciabrasil.ebc.com.br\/ebc.png?id=1661877&#038;o=rss\"><img decoding=\"async\" src=\"https:\/\/agenciabrasil.ebc.com.br\/ebc.gif?id=1661877&#038;o=rss\"><\/p>\n<blockquote>\n<p>&#8220;Ent\u00e3o, eles trocavam os votos por cargos. E o governo eleito, em troca, fornecia os instrumentos para que essa manuten\u00e7\u00e3o e essa influ\u00eancia sobre\u00a0a pol\u00edtica local se mantivesse. Que cargos eram esses? Eram indica\u00e7\u00e3o de delegados, indica\u00e7\u00e3o de ju\u00edzes, nomea\u00e7\u00e3o em fun\u00e7\u00f5es p\u00fablicas. Ent\u00e3o, os governadores garantiam o acesso \u00e0 m\u00e1quina, e em troca, a elite local oferecia os votos. E essa era a estrutura que mantinha essa popula\u00e7\u00e3o, mantinha o poder das elites locais e fazia funcionar o sistema coronelista&#8221;, conta.<\/p>\n<\/blockquote>\n<p>Nos \u00faltimos anos, o cen\u00e1rio j\u00e1 n\u00e3o \u00e9 de hegemonia. Com o avan\u00e7o de partidos de esquerda e centro-esquerda, o quadro se tornou mais disputado e fragmentado. Programas sociais voltados \u00e0 popula\u00e7\u00e3o mais vulner\u00e1vel contribu\u00edram para reduzir desigualdades, melhorar a qualidade de vida e ampliar o poder de compra das camadas mais pobres. Como consequ\u00eancia, o Nordeste passou a ter voz mais forte nas urnas e ganhou papel decisivo nas elei\u00e7\u00f5es presidenciais.\u00a0Esse movimento \u00e9 analisado pelo cientista pol\u00edtico Cl\u00e1udio Andr\u00e9, autor do livro Voto e Pol\u00edtica no Nordeste:<\/p>\n<blockquote>\n<p>&#8220;E o que a gente percebe \u00e9 que o s\u00e9culo XXI rompe com essa estrutura olig\u00e1rquica e vai se construir atrav\u00e9s de um novo padr\u00e3o de comportamento eleitoral, sobretudo focada na defesa de uma agenda que buscasse superar as desigualdades sociais, no padr\u00e3o de representa\u00e7\u00e3o pol\u00edtica, no comportamento eleitoral e na ascens\u00e3o de um novo ciclo pol\u00edtico que tamb\u00e9m coloca uma nova agenda em debate, em torno das quest\u00f5es envolvendo as pol\u00edticas p\u00fablicas.\u00a0Buscando a inclus\u00e3o, pol\u00edticas de saneamento, infraestrutura, gera\u00e7\u00e3o de emprego e essas transforma\u00e7\u00f5es que a gente percebe em uma nova estabilidade em torno do voto&#8221;, explica.<\/p>\n<\/blockquote>\n<p>Al\u00e9m da disputa eleitoral, os governos estaduais tamb\u00e9m se articulam com mais integra\u00e7\u00e3o e coopera\u00e7\u00e3o. O Cons\u00f3rcio Nordeste, criado em 2019, re\u00fane os nove estados da regi\u00e3o e tem como objetivo fortalecer pol\u00edticas p\u00fablicas, atrair investimentos e enfrentar desafios comuns. Essa estrat\u00e9gia tem se mostrado inovadora para articular a\u00e7\u00f5es pol\u00edticas e econ\u00f4micas de forma coletiva, segundo o presidente do cons\u00f3rcio e governador do Piau\u00ed, Rafael Fonteles.<\/p>\n<blockquote>\n<p>&#8220;O Nordeste tem um papel fundamental na pol\u00edtica nacional, n\u00e3o apenas pela for\u00e7a de sua gente e de sua cultura, mas tamb\u00e9m pela capacidade de se unir em torno de um projeto comum de desenvolvimento. Como presidente do Cons\u00f3rcio Nordeste, sou enf\u00e1tico em afirmar que nossa regi\u00e3o \u00e9 a express\u00e3o maior dessa uni\u00e3o. Estados que se articulam juntos, defendendo investimentos em infraestrutura, seguran\u00e7a, inova\u00e7\u00e3o, educa\u00e7\u00e3o, sa\u00fade e na transi\u00e7\u00e3o energ\u00e9tica, que \u00e9 um dos grandes desafios do nosso tempo, uma das grandes oportunidades da nossa regi\u00e3o. O Nordeste \u00e9 orgulho para o Brasil e continuar\u00e1 contribuindo de forma decisiva para um pa\u00eds mais justo, mais equilibrado e com oportunidade para todo o nosso povo&#8221;, diz.<\/p>\n<\/blockquote>\n<p><em>*Com a colabora\u00e7\u00e3o da R\u00e1dio Antares do Piau\u00ed<\/em><\/p>\n<p>  <span class=\"hms hms-format-m-ss\">3:43<\/span><\/p>\n","protected":false},"excerpt":{"rendered":"<p>A trajet\u00f3ria pol\u00edtica do Nordeste \u00e9 marcada por uma hist\u00f3ria de contrastes. Durante s\u00e9culos, o poder se concentrou nas m\u00e3os das oligarquias. O coronelismo moldava as rela\u00e7\u00f5es de depend\u00eancia e controle do voto. Na Era Vargas e depois na Ditadura Militar, a centraliza\u00e7\u00e3o do poder no Rio de Janeiro e mais tarde em Bras\u00edlia, limitou [&hellip;]<\/p>\n","protected":false},"author":1,"featured_media":5597,"comment_status":"open","ping_status":"open","sticky":false,"template":"","format":"standard","meta":{"site-sidebar-layout":"default","site-content-layout":"","ast-site-content-layout":"","site-content-style":"default","site-sidebar-style":"default","ast-global-header-display":"","ast-banner-title-visibility":"","ast-main-header-display":"","ast-hfb-above-header-display":"","ast-hfb-below-header-display":"","ast-hfb-mobile-header-display":"","site-post-title":"","ast-breadcrumbs-content":"","ast-featured-img":"","footer-sml-layout":"","theme-transparent-header-meta":"","adv-header-id-meta":"","stick-header-meta":"","header-above-stick-meta":"","header-main-stick-meta":"","header-below-stick-meta":"","astra-migrate-meta-layouts":"default","ast-page-background-enabled":"default","ast-page-background-meta":{"desktop":{"background-color":"var(--ast-global-color-4)","background-image":"","background-repeat":"repeat","background-position":"center center","background-size":"auto","background-attachment":"scroll","background-type":"","background-media":"","overlay-type":"","overlay-color":"","overlay-opacity":"","overlay-gradient":""},"tablet":{"background-color":"","background-image":"","background-repeat":"repeat","background-position":"center center","background-size":"auto","background-attachment":"scroll","background-type":"","background-media":"","overlay-type":"","overlay-color":"","overlay-opacity":"","overlay-gradient":""},"mobile":{"background-color":"","background-image":"","background-repeat":"repeat","background-position":"center center","background-size":"auto","background-attachment":"scroll","background-type":"","background-media":"","overlay-type":"","overlay-color":"","overlay-opacity":"","overlay-gradient":""}},"ast-content-background-meta":{"desktop":{"background-color":"var(--ast-global-color-5)","background-image":"","background-repeat":"repeat","background-position":"center center","background-size":"auto","background-attachment":"scroll","background-type":"","background-media":"","overlay-type":"","overlay-color":"","overlay-opacity":"","overlay-gradient":""},"tablet":{"background-color":"var(--ast-global-color-5)","background-image":"","background-repeat":"repeat","background-position":"center center","background-size":"auto","background-attachment":"scroll","background-type":"","background-media":"","overlay-type":"","overlay-color":"","overlay-opacity":"","overlay-gradient":""},"mobile":{"background-color":"var(--ast-global-color-5)","background-image":"","background-repeat":"repeat","background-position":"center center","background-size":"auto","background-attachment":"scroll","background-type":"","background-media":"","overlay-type":"","overlay-color":"","overlay-opacity":"","overlay-gradient":""}},"footnotes":""},"categories":[1],"tags":[],"class_list":["post-5596","post","type-post","status-publish","format-standard","has-post-thumbnail","hentry","category-sem-categoria"],"_links":{"self":[{"href":"https:\/\/jornalregionalms.com.br\/index.php?rest_route=\/wp\/v2\/posts\/5596","targetHints":{"allow":["GET"]}}],"collection":[{"href":"https:\/\/jornalregionalms.com.br\/index.php?rest_route=\/wp\/v2\/posts"}],"about":[{"href":"https:\/\/jornalregionalms.com.br\/index.php?rest_route=\/wp\/v2\/types\/post"}],"author":[{"embeddable":true,"href":"https:\/\/jornalregionalms.com.br\/index.php?rest_route=\/wp\/v2\/users\/1"}],"replies":[{"embeddable":true,"href":"https:\/\/jornalregionalms.com.br\/index.php?rest_route=%2Fwp%2Fv2%2Fcomments&post=5596"}],"version-history":[{"count":0,"href":"https:\/\/jornalregionalms.com.br\/index.php?rest_route=\/wp\/v2\/posts\/5596\/revisions"}],"wp:featuredmedia":[{"embeddable":true,"href":"https:\/\/jornalregionalms.com.br\/index.php?rest_route=\/wp\/v2\/media\/5597"}],"wp:attachment":[{"href":"https:\/\/jornalregionalms.com.br\/index.php?rest_route=%2Fwp%2Fv2%2Fmedia&parent=5596"}],"wp:term":[{"taxonomy":"category","embeddable":true,"href":"https:\/\/jornalregionalms.com.br\/index.php?rest_route=%2Fwp%2Fv2%2Fcategories&post=5596"},{"taxonomy":"post_tag","embeddable":true,"href":"https:\/\/jornalregionalms.com.br\/index.php?rest_route=%2Fwp%2Fv2%2Ftags&post=5596"}],"curies":[{"name":"wp","href":"https:\/\/api.w.org\/{rel}","templated":true}]}}