{"id":5532,"date":"2025-10-07T14:31:10","date_gmt":"2025-10-07T18:31:10","guid":{"rendered":"https:\/\/jornalregionalms.com.br\/?p=5532"},"modified":"2025-10-07T14:31:10","modified_gmt":"2025-10-07T18:31:10","slug":"pais-crescera-24-em-2025-acima-da-america-latina-diz-banco-mundial","status":"publish","type":"post","link":"https:\/\/jornalregionalms.com.br\/?p=5532","title":{"rendered":"Pa\u00eds crescer\u00e1 2,4% em 2025, acima da Am\u00e9rica Latina, diz Banco Mundial"},"content":{"rendered":"<\/p>\n<p><a class=\"\" href=\"https:\/\/agenciabrasil.ebc.com.br\/economia\/noticia\/2025-10\/pais-crescera-24-em-2025-acima-da-america-latina-diz-banco-mundial\"><br \/>\n                    <img decoding=\"async\" src=\"https:\/\/cdn.jsdelivr.net\/gh\/sergiosdlima\/assets-ebc@1.0.0\/abr\/assets\/images\/logo-agenciabrasil.svg\" alt=\"Logo Ag\u00eancia Brasil\"><br \/>\n\t\t\t\t<\/a><\/p>\n<p><strong>A economia brasileira deve crescer 2,4% este ano, acima da m\u00e9dia da Am\u00e9rica Latina e Caribe (2,3%).<\/strong> A proje\u00e7\u00e3o \u00e9 do <strong>Banco Mundial<\/strong>, que divulgou nesta ter\u00e7a-feira (7) mais uma edi\u00e7\u00e3o do relat\u00f3rio econ\u00f4mico para a regi\u00e3o.<img decoding=\"async\" src=\"https:\/\/agenciabrasil.ebc.com.br\/ebc.png?id=1661596&#038;o=rss\"><img decoding=\"async\" src=\"https:\/\/agenciabrasil.ebc.com.br\/ebc.gif?id=1661596&#038;o=rss\"><\/p>\n<p>Os economistas do Banco Mundial preveem as seguintes expans\u00f5es para o Produto Interno Bruto (PIB \u2013 conjunto de bens e servi\u00e7os produzidos) brasileiro:\u200b<\/p>\n<table border=\"1\" cellpadding=\"1\" cellspacing=\"1\">\n<tbody>\n<tr>\n<td class=\"rtecenter\"><b>Ano<\/b><\/td>\n<td class=\"rtecenter\"><strong>Proje\u00e7\u00e3o de crescimento do PIB<\/strong><\/td>\n<\/tr>\n<tr>\n<td class=\"rtecenter\">2025<\/td>\n<td class=\"rtecenter\">2,4%<\/td>\n<\/tr>\n<tr>\n<td class=\"rtecenter\">2026<\/td>\n<td class=\"rtecenter\">2,2%<\/td>\n<\/tr>\n<tr>\n<td class=\"rtecenter\">2027<\/td>\n<td class=\"rtecenter\">2,3%<\/td>\n<\/tr>\n<\/tbody>\n<\/table>\n<h3>Not\u00edcias relacionadas:<\/h3>\n<ul>\n<li><a href=\"https:\/\/agenciabrasil.ebc.com.br\/economia\/noticia\/2025-10\/galipolo-diz-que-mercado-de-trabalho-e-o-mais-exuberante-em-3-decadas\">Gal\u00edpolo diz que mercado de trabalho \u00e9 o mais exuberante em 3 d\u00e9cadas.<\/a><\/li>\n<li><a href=\"https:\/\/agenciabrasil.ebc.com.br\/economia\/noticia\/2025-10\/mercado-financeiro-reduz-previsao-de-inflacao-para-48\">Mercado financeiro reduz previs\u00e3o de infla\u00e7\u00e3o para 4,8%.<\/a><\/li>\n<li><a href=\"https:\/\/agenciabrasil.ebc.com.br\/economia\/noticia\/2025-09\/ipea-acompanha-bc-e-reduz-projecao-de-inflacao-para-48-em-2025\">Ipea acompanha BC e reduz proje\u00e7\u00e3o de infla\u00e7\u00e3o para 4,8% em 2025.<\/a><\/li>\n<\/ul>\n<p>As proje\u00e7\u00f5es s\u00e3o as mesmas do relat\u00f3rio de junho deste ano. As estimativas ficam acima tanto das do Banco Central (BC) brasileiro, quanto do mercado financeiro aqui no pa\u00eds.<\/p>\n<p>O Relat\u00f3rio de Pol\u00edtica Monet\u00e1ria do BC, divulgado no \u00faltimo dia 25, aponta <a href=\"https:\/\/agenciabrasil.ebc.com.br\/economia\/noticia\/2025-09\/banco-central-preve-crescimento-do-15-do-pib-em-2026\" target=\"_blank\">crescimento de 2% em 2025 e de 1,5% no ano que vem<\/a>.<\/p>\n<p><a href=\"https:\/\/www.whatsapp.com\/channel\/0029VaoRTgrInlqYLSk59B2M\" target=\"_blank\">>> Siga o canal da <strong>Ag\u00eancia Brasil <\/strong>no WhatsApp<\/a><\/p>\n<p>J\u00e1 o Boletim Focus, pesquisa do BC com institui\u00e7\u00f5es financeiras, divulgado nesta segunda-feira (6), <a href=\"https:\/\/agenciabrasil.ebc.com.br\/economia\/noticia\/2025-10\/mercado-financeiro-reduz-previsao-de-inflacao-para-48\" target=\"_blank\">prev\u00ea alta do PIB de 2,16% em 2025 e de 1,8% em 2026<\/a>.<\/p>\n<p>No ano passado, o PIB brasileiro teve <a href=\"https:\/\/agenciabrasil.ebc.com.br\/economia\/noticia\/2025-03\/economia-brasileira-cresce-34-em-2024-maior-alta-desde-2021\" target=\"_blank\">expans\u00e3o de 3,4%<\/a>.<\/p>\n<p>O Minist\u00e9rio da Fazenda tem proje\u00e7\u00f5es mais otimistas, com <a href=\"https:\/\/www.gov.br\/fazenda\/pt-br\/central-de-conteudo\/publicacoes\/conjuntura-economica\/boletim-macrofiscal\/2025\/boletim_mf_vf1-1.pdf\" target=\"_blank\">alta de 2,3% em 2025 e de 2,4% em 2026<\/a>, de acordo com o Boletim MacroFiscal de setembro.<\/p>\n<p>O relat\u00f3rio do Banco Mundial n\u00e3o traz justificativas espec\u00edficas para a proje\u00e7\u00e3o de todos os pa\u00edses, apenas para a regi\u00e3o da Am\u00e9rica Latina e Caribe como um todo.<\/p>\n<h2>Am\u00e9rica Latina e Caribe<\/h2>\n<p>O <a href=\"https:\/\/www.worldbank.org\/pt\/country\/brazil\" target=\"_blank\">Banco Mundial <\/a>\u00e9 uma institui\u00e7\u00e3o financeira internacional, formada por 189 pa\u00edses. A institui\u00e7\u00e3o faz parte do sistema das Na\u00e7\u00f5es Unidas e fica sediada na capital dos Estados Unidos, Washington.<\/p>\n<p>O banco multilateral tem como papel conceder empr\u00e9stimos a pa\u00edses em desenvolvimento para financiar projetos de infraestrutura, sa\u00fade, educa\u00e7\u00e3o e outras \u00e1reas.<\/p>\n<p><strong>Para os 29 pa\u00edses da Am\u00e9rica Latina e Caribe, o Banco Mundial prev\u00ea crescimento de 2,3% em 2025 e 2,5% no ano seguinte<\/strong>. A estimativa de 2025 \u00e9 a mesma do relat\u00f3rio de junho. J\u00e1 a de 2026 fica 0,1 ponto percentual acima. Em 2024, Am\u00e9rica Latina e Caribe cresceram 2,2%, assinala o Banco Mundial.<\/p>\n<p>Ao separar as proje\u00e7\u00f5es por pa\u00edses, <strong>a Guiana se destaca<\/strong>, com 11,8% de expans\u00e3o do PIB este ano e crescimentos superiores a 20% nos anos seguintes: 22,4% em 2026 e 24% em 2027. A explica\u00e7\u00e3o est\u00e1 no pujante setor petrol\u00edfero.<\/p>\n<p>Recentemente a Guiana mergulhou na explora\u00e7\u00e3o de petr\u00f3leo na Margem Equatorial, regi\u00e3o geogr\u00e1fica pr\u00f3xima \u00e0 Linha do Equador, tamb\u00e9m desejada pela <a href=\"https:\/\/agenciabrasil.ebc.com.br\/economia\/noticia\/2025-08\/petrobras-testa-capacidade-resposta-incidentes-na-margem-equatorial\" target=\"_blank\">Petrobras<\/a>.<\/p>\n<p><strong>Depois da Guiana, o maior crescimento previsto \u00e9 da Argentina<\/strong>, 4,6% em 2025 e 4% no ano que vem. Apesar do destaque, a proje\u00e7\u00e3o \u00e9 um recuo em rela\u00e7\u00e3o ao relat\u00f3rio de junho (5,5% em 2025, 4,5% em 2026).<\/p>\n<blockquote>\n<p>\u201cA Argentina continua apresentando uma recupera\u00e7\u00e3o econ\u00f4mica not\u00e1vel ap\u00f3s dois anos consecutivos de contra\u00e7\u00e3o, embora desafios profundos ainda persistam\u201d, ressaltam os economistas.<\/p>\n<\/blockquote>\n<p>Os piores n\u00fameros s\u00e3o da <strong>Bol\u00edvia, com previs\u00e3o de tr\u00eas anos de queda no PIB<\/strong>, sendo -0,5% este ano, -1,1% em 2026 e -1,5% em 2027.<\/p>\n<h2>Raz\u00f5es para a regi\u00e3o<\/h2>\n<p>De acordo com o Banco Mundial, <strong>a Am\u00e9rica Latina e o Caribe t\u00eam o ritmo mais lento entre as regi\u00f5es globais<\/strong>. Entre as explica\u00e7\u00f5es, os especialistas da institui\u00e7\u00e3o apontam quest\u00f5es externas e internas.<\/p>\n<p>Nas externas, est\u00e3o a desacelera\u00e7\u00e3o da economia global e queda no pre\u00e7o de <em>commodities<\/em> (mat\u00e9rias-primas comercializadas em grande escala e pre\u00e7os internacionais). Pa\u00edses como o Brasil, Chile, Venezuela e Bol\u00edvia s\u00e3o grandes exportadores de <em>commodities<\/em>.<\/p>\n<p>No cen\u00e1rio interno, os economistas apontam a pol\u00edtica monet\u00e1ria (combate \u00e0 infla\u00e7\u00e3o), que funciona\u00a0como um freio na economia. Outros pontos citados s\u00e3o baixo n\u00edvel de investimento, \u201ctanto p\u00fablico quanto privado\u201d, e \u201cpersistente falta de espa\u00e7o fiscal\u201d, ou seja, governos com limita\u00e7\u00e3o dos gastos p\u00fablicos.<\/p>\n<blockquote>\n<p>\u201cEsses desafios apenas refor\u00e7am a relev\u00e2ncia da agenda de reformas voltadas ao crescimento que s\u00e3o necess\u00e1rias nas \u00e1reas de infraestrutura, educa\u00e7\u00e3o, regula\u00e7\u00e3o, concorr\u00eancia e pol\u00edtica tribut\u00e1ria\u201d, assinala o Banco Mundial.<\/p>\n<\/blockquote>\n<p>\u201cEnfrentar essas quest\u00f5es exige reformas profundas, entre elas: melhorar os sistemas educacionais em todos os n\u00edveis, fortalecer a qualidade das universidades e institutos de pesquisa, bem como estreitar seus v\u00ednculos com o setor privado; al\u00e9m de aprofundar os mercados de capitais e facilitar a gest\u00e3o do risco inerente aos processos de inova\u00e7\u00e3o e empreendedorismo\u201d, completa o relat\u00f3rio.<\/p>\n","protected":false},"excerpt":{"rendered":"<p>A economia brasileira deve crescer 2,4% este ano, acima da m\u00e9dia da Am\u00e9rica Latina e Caribe (2,3%). A proje\u00e7\u00e3o \u00e9 do Banco Mundial, que divulgou nesta ter\u00e7a-feira (7) mais uma edi\u00e7\u00e3o do relat\u00f3rio econ\u00f4mico para a regi\u00e3o. Os economistas do Banco Mundial preveem as seguintes expans\u00f5es para o Produto Interno Bruto (PIB \u2013 conjunto de [&hellip;]<\/p>\n","protected":false},"author":25,"featured_media":5533,"comment_status":"open","ping_status":"open","sticky":false,"template":"","format":"standard","meta":{"site-sidebar-layout":"default","site-content-layout":"","ast-site-content-layout":"","site-content-style":"default","site-sidebar-style":"default","ast-global-header-display":"","ast-banner-title-visibility":"","ast-main-header-display":"","ast-hfb-above-header-display":"","ast-hfb-below-header-display":"","ast-hfb-mobile-header-display":"","site-post-title":"","ast-breadcrumbs-content":"","ast-featured-img":"","footer-sml-layout":"","theme-transparent-header-meta":"","adv-header-id-meta":"","stick-header-meta":"","header-above-stick-meta":"","header-main-stick-meta":"","header-below-stick-meta":"","astra-migrate-meta-layouts":"default","ast-page-background-enabled":"default","ast-page-background-meta":{"desktop":{"background-color":"var(--ast-global-color-4)","background-image":"","background-repeat":"repeat","background-position":"center center","background-size":"auto","background-attachment":"scroll","background-type":"","background-media":"","overlay-type":"","overlay-color":"","overlay-opacity":"","overlay-gradient":""},"tablet":{"background-color":"","background-image":"","background-repeat":"repeat","background-position":"center center","background-size":"auto","background-attachment":"scroll","background-type":"","background-media":"","overlay-type":"","overlay-color":"","overlay-opacity":"","overlay-gradient":""},"mobile":{"background-color":"","background-image":"","background-repeat":"repeat","background-position":"center center","background-size":"auto","background-attachment":"scroll","background-type":"","background-media":"","overlay-type":"","overlay-color":"","overlay-opacity":"","overlay-gradient":""}},"ast-content-background-meta":{"desktop":{"background-color":"var(--ast-global-color-5)","background-image":"","background-repeat":"repeat","background-position":"center center","background-size":"auto","background-attachment":"scroll","background-type":"","background-media":"","overlay-type":"","overlay-color":"","overlay-opacity":"","overlay-gradient":""},"tablet":{"background-color":"var(--ast-global-color-5)","background-image":"","background-repeat":"repeat","background-position":"center center","background-size":"auto","background-attachment":"scroll","background-type":"","background-media":"","overlay-type":"","overlay-color":"","overlay-opacity":"","overlay-gradient":""},"mobile":{"background-color":"var(--ast-global-color-5)","background-image":"","background-repeat":"repeat","background-position":"center center","background-size":"auto","background-attachment":"scroll","background-type":"","background-media":"","overlay-type":"","overlay-color":"","overlay-opacity":"","overlay-gradient":""}},"footnotes":""},"categories":[126],"tags":[],"class_list":["post-5532","post","type-post","status-publish","format-standard","has-post-thumbnail","hentry","category-policial"],"_links":{"self":[{"href":"https:\/\/jornalregionalms.com.br\/index.php?rest_route=\/wp\/v2\/posts\/5532","targetHints":{"allow":["GET"]}}],"collection":[{"href":"https:\/\/jornalregionalms.com.br\/index.php?rest_route=\/wp\/v2\/posts"}],"about":[{"href":"https:\/\/jornalregionalms.com.br\/index.php?rest_route=\/wp\/v2\/types\/post"}],"author":[{"embeddable":true,"href":"https:\/\/jornalregionalms.com.br\/index.php?rest_route=\/wp\/v2\/users\/25"}],"replies":[{"embeddable":true,"href":"https:\/\/jornalregionalms.com.br\/index.php?rest_route=%2Fwp%2Fv2%2Fcomments&post=5532"}],"version-history":[{"count":0,"href":"https:\/\/jornalregionalms.com.br\/index.php?rest_route=\/wp\/v2\/posts\/5532\/revisions"}],"wp:featuredmedia":[{"embeddable":true,"href":"https:\/\/jornalregionalms.com.br\/index.php?rest_route=\/wp\/v2\/media\/5533"}],"wp:attachment":[{"href":"https:\/\/jornalregionalms.com.br\/index.php?rest_route=%2Fwp%2Fv2%2Fmedia&parent=5532"}],"wp:term":[{"taxonomy":"category","embeddable":true,"href":"https:\/\/jornalregionalms.com.br\/index.php?rest_route=%2Fwp%2Fv2%2Fcategories&post=5532"},{"taxonomy":"post_tag","embeddable":true,"href":"https:\/\/jornalregionalms.com.br\/index.php?rest_route=%2Fwp%2Fv2%2Ftags&post=5532"}],"curies":[{"name":"wp","href":"https:\/\/api.w.org\/{rel}","templated":true}]}}