{"id":5526,"date":"2025-10-07T14:31:06","date_gmt":"2025-10-07T18:31:06","guid":{"rendered":"https:\/\/jornalregionalms.com.br\/?p=5526"},"modified":"2025-10-07T14:31:06","modified_gmt":"2025-10-07T18:31:06","slug":"cirio-de-nazare-2025-tem-abertura-oficial-nesta-terca","status":"publish","type":"post","link":"https:\/\/jornalregionalms.com.br\/?p=5526","title":{"rendered":"C\u00edrio de Nazar\u00e9 2025 tem abertura oficial nesta ter\u00e7a"},"content":{"rendered":"<p>F\u00e9, m\u00fasica e homenagens marcam o in\u00edcio da edi\u00e7\u00e3o do C\u00edrio de Nazar\u00e9 2025, a maior manifesta\u00e7\u00e3o religiosa do Par\u00e1. A abertura oficial acontece nesta ter\u00e7a-feira (7), com a missa \u00e0s 18h na Bas\u00edlica Santu\u00e1rio.\u00a0<img decoding=\"async\" src=\"https:\/\/agenciabrasil.ebc.com.br\/ebc.png?id=1661710&#038;o=rss\"><img decoding=\"async\" src=\"https:\/\/agenciabrasil.ebc.com.br\/ebc.gif?id=1661710&#038;o=rss\"><\/p>\n<p>Presidida por Dom J\u00falio Akamine, \u00e0s 19h ocorre a tradicional ilumina\u00e7\u00e3o da fachada da igreja, que marca o in\u00edcio da festividade. Logo ap\u00f3s, a Pra\u00e7a Santu\u00e1rio recebe o espet\u00e1culo Bendito Encontro, com artistas cat\u00f3licos como Padre Cavalcante, Felipe Alc\u00e2ntara e Walmir Alencar, em homenagem \u00e0 padroeira.<\/p>\n<p>O evento tamb\u00e9m promove solidariedade, com arrecada\u00e7\u00e3o de alimentos e materiais de limpeza para o Hospital Ophir Loyola, em apoio ao Outubro Rosa.<\/p>\n<p>Na Casa de Pl\u00e1cido, acontece a premia\u00e7\u00e3o do Concurso de Reda\u00e7\u00e3o do C\u00edrio. A programa\u00e7\u00e3o segue at\u00e9 o segundo domingo de outubro e re\u00fane milhares de devotos em celebra\u00e7\u00e3o \u00e0 f\u00e9 e \u00e0 cultura paraense.<\/p>\n<p>\u00a0<\/p>\n<p>  <span class=\"hms hms-format-m-ss\">1:06<\/span><\/p>\n","protected":false},"excerpt":{"rendered":"<p>F\u00e9, m\u00fasica e homenagens marcam o in\u00edcio da edi\u00e7\u00e3o do C\u00edrio de Nazar\u00e9 2025, a maior manifesta\u00e7\u00e3o religiosa do Par\u00e1. A abertura oficial acontece nesta ter\u00e7a-feira (7), com a missa \u00e0s 18h na Bas\u00edlica Santu\u00e1rio.\u00a0 Presidida por Dom J\u00falio Akamine, \u00e0s 19h ocorre a tradicional ilumina\u00e7\u00e3o da fachada da igreja, que marca o in\u00edcio da [&hellip;]<\/p>\n","protected":false},"author":160,"featured_media":5527,"comment_status":"open","ping_status":"open","sticky":false,"template":"","format":"standard","meta":{"site-sidebar-layout":"default","site-content-layout":"","ast-site-content-layout":"","site-content-style":"default","site-sidebar-style":"default","ast-global-header-display":"","ast-banner-title-visibility":"","ast-main-header-display":"","ast-hfb-above-header-display":"","ast-hfb-below-header-display":"","ast-hfb-mobile-header-display":"","site-post-title":"","ast-breadcrumbs-content":"","ast-featured-img":"","footer-sml-layout":"","theme-transparent-header-meta":"","adv-header-id-meta":"","stick-header-meta":"","header-above-stick-meta":"","header-main-stick-meta":"","header-below-stick-meta":"","astra-migrate-meta-layouts":"default","ast-page-background-enabled":"default","ast-page-background-meta":{"desktop":{"background-color":"var(--ast-global-color-4)","background-image":"","background-repeat":"repeat","background-position":"center center","background-size":"auto","background-attachment":"scroll","background-type":"","background-media":"","overlay-type":"","overlay-color":"","overlay-opacity":"","overlay-gradient":""},"tablet":{"background-color":"","background-image":"","background-repeat":"repeat","background-position":"center center","background-size":"auto","background-attachment":"scroll","background-type":"","background-media":"","overlay-type":"","overlay-color":"","overlay-opacity":"","overlay-gradient":""},"mobile":{"background-color":"","background-image":"","background-repeat":"repeat","background-position":"center center","background-size":"auto","background-attachment":"scroll","background-type":"","background-media":"","overlay-type":"","overlay-color":"","overlay-opacity":"","overlay-gradient":""}},"ast-content-background-meta":{"desktop":{"background-color":"var(--ast-global-color-5)","background-image":"","background-repeat":"repeat","background-position":"center center","background-size":"auto","background-attachment":"scroll","background-type":"","background-media":"","overlay-type":"","overlay-color":"","overlay-opacity":"","overlay-gradient":""},"tablet":{"background-color":"var(--ast-global-color-5)","background-image":"","background-repeat":"repeat","background-position":"center center","background-size":"auto","background-attachment":"scroll","background-type":"","background-media":"","overlay-type":"","overlay-color":"","overlay-opacity":"","overlay-gradient":""},"mobile":{"background-color":"var(--ast-global-color-5)","background-image":"","background-repeat":"repeat","background-position":"center center","background-size":"auto","background-attachment":"scroll","background-type":"","background-media":"","overlay-type":"","overlay-color":"","overlay-opacity":"","overlay-gradient":""}},"footnotes":""},"categories":[1],"tags":[],"class_list":["post-5526","post","type-post","status-publish","format-standard","has-post-thumbnail","hentry","category-sem-categoria"],"_links":{"self":[{"href":"https:\/\/jornalregionalms.com.br\/index.php?rest_route=\/wp\/v2\/posts\/5526","targetHints":{"allow":["GET"]}}],"collection":[{"href":"https:\/\/jornalregionalms.com.br\/index.php?rest_route=\/wp\/v2\/posts"}],"about":[{"href":"https:\/\/jornalregionalms.com.br\/index.php?rest_route=\/wp\/v2\/types\/post"}],"author":[{"embeddable":true,"href":"https:\/\/jornalregionalms.com.br\/index.php?rest_route=\/wp\/v2\/users\/160"}],"replies":[{"embeddable":true,"href":"https:\/\/jornalregionalms.com.br\/index.php?rest_route=%2Fwp%2Fv2%2Fcomments&post=5526"}],"version-history":[{"count":0,"href":"https:\/\/jornalregionalms.com.br\/index.php?rest_route=\/wp\/v2\/posts\/5526\/revisions"}],"wp:featuredmedia":[{"embeddable":true,"href":"https:\/\/jornalregionalms.com.br\/index.php?rest_route=\/wp\/v2\/media\/5527"}],"wp:attachment":[{"href":"https:\/\/jornalregionalms.com.br\/index.php?rest_route=%2Fwp%2Fv2%2Fmedia&parent=5526"}],"wp:term":[{"taxonomy":"category","embeddable":true,"href":"https:\/\/jornalregionalms.com.br\/index.php?rest_route=%2Fwp%2Fv2%2Fcategories&post=5526"},{"taxonomy":"post_tag","embeddable":true,"href":"https:\/\/jornalregionalms.com.br\/index.php?rest_route=%2Fwp%2Fv2%2Ftags&post=5526"}],"curies":[{"name":"wp","href":"https:\/\/api.w.org\/{rel}","templated":true}]}}