{"id":5470,"date":"2025-10-06T13:30:05","date_gmt":"2025-10-06T17:30:05","guid":{"rendered":"https:\/\/jornalregionalms.com.br\/?p=5470"},"modified":"2025-10-06T13:30:05","modified_gmt":"2025-10-06T17:30:05","slug":"pejotizacao-pode-levar-ao-fim-da-previdencia-alerta-secretario","status":"publish","type":"post","link":"https:\/\/jornalregionalms.com.br\/?p=5470","title":{"rendered":"Pejotiza\u00e7\u00e3o pode levar ao fim da Previd\u00eancia, alerta secret\u00e1rio"},"content":{"rendered":"<\/p>\n<p><a class=\"\" href=\"https:\/\/agenciabrasil.ebc.com.br\/justica\/noticia\/2025-10\/pejotizacao-pode-levar-ao-fim-da-previdencia-alerta-secretario\"><br \/>\n                    <img decoding=\"async\" src=\"https:\/\/cdn.jsdelivr.net\/gh\/sergiosdlima\/assets-ebc@1.0.0\/abr\/assets\/images\/logo-agenciabrasil.svg\" alt=\"Logo Ag\u00eancia Brasil\"><br \/>\n\t\t\t\t<\/a><\/p>\n<p>Representantes do Minist\u00e9rio da Previd\u00eancia alertaram, nesta segunda-feira (6), que o avan\u00e7o da chamada pejotiza\u00e7\u00e3o, que \u00e9 a contrata\u00e7\u00e3o de trabalhadores como Pessoa Jur\u00eddica (PJ), ou seja, como uma empresa, levaria ao fim do modelo de previd\u00eancia social como conhecemos no Brasil.<img decoding=\"async\" src=\"https:\/\/agenciabrasil.ebc.com.br\/ebc.png?id=1661518&#038;o=rss\"><img decoding=\"async\" src=\"https:\/\/agenciabrasil.ebc.com.br\/ebc.gif?id=1661518&#038;o=rss\"><\/p>\n<p><strong>\u201cA pejotiza\u00e7\u00e3o \u00e9 muito mais do que uma reforma da Previd\u00eancia. \u00c9 o fim do modelo de Previd\u00eancia Social do Brasil\u201d, afirmou o secret\u00e1rio-executivo do Minist\u00e9rio da Previd\u00eancia Social, Adroaldo da Cunha, em audi\u00eancia p\u00fablica no Supremo Tribunal Federal (STF).<\/strong><\/p>\n<\/p>\n<h3>Not\u00edcias relacionadas:<\/h3>\n<ul>\n<li><a href=\"https:\/\/agenciabrasil.ebc.com.br\/justica\/noticia\/2025-10\/pejotizacao-do-trabalhador-corroi-pacto-social-no-brasil-diz-messias\">Pejotiza\u00e7\u00e3o do trabalhador corr\u00f3i pacto social no Brasil, diz Messias.<\/a><\/li>\n<li><a href=\"https:\/\/agenciabrasil.ebc.com.br\/justica\/noticia\/2025-08\/acao-no-stf-sobre-pejotizacao-nao-abrange-trabalhadores-de-aplicativos\">A\u00e7\u00e3o no STF sobre pejotiza\u00e7\u00e3o n\u00e3o abrange trabalhadores de aplicativos.<\/a><\/li>\n<li><a href=\"https:\/\/agenciabrasil.ebc.com.br\/geral\/noticia\/2025-07\/especialistas-mostram-pejotizacao-como-fraude-que-precariza-jornalismo\">Especialistas mostram pejotiza\u00e7\u00e3o como fraude que precariza jornalismo.<\/a><\/li>\n<\/ul>\n<p><a href=\"https:\/\/agenciabrasil.ebc.com.br\/justica\/noticia\/2025-10\/audiencia-publica-no-stf-debate-pejotizacao-nas-relacoes-de-trabalho\" target=\"_blank\">Convocada pelo ministro Gilmar Mendes<\/a>, o relator da a\u00e7\u00e3o que suspendeu todos os processos sobre suposta fraude contratual de trabalhadores via PJ, a <a href=\"https:\/\/agenciabrasil.ebc.com.br\/justica\/noticia\/2025-10\/pejotizacao-do-trabalhador-corroi-pacto-social-no-brasil-diz-messias\" target=\"_blank\">audi\u00eancia p\u00fablica recebe 78 pessoas<\/a>, entre representantes do governo, da sociedade civil, do setor empresarial, de sindicatos, entre outros.\u00a0\u00a0<\/p>\n<p><strong>\u201c[A pejotiza\u00e7\u00e3o] vai jogar quem est\u00e1 na CLT para fora dela. O que restar\u00e1 \u00e0 sociedade e ao Estado s\u00e3o dois caminhos. Ou o Estado ampliar\u00e1 enormemente suas despesas com previd\u00eancia nos pr\u00f3ximos anos e d\u00e9cadas, ou, o que \u00e9 bem mais prov\u00e1vel que aconte\u00e7a, novas propostas de reforma da Previd\u00eancia trar\u00e3o cortes gigantescos nessa prote\u00e7\u00e3o social\u201d, disse.<\/strong><\/p>\n<p><a href=\"https:\/\/www.whatsapp.com\/channel\/0029VaoRTgrInlqYLSk59B2M\" target=\"_blank\">>> Siga o canal da <strong>Ag\u00eancia Brasil <\/strong>no WhatsApp<\/a><\/p>\n<p>Adroaldo alertou que 73% da Previd\u00eancia \u00e9 financiada pela folha de pagamento dos empregados contratados via CLT e que a substitui\u00e7\u00e3o de 10% desses trabalhadores para um regime de PJ traria uma perda anual de aproximadamente R$ 47 bilh\u00f5es.<\/p>\n<p>A chamada pejotiza\u00e7\u00e3o vem substituindo os contratos de trabalho via carteira de trabalho [CLT], levando a uma redu\u00e7\u00e3o das obriga\u00e7\u00f5es trabalhistas por parte das empresas, que n\u00e3o precisam pagar a previd\u00eancia e o FGTS, por exemplo, causando perdas bilion\u00e1rias ao INSS. <strong>A pr\u00e1tica costuma ser interpretada pela Justi\u00e7a do Trabalho como fraude.<\/strong><\/p>\n<p>O diretor do Departamento de Regime Geral da Previd\u00eancia Social do INSS, Eduardo da Silva Pereira, citou o envelhecimento da popula\u00e7\u00e3o como um fator que agrava o financiamento da Previd\u00eancia. Para ele, o aumento da pejotiza\u00e7\u00e3o agravar\u00e1 a situa\u00e7\u00e3o.\u00a0\u00a0<\/p>\n<blockquote>\n<p>\u201cN\u00f3s j\u00e1 temos uma acentuada necessidade de financiamento e isso s\u00f3 agravaria o processo. O processo de pejotiza\u00e7\u00e3o desfaz o pacto social constru\u00eddo em torno da Previd\u00eancia, em que n\u00f3s temos um financiamento tripartite, empregadores, trabalhadores e governo financiando a Previd\u00eancia. O processo de pejotiza\u00e7\u00e3o tira o empregador desse processo. Quem vai financiar \u00e9 s\u00f3 o governo e o empregado\u201d, pontuou.<\/p>\n<\/blockquote>\n<h2>Nova arquitetura<\/h2>\n<p><strong>Especialistas ouvidos na audi\u00eancia p\u00fablica do STF nesta segunda-feira, afirmaram que para evitar a perda de arrecada\u00e7\u00e3o da Previd\u00eancia Social, seria preciso elaborar um novo modelo de financiamento.<\/strong><\/p>\n<p>O economista Felipe Salto, ex-secret\u00e1rio da Fazenda do governo de S\u00e3o Paulo, entende que a pejotiza\u00e7\u00e3o \u00e9 um caminho sem volta e que n\u00e3o deve se alterar.\u00a0\u00a0<\/p>\n<blockquote>\n<p>\u201cAs novas rela\u00e7\u00f5es do mercado de trabalho, a incorpora\u00e7\u00e3o de novas tecnologias, a moderniza\u00e7\u00e3o, elas s\u00e3o irrevers\u00edveis. N\u00f3s n\u00e3o vamos mais conseguir voltar atr\u00e1s e imaginar um mundo ideal em que todos estejam simplesmente contratados pela CLT\u201d, disse.<\/p>\n<\/blockquote>\n<p><strong>Para Salto, ser\u00e1 preciso pensar em novas formas de arrecada\u00e7\u00e3o para sustentar as pol\u00edticas p\u00fablicas, sobretudo a Previd\u00eancia Social.<\/strong><\/p>\n<p>\u201c[Uma sugest\u00e3o \u00e9] a introdu\u00e7\u00e3o de uma progressividade na tributa\u00e7\u00e3o das pessoas jur\u00eddicas, sobretudo as chamadas uniprofissionais. Uma consolida\u00e7\u00e3o dos regimes que hoje n\u00f3s temos, do MEI, do Simples, das uniprofissionais e da CLT, em benef\u00edcio do financiamento do Estado\u201d, ponderou o especialista.<\/p>\n","protected":false},"excerpt":{"rendered":"<p>Representantes do Minist\u00e9rio da Previd\u00eancia alertaram, nesta segunda-feira (6), que o avan\u00e7o da chamada pejotiza\u00e7\u00e3o, que \u00e9 a contrata\u00e7\u00e3o de trabalhadores como Pessoa Jur\u00eddica (PJ), ou seja, como uma empresa, levaria ao fim do modelo de previd\u00eancia social como conhecemos no Brasil. \u201cA pejotiza\u00e7\u00e3o \u00e9 muito mais do que uma reforma da Previd\u00eancia. \u00c9 o [&hellip;]<\/p>\n","protected":false},"author":29,"featured_media":5471,"comment_status":"open","ping_status":"open","sticky":false,"template":"","format":"standard","meta":{"site-sidebar-layout":"default","site-content-layout":"","ast-site-content-layout":"","site-content-style":"default","site-sidebar-style":"default","ast-global-header-display":"","ast-banner-title-visibility":"","ast-main-header-display":"","ast-hfb-above-header-display":"","ast-hfb-below-header-display":"","ast-hfb-mobile-header-display":"","site-post-title":"","ast-breadcrumbs-content":"","ast-featured-img":"","footer-sml-layout":"","theme-transparent-header-meta":"","adv-header-id-meta":"","stick-header-meta":"","header-above-stick-meta":"","header-main-stick-meta":"","header-below-stick-meta":"","astra-migrate-meta-layouts":"default","ast-page-background-enabled":"default","ast-page-background-meta":{"desktop":{"background-color":"var(--ast-global-color-4)","background-image":"","background-repeat":"repeat","background-position":"center center","background-size":"auto","background-attachment":"scroll","background-type":"","background-media":"","overlay-type":"","overlay-color":"","overlay-opacity":"","overlay-gradient":""},"tablet":{"background-color":"","background-image":"","background-repeat":"repeat","background-position":"center center","background-size":"auto","background-attachment":"scroll","background-type":"","background-media":"","overlay-type":"","overlay-color":"","overlay-opacity":"","overlay-gradient":""},"mobile":{"background-color":"","background-image":"","background-repeat":"repeat","background-position":"center center","background-size":"auto","background-attachment":"scroll","background-type":"","background-media":"","overlay-type":"","overlay-color":"","overlay-opacity":"","overlay-gradient":""}},"ast-content-background-meta":{"desktop":{"background-color":"var(--ast-global-color-5)","background-image":"","background-repeat":"repeat","background-position":"center center","background-size":"auto","background-attachment":"scroll","background-type":"","background-media":"","overlay-type":"","overlay-color":"","overlay-opacity":"","overlay-gradient":""},"tablet":{"background-color":"var(--ast-global-color-5)","background-image":"","background-repeat":"repeat","background-position":"center center","background-size":"auto","background-attachment":"scroll","background-type":"","background-media":"","overlay-type":"","overlay-color":"","overlay-opacity":"","overlay-gradient":""},"mobile":{"background-color":"var(--ast-global-color-5)","background-image":"","background-repeat":"repeat","background-position":"center center","background-size":"auto","background-attachment":"scroll","background-type":"","background-media":"","overlay-type":"","overlay-color":"","overlay-opacity":"","overlay-gradient":""}},"footnotes":""},"categories":[1],"tags":[],"class_list":["post-5470","post","type-post","status-publish","format-standard","has-post-thumbnail","hentry","category-sem-categoria"],"_links":{"self":[{"href":"https:\/\/jornalregionalms.com.br\/index.php?rest_route=\/wp\/v2\/posts\/5470","targetHints":{"allow":["GET"]}}],"collection":[{"href":"https:\/\/jornalregionalms.com.br\/index.php?rest_route=\/wp\/v2\/posts"}],"about":[{"href":"https:\/\/jornalregionalms.com.br\/index.php?rest_route=\/wp\/v2\/types\/post"}],"author":[{"embeddable":true,"href":"https:\/\/jornalregionalms.com.br\/index.php?rest_route=\/wp\/v2\/users\/29"}],"replies":[{"embeddable":true,"href":"https:\/\/jornalregionalms.com.br\/index.php?rest_route=%2Fwp%2Fv2%2Fcomments&post=5470"}],"version-history":[{"count":0,"href":"https:\/\/jornalregionalms.com.br\/index.php?rest_route=\/wp\/v2\/posts\/5470\/revisions"}],"wp:featuredmedia":[{"embeddable":true,"href":"https:\/\/jornalregionalms.com.br\/index.php?rest_route=\/wp\/v2\/media\/5471"}],"wp:attachment":[{"href":"https:\/\/jornalregionalms.com.br\/index.php?rest_route=%2Fwp%2Fv2%2Fmedia&parent=5470"}],"wp:term":[{"taxonomy":"category","embeddable":true,"href":"https:\/\/jornalregionalms.com.br\/index.php?rest_route=%2Fwp%2Fv2%2Fcategories&post=5470"},{"taxonomy":"post_tag","embeddable":true,"href":"https:\/\/jornalregionalms.com.br\/index.php?rest_route=%2Fwp%2Fv2%2Ftags&post=5470"}],"curies":[{"name":"wp","href":"https:\/\/api.w.org\/{rel}","templated":true}]}}